{"id":5734,"date":"2026-03-03T09:53:31","date_gmt":"2026-03-03T08:53:31","guid":{"rendered":"https:\/\/agora.xtec.cat\/ins-intermunicipal\/?p=5734"},"modified":"2026-03-03T09:53:31","modified_gmt":"2026-03-03T08:53:31","slug":"motius-per-a-la-cancellacio-de-les-portes-obertes","status":"publish","type":"post","link":"https:\/\/agora.xtec.cat\/ins-intermunicipal\/general\/motius-per-a-la-cancellacio-de-les-portes-obertes\/","title":{"rendered":"Motius per a la cancel\u00b7laci\u00f3 de les Portes obertes"},"content":{"rendered":"<p class=\"gmail_default\">Hem <u><b>cancel\u00b7lat de les portes obertes d&#8217;avui 3 de mar\u00e7<\/b><\/u>, arrel de la vaga docent de l&#8217;11 de febrer. Compartim aquestes reivindicacions perqu\u00e8 totes apunten al mateix objectiu: una escola amb m\u00e9s recursos i professors que puguin dedicar-se plenament als vostres fills. Us animem a llegir-les, perqu\u00e8 aquesta \u00e9s tamb\u00e9 la vostra lluita. En relaci\u00f3 a l&#8217;alumnat amb NEE que acaba matriculat al nostre centre, sempre fem alguna visita individualitzada abans de comen\u00e7ar el curs, aix\u00ed que podeu estar tranquils.<\/p>\n<p class=\"gmail_default\">Les nostres reivindicacions son les seg\u00fcents:<\/p>\n<p class=\"gmail_default\"><b>Salaris baixos = dificultats per cobrir places docents<br \/>\n<\/b>Els docents catalans de secund\u00e0ria s\u00f3n els segons pitjors pagats de tot l&#8217;Estat, malgrat viure en una de les regions amb el cost de vida m\u00e9s alt. Aix\u00f2 fa que cada vegada sigui m\u00e9s dif\u00edcil trobar professionals disposats a incorporar-se a la borsa de substituts. Al nostre institut portem 2-3 setmanes esperant un professor de Tecnologia, i des de Nadal, arreu del Pened\u00e8s, hi ha moltes substitucions sense cobrir de Matem\u00e0tiques, Franc\u00e8s, F\u00edsica i Qu\u00edmica, Cultura Cl\u00e0ssica i Orientaci\u00f3. Millorar les condicions laborals \u00e9s la millor manera d&#8217;assegurar que els vostres fills sempre tinguin professors que els acompanyin.<\/p>\n<p><b>Massa alumnes per aula<br \/>\n<\/b>A Catalunya no s&#8217;ha aplicat la reducci\u00f3 de r\u00e0tios aprovada pel Govern de l&#8217;Estat, i la normativa permet arribar fins a 30-31 alumnes per aula. Amb grups tan nombrosos, \u00e9s molt dif\u00edcil atendre cada alumne amb la dedicaci\u00f3 que mereix.<\/p>\n<p><b>L&#8217;escola inclusiva necessita m\u00e9s recursos<br \/>\n<\/b>Entre el 20 i el 30% dels alumnes tenen alguna necessitat educativa espec\u00edfica, per\u00f2 sovint hi ha un sol professor per aula, sense prou professionals de suport. La Llei Catalana d&#8217;Educaci\u00f3 12\/2009 obliga a destinar el 6% del PIB a educaci\u00f3, per\u00f2 l&#8217;administraci\u00f3 no la compleix. Si es fes efectiva, tindr\u00edem els mitjans per construir l&#8217;escola que els nostres fills mereixen.<\/p>\n<p><b>Menys paperassa, m\u00e9s temps per als alumnes<br \/>\n<\/b>Reduir la c\u00e0rrega administrativa permetria als professors dedicar m\u00e9s temps a all\u00f2 que de veritat importa: preparar bones classes i atendre els vostres fills.<\/p>\n<p><b>Millors condicions per al personal de suport (PAE)<br \/>\n<\/b>Els professionals que acompanyen els alumnes amb necessitats especials treballen sovint en condicions prec\u00e0ries, amb molta rotaci\u00f3. Estabilitzar aquests equips \u00e9s fonamental per garantir una atenci\u00f3 de qualitat als qui m\u00e9s ho necessiten.<\/p>\n<p>Lamentem les mol\u00e8sties que us pugui ocasionar la cancel\u00b7laci\u00f3 de les portes obertes, i us agra\u00efm la comprensi\u00f3. Desconeixem si les negociacions amb el Departament d&#8217;Educaci\u00f3 ens permetran revertir la situaci\u00f3, esperem que s\u00ed. De tota manera, trobareu a la web tota la informaci\u00f3 que us calgui per a con\u00e8ixer el nostre institut.<\/p>\n<p class=\"gmail_default\">Us animem a fer-nos costat i a pressionar junts l&#8217;administraci\u00f3 perqu\u00e8 compleixi la llei.<br \/>\n<b>Perqu\u00e8 una escola millor \u00e9s possible, i s&#8217;ho mereixen<\/b>.<\/p>\n<p><a href=\"https:\/\/agora.xtec.cat\/ins-intermunicipal\/wp-content\/uploads\/usu2220\/2026\/03\/Reivindicacions-docents-i-families-1-1.png\"><img loading=\"lazy\" decoding=\"async\" class=\"alignnone size-full wp-image-5736\" src=\"https:\/\/agora.xtec.cat\/ins-intermunicipal\/wp-content\/uploads\/usu2220\/2026\/03\/Reivindicacions-docents-i-families-1-1.png\" alt=\"\" width=\"572\" height=\"1024\" srcset=\"https:\/\/agora.xtec.cat\/ins-intermunicipal\/wp-content\/uploads\/usu2220\/2026\/03\/Reivindicacions-docents-i-families-1-1.png 572w, https:\/\/agora.xtec.cat\/ins-intermunicipal\/wp-content\/uploads\/usu2220\/2026\/03\/Reivindicacions-docents-i-families-1-1-168x300.png 168w\" sizes=\"auto, (max-width: 572px) 100vw, 572px\" \/><\/a><\/p>\n","protected":false},"excerpt":{"rendered":"<p>Hem cancel\u00b7lat de les portes obertes d&#8217;avui 3 de mar\u00e7, arrel de la vaga docent de l&#8217;11 de febrer. Compartim aquestes reivindicacions perqu\u00e8 totes apunten al mateix objectiu: una escola amb m\u00e9s recursos i professors que puguin dedicar-se plenament als vostres fills. Us animem a&hellip;  <a href=\"https:\/\/agora.xtec.cat\/ins-intermunicipal\/general\/motius-per-a-la-cancellacio-de-les-portes-obertes\/\" title=\"Read Motius per a la cancel\u00b7laci\u00f3 de les Portes obertes\">Llegeix m\u00e9s\u00bb<\/a><\/p>\n","protected":false},"author":11,"featured_media":5736,"comment_status":"closed","ping_status":"open","sticky":false,"template":"","format":"standard","meta":{"_bbp_topic_count":0,"_bbp_reply_count":0,"_bbp_total_topic_count":0,"_bbp_total_reply_count":0,"_bbp_voice_count":0,"_bbp_anonymous_reply_count":0,"_bbp_topic_count_hidden":0,"_bbp_reply_count_hidden":0,"_bbp_forum_subforum_count":0,"footnotes":""},"categories":[1,29],"tags":[],"class_list":["post-5734","post","type-post","status-publish","format-standard","has-post-thumbnail","hentry","category-general","category-portada"],"post_mailing_queue_ids":[],"_links":{"self":[{"href":"https:\/\/agora.xtec.cat\/ins-intermunicipal\/wp-json\/wp\/v2\/posts\/5734","targetHints":{"allow":["GET"]}}],"collection":[{"href":"https:\/\/agora.xtec.cat\/ins-intermunicipal\/wp-json\/wp\/v2\/posts"}],"about":[{"href":"https:\/\/agora.xtec.cat\/ins-intermunicipal\/wp-json\/wp\/v2\/types\/post"}],"author":[{"embeddable":true,"href":"https:\/\/agora.xtec.cat\/ins-intermunicipal\/wp-json\/wp\/v2\/users\/11"}],"replies":[{"embeddable":true,"href":"https:\/\/agora.xtec.cat\/ins-intermunicipal\/wp-json\/wp\/v2\/comments?post=5734"}],"version-history":[{"count":2,"href":"https:\/\/agora.xtec.cat\/ins-intermunicipal\/wp-json\/wp\/v2\/posts\/5734\/revisions"}],"predecessor-version":[{"id":5737,"href":"https:\/\/agora.xtec.cat\/ins-intermunicipal\/wp-json\/wp\/v2\/posts\/5734\/revisions\/5737"}],"wp:featuredmedia":[{"embeddable":true,"href":"https:\/\/agora.xtec.cat\/ins-intermunicipal\/wp-json\/wp\/v2\/media\/5736"}],"wp:attachment":[{"href":"https:\/\/agora.xtec.cat\/ins-intermunicipal\/wp-json\/wp\/v2\/media?parent=5734"}],"wp:term":[{"taxonomy":"category","embeddable":true,"href":"https:\/\/agora.xtec.cat\/ins-intermunicipal\/wp-json\/wp\/v2\/categories?post=5734"},{"taxonomy":"post_tag","embeddable":true,"href":"https:\/\/agora.xtec.cat\/ins-intermunicipal\/wp-json\/wp\/v2\/tags?post=5734"}],"curies":[{"name":"wp","href":"https:\/\/api.w.org\/{rel}","templated":true}]}}