{"id":5729,"date":"2026-02-27T19:53:18","date_gmt":"2026-02-27T18:53:18","guid":{"rendered":"https:\/\/agora.xtec.cat\/ins-intermunicipal\/?p=5729"},"modified":"2026-02-27T19:53:18","modified_gmt":"2026-02-27T18:53:18","slug":"ofertes-de-feina-a-lalt-penedes-27-de-febrer-2","status":"publish","type":"post","link":"https:\/\/agora.xtec.cat\/ins-intermunicipal\/formacio-professional\/feina-fp\/ofertes-de-feina-a-lalt-penedes-27-de-febrer-2\/","title":{"rendered":"Ofertes de feina a l&#8217;Alt Pened\u00e8s. 27 de febrer"},"content":{"rendered":"<p>Compartim amb vosaltres\u00a0<a href=\"https:\/\/drive.google.com\/file\/d\/1DnsBe3h5Iv58FTbJnjYRVr8lIZJjTSiE\/view?usp=sharing\">les ofertes de feina actualitzades<\/a> que l\u2019Oficina Municipal del Treball de Vilafranca del Pened\u00e8s ha publicat. Trobareu vacants vinculades als estudis que tenim a l\u2019Institut Intermunicipal del Pened\u00e8s. L\u2019oficina ens informa tamb\u00e9 <a href=\"https:\/\/drive.google.com\/file\/d\/1houBYrlrmAM8IgyHoLgUj0wv1ba-mxAR\/view?usp=drive_link\">com s\u2019ha de procedir<\/a>\u00a0per formalitzar les inscripcions.<\/p>\n<p>Tamb\u00e9 ens comunica els cursos o c\u00e0psules formatives que ofereixen al mes de <a href=\"https:\/\/drive.google.com\/file\/d\/168Mh9CmRJwWveXaDZLoI7Gf0fXT-xKRl\/view?usp=sharing\">mar\u00e7.<\/a><\/p>\n<p>Us deixem una petita explicaci\u00f3 del contingut de les c\u00e0psules, per si us interessa.<\/p>\n<p style=\"font-weight: 400;\">06\/03\/2026<\/p>\n<p style=\"font-weight: 400;\"><strong><u>PREGUNTES D\u2019ENTREVISTA: M\u00c8TODE STAR<\/u><\/strong><\/p>\n<p style=\"font-weight: 400;\">En els processos de selecci\u00f3, una de les coses que m\u00e9s preocupa a les persones candidates \u00e9s l\u2019entrevista de feina i el fet de no saber qu\u00e8 et preguntaran i com respondre. En aquesta sessi\u00f3 veurem quin tipus de q\u00fcestions acostumen a fer les empreses i com respondre amb \u00e8xit.<\/p>\n<p style=\"font-weight: 400;\">\n<p style=\"font-weight: 400;\">13\/03\/2026<\/p>\n<p style=\"font-weight: 400;\"><strong><u>OCUPACIONS DE PRESENT I FUTUR: MERCAT DE TREBALL<\/u><\/strong><\/p>\n<p style=\"font-weight: 400;\">Coneixerem com funciona el mercat de treball i quins s\u00f3n els perfils que generen m\u00e9s ocupaci\u00f3. Reflexionarem sobre les professions del futur i com encaixar-ho amb els perfils professionals m\u00e9s demandats a l\u2019actualitat en el nostre territori.<\/p>\n<p style=\"font-weight: 400;\"><u>\u00a0<\/u><\/p>\n<p style=\"font-weight: 400;\">20\/03\/2026<\/p>\n<p style=\"font-weight: 400;\"><strong><u>ON TROBAR OFERTES: BORSES DE FEINA<\/u><\/strong><\/p>\n<p style=\"font-weight: 400;\">Identificaci\u00f3 de quins s\u00f3n els canals de recerca de feina m\u00e9s habituals en quant a portals web, borses de treball i Xarxes Socials. Es treballar\u00e0 com realitzar correctament el registre i el funcionament de cada entorn.\u00a0 Per a dur a terme aquesta sessi\u00f3 es requereix un coneixement b\u00e0sic en TIC.<\/p>\n","protected":false},"excerpt":{"rendered":"<p>Compartim amb vosaltres\u00a0<a href=\"https:\/\/drive.google.com\/file\/d\/1DnsBe3h5Iv58FTbJnjYRVr8lIZJjTSiE\/view?usp=sharing\">les ofertes de feina actualitzades<\/a> que l\u2019Oficina Municipal del Treball de Vilafranca del Pened\u00e8s ha publicat. Trobareu vacants vinculades als estudis que tenim a l\u2019Institut Intermunicipal del Pened\u00e8s. L\u2019oficina ens informa tamb\u00e9 <a href=\"https:\/\/drive.google.com\/file\/d\/1houBYrlrmAM8IgyHoLgUj0wv1ba-mxAR\/view?usp=drive_link\">com s\u2019ha de procedir<\/a>\u00a0per formalitzar les inscripcions.<br \/>\nTamb\u00e9 ens comunica&hellip;  <a href=\"https:\/\/agora.xtec.cat\/ins-intermunicipal\/formacio-professional\/feina-fp\/ofertes-de-feina-a-lalt-penedes-27-de-febrer-2\/\" title=\"Read Ofertes de feina a l&#8217;Alt Pened\u00e8s. 27 de febrer\">Llegeix m\u00e9s\u00bb<\/a><\/p>\n","protected":false},"author":8,"featured_media":0,"comment_status":"closed","ping_status":"open","sticky":false,"template":"","format":"standard","meta":{"_bbp_topic_count":0,"_bbp_reply_count":0,"_bbp_total_topic_count":0,"_bbp_total_reply_count":0,"_bbp_voice_count":0,"_bbp_anonymous_reply_count":0,"_bbp_topic_count_hidden":0,"_bbp_reply_count_hidden":0,"_bbp_forum_subforum_count":0,"footnotes":""},"categories":[189],"tags":[183,776],"class_list":["post-5729","post","type-post","status-publish","format-standard","hentry","category-feina-fp","tag-fp","tag-ofertes-de-feina"],"post_mailing_queue_ids":[],"_links":{"self":[{"href":"https:\/\/agora.xtec.cat\/ins-intermunicipal\/wp-json\/wp\/v2\/posts\/5729","targetHints":{"allow":["GET"]}}],"collection":[{"href":"https:\/\/agora.xtec.cat\/ins-intermunicipal\/wp-json\/wp\/v2\/posts"}],"about":[{"href":"https:\/\/agora.xtec.cat\/ins-intermunicipal\/wp-json\/wp\/v2\/types\/post"}],"author":[{"embeddable":true,"href":"https:\/\/agora.xtec.cat\/ins-intermunicipal\/wp-json\/wp\/v2\/users\/8"}],"replies":[{"embeddable":true,"href":"https:\/\/agora.xtec.cat\/ins-intermunicipal\/wp-json\/wp\/v2\/comments?post=5729"}],"version-history":[{"count":1,"href":"https:\/\/agora.xtec.cat\/ins-intermunicipal\/wp-json\/wp\/v2\/posts\/5729\/revisions"}],"predecessor-version":[{"id":5730,"href":"https:\/\/agora.xtec.cat\/ins-intermunicipal\/wp-json\/wp\/v2\/posts\/5729\/revisions\/5730"}],"wp:attachment":[{"href":"https:\/\/agora.xtec.cat\/ins-intermunicipal\/wp-json\/wp\/v2\/media?parent=5729"}],"wp:term":[{"taxonomy":"category","embeddable":true,"href":"https:\/\/agora.xtec.cat\/ins-intermunicipal\/wp-json\/wp\/v2\/categories?post=5729"},{"taxonomy":"post_tag","embeddable":true,"href":"https:\/\/agora.xtec.cat\/ins-intermunicipal\/wp-json\/wp\/v2\/tags?post=5729"}],"curies":[{"name":"wp","href":"https:\/\/api.w.org\/{rel}","templated":true}]}}