{"id":5707,"date":"2026-02-26T10:39:11","date_gmt":"2026-02-26T09:39:11","guid":{"rendered":"https:\/\/agora.xtec.cat\/ins-intermunicipal\/?p=5707"},"modified":"2026-02-26T10:42:02","modified_gmt":"2026-02-26T09:42:02","slug":"visita-a-lespiga-per-coneixer-sistemes-alternatius-de-comunicacio","status":"publish","type":"post","link":"https:\/\/agora.xtec.cat\/ins-intermunicipal\/general\/visita-a-lespiga-per-coneixer-sistemes-alternatius-de-comunicacio\/","title":{"rendered":"Visita a l&#8217;Espiga per con\u00e8ixer sistemes alternatius de comunicaci\u00f3"},"content":{"rendered":"<p>L&#8217;alumnat de primer curs del CFPS d&#8217;integraci\u00f3 social es va despla\u00e7ar ahir a les instal\u00b7lacions de la Fundaci\u00f3 l&#8217;Espiga de Vilafranca per con\u00e8ixer els sistemes de comunicavi\u00f3 augmentativa i alternativa que aprenen i fan servir els usuaris amb dificultats en el seu desenvolupament i tamb\u00e9 l&#8217;equip d&#8217;educadores. L&#8217;alumnat del nostre centre treballa, durant el primer curs del cicle, els diferents sistemes de comunicaci\u00f3 a l&#8217;aula i sortides com les que es van fer ahir amplien i complementen la informaci\u00f3 que reben. La visita va servir, a m\u00e9s, per con\u00e8ixer les instal\u00b7lacions i els diferents serveis que t\u00e9 la Fundaci\u00f3, un dels indrets de la comarca que acull alumnes en pr\u00e0ctiques dels nostres cicles.<\/p>\n<p>L\u2019Associaci\u00f3 l\u2019Espiga Pened\u00e8s \u00e9s una entitat sense \u00e0nim de lucre, creada a partir de l&#8217;impuls d\u2019un grup de pares i mares de nens i nenes afectats de par\u00e0lisi cerebral de la comarca de l\u2019Alt Pened\u00e8s amb l\u2019objectiu de crear i promoure nous serveis per tal de millorar la qualitat de vida de les persones amb discapacitat. Aquest centre, que va comen\u00e7ar a funcionar a partir del 1983, va ser el motor dels actuals serveis de l\u2019Associaci\u00f3, constituida ja el 2013, i la Fundaci\u00f3. Actualment, l\u2019Associaci\u00f3 l\u2019Espiga Pened\u00e8s i la Fundaci\u00f3 l\u2019Espiga gestionen els diferents serveis assistencials, atenen un total de 123 persones (en els Serveis de Resid\u00e8ncies, Centre de Dia, Centre Ocupacional i Escola d\u2019Educaci\u00f3 Especial) i un total de 1275 fam\u00edlies ateses de manera ambulat\u00f2ria als CDIAP\u2019s.<\/p>\n<p>Volem agrair des d&#8217;aqu\u00ed la feina social que du\u00fc a terme la Fundaci\u00f3 i la bona acollida que any rera any ens ofereix per formar les nostres estudiants.<\/p>\n<p>Us deixem, algunes imatges de la visita.<\/p>\n<p><a href=\"https:\/\/agora.xtec.cat\/ins-intermunicipal\/general\/visita-a-lespiga-per-coneixer-sistemes-alternatius-de-comunicacio\/attachment\/whatsapp-image-2026-02-25-at-17-36-37\/\" rel=\"attachment wp-att-5710\"><img loading=\"lazy\" decoding=\"async\" class=\"alignnone size-large wp-image-5710\" src=\"https:\/\/agora.xtec.cat\/ins-intermunicipal\/wp-content\/uploads\/usu2220\/2026\/02\/WhatsApp-Image-2026-02-25-at-17.36.37-1024x768.jpeg\" alt=\"\" width=\"1024\" height=\"768\" srcset=\"https:\/\/agora.xtec.cat\/ins-intermunicipal\/wp-content\/uploads\/usu2220\/2026\/02\/WhatsApp-Image-2026-02-25-at-17.36.37-1024x768.jpeg 1024w, https:\/\/agora.xtec.cat\/ins-intermunicipal\/wp-content\/uploads\/usu2220\/2026\/02\/WhatsApp-Image-2026-02-25-at-17.36.37-300x225.jpeg 300w, https:\/\/agora.xtec.cat\/ins-intermunicipal\/wp-content\/uploads\/usu2220\/2026\/02\/WhatsApp-Image-2026-02-25-at-17.36.37-768x576.jpeg 768w, https:\/\/agora.xtec.cat\/ins-intermunicipal\/wp-content\/uploads\/usu2220\/2026\/02\/WhatsApp-Image-2026-02-25-at-17.36.37-1536x1152.jpeg 1536w, https:\/\/agora.xtec.cat\/ins-intermunicipal\/wp-content\/uploads\/usu2220\/2026\/02\/WhatsApp-Image-2026-02-25-at-17.36.37-200x150.jpeg 200w, https:\/\/agora.xtec.cat\/ins-intermunicipal\/wp-content\/uploads\/usu2220\/2026\/02\/WhatsApp-Image-2026-02-25-at-17.36.37.jpeg 1600w\" sizes=\"auto, (max-width: 1024px) 100vw, 1024px\" \/><\/a><\/p>\n<p><a href=\"https:\/\/agora.xtec.cat\/ins-intermunicipal\/general\/visita-a-lespiga-per-coneixer-sistemes-alternatius-de-comunicacio\/attachment\/whatsapp-image-2026-02-25-at-17-37-01\/\" rel=\"attachment wp-att-5708\"><img loading=\"lazy\" decoding=\"async\" class=\"alignnone size-large wp-image-5708\" src=\"https:\/\/agora.xtec.cat\/ins-intermunicipal\/wp-content\/uploads\/usu2220\/2026\/02\/WhatsApp-Image-2026-02-25-at-17.37.01-1024x768.jpeg\" alt=\"\" width=\"1024\" height=\"768\" srcset=\"https:\/\/agora.xtec.cat\/ins-intermunicipal\/wp-content\/uploads\/usu2220\/2026\/02\/WhatsApp-Image-2026-02-25-at-17.37.01-1024x768.jpeg 1024w, https:\/\/agora.xtec.cat\/ins-intermunicipal\/wp-content\/uploads\/usu2220\/2026\/02\/WhatsApp-Image-2026-02-25-at-17.37.01-300x225.jpeg 300w, https:\/\/agora.xtec.cat\/ins-intermunicipal\/wp-content\/uploads\/usu2220\/2026\/02\/WhatsApp-Image-2026-02-25-at-17.37.01-768x576.jpeg 768w, https:\/\/agora.xtec.cat\/ins-intermunicipal\/wp-content\/uploads\/usu2220\/2026\/02\/WhatsApp-Image-2026-02-25-at-17.37.01-1536x1152.jpeg 1536w, https:\/\/agora.xtec.cat\/ins-intermunicipal\/wp-content\/uploads\/usu2220\/2026\/02\/WhatsApp-Image-2026-02-25-at-17.37.01-200x150.jpeg 200w, https:\/\/agora.xtec.cat\/ins-intermunicipal\/wp-content\/uploads\/usu2220\/2026\/02\/WhatsApp-Image-2026-02-25-at-17.37.01.jpeg 1600w\" sizes=\"auto, (max-width: 1024px) 100vw, 1024px\" \/><\/a> <a href=\"https:\/\/agora.xtec.cat\/ins-intermunicipal\/general\/visita-a-lespiga-per-coneixer-sistemes-alternatius-de-comunicacio\/attachment\/whatsapp-image-2026-02-25-at-17-36-46\/\" rel=\"attachment wp-att-5709\"><img loading=\"lazy\" decoding=\"async\" class=\"alignnone size-large wp-image-5709\" src=\"https:\/\/agora.xtec.cat\/ins-intermunicipal\/wp-content\/uploads\/usu2220\/2026\/02\/WhatsApp-Image-2026-02-25-at-17.36.46-1024x768.jpeg\" alt=\"\" width=\"1024\" height=\"768\" srcset=\"https:\/\/agora.xtec.cat\/ins-intermunicipal\/wp-content\/uploads\/usu2220\/2026\/02\/WhatsApp-Image-2026-02-25-at-17.36.46-1024x768.jpeg 1024w, https:\/\/agora.xtec.cat\/ins-intermunicipal\/wp-content\/uploads\/usu2220\/2026\/02\/WhatsApp-Image-2026-02-25-at-17.36.46-300x225.jpeg 300w, https:\/\/agora.xtec.cat\/ins-intermunicipal\/wp-content\/uploads\/usu2220\/2026\/02\/WhatsApp-Image-2026-02-25-at-17.36.46-768x576.jpeg 768w, https:\/\/agora.xtec.cat\/ins-intermunicipal\/wp-content\/uploads\/usu2220\/2026\/02\/WhatsApp-Image-2026-02-25-at-17.36.46-1536x1152.jpeg 1536w, https:\/\/agora.xtec.cat\/ins-intermunicipal\/wp-content\/uploads\/usu2220\/2026\/02\/WhatsApp-Image-2026-02-25-at-17.36.46-200x150.jpeg 200w, https:\/\/agora.xtec.cat\/ins-intermunicipal\/wp-content\/uploads\/usu2220\/2026\/02\/WhatsApp-Image-2026-02-25-at-17.36.46.jpeg 1600w\" sizes=\"auto, (max-width: 1024px) 100vw, 1024px\" \/><\/a><\/p>\n","protected":false},"excerpt":{"rendered":"<p>L&#8217;alumnat de primer curs del CFPS d&#8217;integraci\u00f3 social es va despla\u00e7ar ahir a les instal\u00b7lacions de la Fundaci\u00f3 l&#8217;Espiga de Vilafranca per con\u00e8ixer els sistemes de comunicavi\u00f3 augmentativa i alternativa que aprenen i fan servir els usuaris amb dificultats en el seu desenvolupament i tamb\u00e9&hellip;  <a href=\"https:\/\/agora.xtec.cat\/ins-intermunicipal\/general\/visita-a-lespiga-per-coneixer-sistemes-alternatius-de-comunicacio\/\" title=\"Read Visita a l&#8217;Espiga per con\u00e8ixer sistemes alternatius de comunicaci\u00f3\">Llegeix m\u00e9s\u00bb<\/a><\/p>\n","protected":false},"author":8,"featured_media":5710,"comment_status":"closed","ping_status":"open","sticky":false,"template":"","format":"standard","meta":{"_bbp_topic_count":0,"_bbp_reply_count":0,"_bbp_total_topic_count":0,"_bbp_total_reply_count":0,"_bbp_voice_count":0,"_bbp_anonymous_reply_count":0,"_bbp_topic_count_hidden":0,"_bbp_reply_count_hidden":0,"_bbp_forum_subforum_count":0,"footnotes":""},"categories":[30,1,29],"tags":[263,774,183],"class_list":["post-5707","post","type-post","status-publish","format-standard","has-post-thumbnail","hentry","category-formacio-professional","category-general","category-portada","tag-cfgs-dintegracio-social","tag-espiga","tag-fp"],"post_mailing_queue_ids":[],"_links":{"self":[{"href":"https:\/\/agora.xtec.cat\/ins-intermunicipal\/wp-json\/wp\/v2\/posts\/5707","targetHints":{"allow":["GET"]}}],"collection":[{"href":"https:\/\/agora.xtec.cat\/ins-intermunicipal\/wp-json\/wp\/v2\/posts"}],"about":[{"href":"https:\/\/agora.xtec.cat\/ins-intermunicipal\/wp-json\/wp\/v2\/types\/post"}],"author":[{"embeddable":true,"href":"https:\/\/agora.xtec.cat\/ins-intermunicipal\/wp-json\/wp\/v2\/users\/8"}],"replies":[{"embeddable":true,"href":"https:\/\/agora.xtec.cat\/ins-intermunicipal\/wp-json\/wp\/v2\/comments?post=5707"}],"version-history":[{"count":4,"href":"https:\/\/agora.xtec.cat\/ins-intermunicipal\/wp-json\/wp\/v2\/posts\/5707\/revisions"}],"predecessor-version":[{"id":5714,"href":"https:\/\/agora.xtec.cat\/ins-intermunicipal\/wp-json\/wp\/v2\/posts\/5707\/revisions\/5714"}],"wp:featuredmedia":[{"embeddable":true,"href":"https:\/\/agora.xtec.cat\/ins-intermunicipal\/wp-json\/wp\/v2\/media\/5710"}],"wp:attachment":[{"href":"https:\/\/agora.xtec.cat\/ins-intermunicipal\/wp-json\/wp\/v2\/media?parent=5707"}],"wp:term":[{"taxonomy":"category","embeddable":true,"href":"https:\/\/agora.xtec.cat\/ins-intermunicipal\/wp-json\/wp\/v2\/categories?post=5707"},{"taxonomy":"post_tag","embeddable":true,"href":"https:\/\/agora.xtec.cat\/ins-intermunicipal\/wp-json\/wp\/v2\/tags?post=5707"}],"curies":[{"name":"wp","href":"https:\/\/api.w.org\/{rel}","templated":true}]}}