{"id":5641,"date":"2026-02-09T11:38:39","date_gmt":"2026-02-09T10:38:39","guid":{"rendered":"https:\/\/agora.xtec.cat\/ins-intermunicipal\/?p=5641"},"modified":"2026-02-09T11:38:39","modified_gmt":"2026-02-09T10:38:39","slug":"ofertes-de-feina-a-lalt-penedes-6-de-febrer","status":"publish","type":"post","link":"https:\/\/agora.xtec.cat\/ins-intermunicipal\/formacio-professional\/feina-fp\/ofertes-de-feina-a-lalt-penedes-6-de-febrer\/","title":{"rendered":"Ofertes de feina a l&#8217;Alt Pened\u00e8s. 6 de febrer"},"content":{"rendered":"<p>Compartim amb vosaltres\u00a0<a href=\"https:\/\/drive.google.com\/file\/d\/1YtUaLKyU17MNCs6ElJ23LsWO4U7glwaY\/view?usp=sharing\">les ofertes de feina actualitzades<\/a>\u00a0que l\u2019Oficina Municipal del Treball de Vilafranca del Pened\u00e8s ens ha preparat. Trobareu vacants vinculades als estudis que tenim a l\u2019Institut Intermunicipal del Pened\u00e8s. L\u2019oficina ens informa tamb\u00e9\u00a0<a href=\"https:\/\/drive.google.com\/file\/d\/1houBYrlrmAM8IgyHoLgUj0wv1ba-mxAR\/view?usp=drive_link\">com s\u2019ha de procedir<\/a>\u00a0per formalitzar les inscripcions.<\/p>\n<p>Tamb\u00e9 ens comunica els cursos o c\u00e0psules formatives que ofereixen al mes de\u00a0<a href=\"https:\/\/drive.google.com\/file\/d\/1lwVsSv8Bq4uN_GBiJO4O5Ced_PtFLIWq\/view?usp=sharing\">febrer<\/a>.<\/p>\n<p>Us deixem tamb\u00e9 una petita explicaci\u00f3 del contingut de les c\u00e0psules per si us interessa.<\/p>\n<p><strong>20\/02\/2026<\/strong><\/p>\n<p>N\u00d2MINA &amp; CONTRACTE: TOT EL QU\u00c8 HAS DE SABER<\/p>\n<p>L\u2019objectiu d\u2019aquesta sessi\u00f3 \u00e9s oferir coneixements sobre les relacions contractuals amb l\u2019empresa. Con\u00e8ixer els documents i procediments que es gestionen en l\u2019\u00e0mbit laboral, especialment l\u2019estructura i els continguts de les n\u00f2mines, aix\u00ed com els diferents tipus de contractes, \u00e9s clau per interactuar correctament en el m\u00f3n laboral.<\/p>\n<p>&nbsp;<\/p>\n<p><strong>27\/02\/2026<\/strong><\/p>\n<p>ENTRENA\u2019T PER L\u2019ENTREVISTA: SIMULACI\u00d3 PR\u00c0CTICA<\/p>\n<p>Aquesta sessi\u00f3 formativa et permetr\u00e0 preparar-te per a les entrevistes laborals mitjan\u00e7ant simulacions pr\u00e0ctiques. Practicar\u00e0s les preguntes m\u00e9s comunes, aprendr\u00e0s a comunicar-te de manera efectiva i a gestionar el nerviosisme, tot per augmentar les teves possibilitats d\u2019\u00e8xit. L\u2019objectiu \u00e9s que te sentis m\u00e9s segur i preparat davant qualsevol entrevista.<\/p>\n","protected":false},"excerpt":{"rendered":"<p>Compartim amb vosaltres\u00a0<a href=\"https:\/\/drive.google.com\/file\/d\/1YtUaLKyU17MNCs6ElJ23LsWO4U7glwaY\/view?usp=sharing\">les ofertes de feina actualitzades<\/a>\u00a0que l\u2019Oficina Municipal del Treball de Vilafranca del Pened\u00e8s ens ha preparat. Trobareu vacants vinculades als estudis que tenim a l\u2019Institut Intermunicipal del Pened\u00e8s. L\u2019oficina ens informa tamb\u00e9\u00a0<a href=\"https:\/\/drive.google.com\/file\/d\/1houBYrlrmAM8IgyHoLgUj0wv1ba-mxAR\/view?usp=drive_link\">com s\u2019ha de procedir<\/a>\u00a0per formalitzar les inscripcions.<br \/>\nTamb\u00e9 ens comunica els&hellip;  <a href=\"https:\/\/agora.xtec.cat\/ins-intermunicipal\/formacio-professional\/feina-fp\/ofertes-de-feina-a-lalt-penedes-6-de-febrer\/\" title=\"Read Ofertes de feina a l&#8217;Alt Pened\u00e8s. 6 de febrer\">Llegeix m\u00e9s\u00bb<\/a><\/p>\n","protected":false},"author":8,"featured_media":0,"comment_status":"closed","ping_status":"open","sticky":false,"template":"","format":"standard","meta":{"_bbp_topic_count":0,"_bbp_reply_count":0,"_bbp_total_topic_count":0,"_bbp_total_reply_count":0,"_bbp_voice_count":0,"_bbp_anonymous_reply_count":0,"_bbp_topic_count_hidden":0,"_bbp_reply_count_hidden":0,"_bbp_forum_subforum_count":0,"footnotes":""},"categories":[189],"tags":[183],"class_list":["post-5641","post","type-post","status-publish","format-standard","hentry","category-feina-fp","tag-fp"],"post_mailing_queue_ids":[],"_links":{"self":[{"href":"https:\/\/agora.xtec.cat\/ins-intermunicipal\/wp-json\/wp\/v2\/posts\/5641","targetHints":{"allow":["GET"]}}],"collection":[{"href":"https:\/\/agora.xtec.cat\/ins-intermunicipal\/wp-json\/wp\/v2\/posts"}],"about":[{"href":"https:\/\/agora.xtec.cat\/ins-intermunicipal\/wp-json\/wp\/v2\/types\/post"}],"author":[{"embeddable":true,"href":"https:\/\/agora.xtec.cat\/ins-intermunicipal\/wp-json\/wp\/v2\/users\/8"}],"replies":[{"embeddable":true,"href":"https:\/\/agora.xtec.cat\/ins-intermunicipal\/wp-json\/wp\/v2\/comments?post=5641"}],"version-history":[{"count":1,"href":"https:\/\/agora.xtec.cat\/ins-intermunicipal\/wp-json\/wp\/v2\/posts\/5641\/revisions"}],"predecessor-version":[{"id":5642,"href":"https:\/\/agora.xtec.cat\/ins-intermunicipal\/wp-json\/wp\/v2\/posts\/5641\/revisions\/5642"}],"wp:attachment":[{"href":"https:\/\/agora.xtec.cat\/ins-intermunicipal\/wp-json\/wp\/v2\/media?parent=5641"}],"wp:term":[{"taxonomy":"category","embeddable":true,"href":"https:\/\/agora.xtec.cat\/ins-intermunicipal\/wp-json\/wp\/v2\/categories?post=5641"},{"taxonomy":"post_tag","embeddable":true,"href":"https:\/\/agora.xtec.cat\/ins-intermunicipal\/wp-json\/wp\/v2\/tags?post=5641"}],"curies":[{"name":"wp","href":"https:\/\/api.w.org\/{rel}","templated":true}]}}