{"id":5624,"date":"2026-02-04T12:58:02","date_gmt":"2026-02-04T11:58:02","guid":{"rendered":"https:\/\/agora.xtec.cat\/ins-intermunicipal\/?p=5624"},"modified":"2026-02-05T14:29:27","modified_gmt":"2026-02-05T13:29:27","slug":"simulacres-devacuacio-i-confinament","status":"publish","type":"post","link":"https:\/\/agora.xtec.cat\/ins-intermunicipal\/general\/simulacres-devacuacio-i-confinament\/","title":{"rendered":"SIMULACRES D\u2019EVACUACI\u00d3 I CONFINAMENT\u00a0"},"content":{"rendered":"<p><span style=\"font-weight: 400;\"><a href=\"https:\/\/agora.xtec.cat\/ins-intermunicipal\/wp-content\/uploads\/usu2220\/2026\/02\/707330da-15cd-4736-ad30-24e6faea3459-1.jpg\"><img loading=\"lazy\" decoding=\"async\" class=\"wp-image-5625 alignright\" src=\"https:\/\/agora.xtec.cat\/ins-intermunicipal\/wp-content\/uploads\/usu2220\/2026\/02\/707330da-15cd-4736-ad30-24e6faea3459-1.jpg\" alt=\"\" width=\"350\" height=\"263\" srcset=\"https:\/\/agora.xtec.cat\/ins-intermunicipal\/wp-content\/uploads\/usu2220\/2026\/02\/707330da-15cd-4736-ad30-24e6faea3459-1.jpg 1365w, https:\/\/agora.xtec.cat\/ins-intermunicipal\/wp-content\/uploads\/usu2220\/2026\/02\/707330da-15cd-4736-ad30-24e6faea3459-1-300x225.jpg 300w, https:\/\/agora.xtec.cat\/ins-intermunicipal\/wp-content\/uploads\/usu2220\/2026\/02\/707330da-15cd-4736-ad30-24e6faea3459-1-1024x768.jpg 1024w, https:\/\/agora.xtec.cat\/ins-intermunicipal\/wp-content\/uploads\/usu2220\/2026\/02\/707330da-15cd-4736-ad30-24e6faea3459-1-768x576.jpg 768w, https:\/\/agora.xtec.cat\/ins-intermunicipal\/wp-content\/uploads\/usu2220\/2026\/02\/707330da-15cd-4736-ad30-24e6faea3459-1-200x150.jpg 200w\" sizes=\"auto, (max-width: 350px) 100vw, 350px\" \/><\/a> Aquest darrer trimestre, a l\u2019Institut Intermunicipal del Pened\u00e8s, s\u2019ha estat parlant amb tot el claustre sobre la necessitat de con\u00e8ixer el <\/span><i><span style=\"font-weight: 400;\">Pla d\u2019emerg\u00e8ncia del centre<\/span><\/i><span style=\"font-weight: 400;\">. <\/span><span style=\"font-weight: 400;\">Qu\u00e8 \u00e9s un PLA D\u2019EMERG\u00c8NCIA?<\/span><\/p>\n<p><span style=\"font-weight: 400;\">\u00c9s el document que recull les actuacions que s&#8217;han de seguir davant d&#8217;una emerg\u00e8ncia, amb la finalitat de reduir la improvisaci\u00f3 en cas que es produ\u00eds qualsevol accident.<\/span><\/p>\n<p><span style=\"font-weight: 400;\">Aquest mes de desembre, es va presentar el <\/span><i><span style=\"font-weight: 400;\">Pla de d\u2019emerg\u00e8ncia<\/span><\/i><span style=\"font-weight: 400;\"> del nostre centre a tot el professorat i s\u2019explicava com s\u2019hauria de funcionar en el cas d\u2019una emerg\u00e8ncia real. Aquesta presentaci\u00f3 es va compartir amb tot el claustre, de tal manera que, tornant de vacances, els professors van poder presentar-lo a les seves tutories.<\/span><\/p>\n<p><span style=\"font-weight: 400;\">La Llei de prevenci\u00f3 de riscos laborals obliga a planificar l&#8217;acci\u00f3 preventiva als centres de treball amb una avaluaci\u00f3 inicial dels riscos de seguretat i salut dels treballadors i les treballadores, i que consisteix en la identificaci\u00f3 de les condicions de seguretat dels llocs de treball i en la valoraci\u00f3 de la perillositat de les condicions identificades.\u00a0<\/span><\/p>\n<p><span style=\"font-weight: 400;\"><a href=\"https:\/\/agora.xtec.cat\/ins-intermunicipal\/wp-content\/uploads\/usu2220\/2026\/02\/c4d0261f-738c-4400-b8b5-c7ac9cc35c55-1.jpg\"><img loading=\"lazy\" decoding=\"async\" class=\"wp-image-5626 alignleft\" src=\"https:\/\/agora.xtec.cat\/ins-intermunicipal\/wp-content\/uploads\/usu2220\/2026\/02\/c4d0261f-738c-4400-b8b5-c7ac9cc35c55-1.jpg\" alt=\"\" width=\"350\" height=\"263\" srcset=\"https:\/\/agora.xtec.cat\/ins-intermunicipal\/wp-content\/uploads\/usu2220\/2026\/02\/c4d0261f-738c-4400-b8b5-c7ac9cc35c55-1.jpg 1365w, https:\/\/agora.xtec.cat\/ins-intermunicipal\/wp-content\/uploads\/usu2220\/2026\/02\/c4d0261f-738c-4400-b8b5-c7ac9cc35c55-1-300x225.jpg 300w, https:\/\/agora.xtec.cat\/ins-intermunicipal\/wp-content\/uploads\/usu2220\/2026\/02\/c4d0261f-738c-4400-b8b5-c7ac9cc35c55-1-1024x768.jpg 1024w, https:\/\/agora.xtec.cat\/ins-intermunicipal\/wp-content\/uploads\/usu2220\/2026\/02\/c4d0261f-738c-4400-b8b5-c7ac9cc35c55-1-768x576.jpg 768w, https:\/\/agora.xtec.cat\/ins-intermunicipal\/wp-content\/uploads\/usu2220\/2026\/02\/c4d0261f-738c-4400-b8b5-c7ac9cc35c55-1-200x150.jpg 200w\" sizes=\"auto, (max-width: 350px) 100vw, 350px\" \/><\/a>La direcci\u00f3 del centre ha de vetllar per l&#8217;elaboraci\u00f3 i l&#8217;actualitzaci\u00f3 del seu pla d&#8217;emerg\u00e8ncia, aix\u00ed com per la realitzaci\u00f3 dels corresponents simulacres. Per aquest motiu, durant el mes de gener, s\u2019han realitzat dos simulacres d\u2019evacuaci\u00f3 amb tots els alumnes i professors, un al mat\u00ed i un altre a la tarda.\u00a0<\/span><\/p>\n<p><span style=\"font-weight: 400;\">Per qu\u00e8 tenim un pla d\u2019emerg\u00e8ncia? El principal objectiu \u00e9s millorar la seguretat de les persones del centre, tant treballadores com usu\u00e0ries i fomentar els h\u00e0bits de seguretat i d\u2019autoprotecci\u00f3.<a href=\"https:\/\/agora.xtec.cat\/ins-intermunicipal\/wp-content\/uploads\/usu2220\/2026\/02\/68261d72-e09b-4b08-bd72-744b4971ca27-1.jpg\"><img loading=\"lazy\" decoding=\"async\" class=\"wp-image-5627 alignright\" src=\"https:\/\/agora.xtec.cat\/ins-intermunicipal\/wp-content\/uploads\/usu2220\/2026\/02\/68261d72-e09b-4b08-bd72-744b4971ca27-1.jpg\" alt=\"\" width=\"349\" height=\"262\" srcset=\"https:\/\/agora.xtec.cat\/ins-intermunicipal\/wp-content\/uploads\/usu2220\/2026\/02\/68261d72-e09b-4b08-bd72-744b4971ca27-1.jpg 1365w, https:\/\/agora.xtec.cat\/ins-intermunicipal\/wp-content\/uploads\/usu2220\/2026\/02\/68261d72-e09b-4b08-bd72-744b4971ca27-1-300x225.jpg 300w, https:\/\/agora.xtec.cat\/ins-intermunicipal\/wp-content\/uploads\/usu2220\/2026\/02\/68261d72-e09b-4b08-bd72-744b4971ca27-1-1024x768.jpg 1024w, https:\/\/agora.xtec.cat\/ins-intermunicipal\/wp-content\/uploads\/usu2220\/2026\/02\/68261d72-e09b-4b08-bd72-744b4971ca27-1-768x576.jpg 768w, https:\/\/agora.xtec.cat\/ins-intermunicipal\/wp-content\/uploads\/usu2220\/2026\/02\/68261d72-e09b-4b08-bd72-744b4971ca27-1-200x150.jpg 200w\" sizes=\"auto, (max-width: 349px) 100vw, 349px\" \/><\/a><\/span><\/p>\n<p><span style=\"font-weight: 400;\">Realitzar simulacres ajuda a analitzar els possibles impediments f\u00edsics o estructurals en una situaci\u00f3 real d\u2019emerg\u00e8ncia. A banda, es pot comprovar el funcionament i l\u2019efectivitat del pla, veure si les persones prenen consci\u00e8ncia de com evacuar o confinar-se de manera segura i de si tenen una resposta prou r\u00e0pida en l\u2019aplicaci\u00f3 de les mesures.\u00a0<\/span><\/p>\n<p><span style=\"font-weight: 400;\">En definitiva, per a la seguretat de tots \u00e9s convenient realitzar-ne un cada any i aconseguir que la resposta sigui cada vegada m\u00e9s efica\u00e7. <\/span><\/p>\n","protected":false},"excerpt":{"rendered":"<p><a href=\"https:\/\/agora.xtec.cat\/ins-intermunicipal\/wp-content\/uploads\/usu2220\/2026\/02\/707330da-15cd-4736-ad30-24e6faea3459-1.jpg\"><\/a> Aquest darrer trimestre, a l\u2019Institut Intermunicipal del Pened\u00e8s, s\u2019ha estat parlant amb tot el claustre sobre la necessitat de con\u00e8ixer el Pla d\u2019emerg\u00e8ncia del centre. Qu\u00e8 \u00e9s un PLA D\u2019EMERG\u00c8NCIA?<br \/>\n\u00c9s el document que recull les actuacions que s&#8217;han de seguir davant d&#8217;una emerg\u00e8ncia,&hellip;  <a href=\"https:\/\/agora.xtec.cat\/ins-intermunicipal\/general\/simulacres-devacuacio-i-confinament\/\" title=\"Read SIMULACRES D\u2019EVACUACI\u00d3 I CONFINAMENT\u00a0\">Llegeix m\u00e9s\u00bb<\/a><\/p>\n","protected":false},"author":11,"featured_media":5626,"comment_status":"closed","ping_status":"open","sticky":false,"template":"","format":"standard","meta":{"_bbp_topic_count":0,"_bbp_reply_count":0,"_bbp_total_topic_count":0,"_bbp_total_reply_count":0,"_bbp_voice_count":0,"_bbp_anonymous_reply_count":0,"_bbp_topic_count_hidden":0,"_bbp_reply_count_hidden":0,"_bbp_forum_subforum_count":0,"footnotes":""},"categories":[1,29],"tags":[],"class_list":["post-5624","post","type-post","status-publish","format-standard","has-post-thumbnail","hentry","category-general","category-portada"],"post_mailing_queue_ids":[],"_links":{"self":[{"href":"https:\/\/agora.xtec.cat\/ins-intermunicipal\/wp-json\/wp\/v2\/posts\/5624","targetHints":{"allow":["GET"]}}],"collection":[{"href":"https:\/\/agora.xtec.cat\/ins-intermunicipal\/wp-json\/wp\/v2\/posts"}],"about":[{"href":"https:\/\/agora.xtec.cat\/ins-intermunicipal\/wp-json\/wp\/v2\/types\/post"}],"author":[{"embeddable":true,"href":"https:\/\/agora.xtec.cat\/ins-intermunicipal\/wp-json\/wp\/v2\/users\/11"}],"replies":[{"embeddable":true,"href":"https:\/\/agora.xtec.cat\/ins-intermunicipal\/wp-json\/wp\/v2\/comments?post=5624"}],"version-history":[{"count":3,"href":"https:\/\/agora.xtec.cat\/ins-intermunicipal\/wp-json\/wp\/v2\/posts\/5624\/revisions"}],"predecessor-version":[{"id":5634,"href":"https:\/\/agora.xtec.cat\/ins-intermunicipal\/wp-json\/wp\/v2\/posts\/5624\/revisions\/5634"}],"wp:featuredmedia":[{"embeddable":true,"href":"https:\/\/agora.xtec.cat\/ins-intermunicipal\/wp-json\/wp\/v2\/media\/5626"}],"wp:attachment":[{"href":"https:\/\/agora.xtec.cat\/ins-intermunicipal\/wp-json\/wp\/v2\/media?parent=5624"}],"wp:term":[{"taxonomy":"category","embeddable":true,"href":"https:\/\/agora.xtec.cat\/ins-intermunicipal\/wp-json\/wp\/v2\/categories?post=5624"},{"taxonomy":"post_tag","embeddable":true,"href":"https:\/\/agora.xtec.cat\/ins-intermunicipal\/wp-json\/wp\/v2\/tags?post=5624"}],"curies":[{"name":"wp","href":"https:\/\/api.w.org\/{rel}","templated":true}]}}