{"id":5619,"date":"2026-02-05T14:54:03","date_gmt":"2026-02-05T13:54:03","guid":{"rendered":"https:\/\/agora.xtec.cat\/ins-intermunicipal\/?p=5619"},"modified":"2026-02-05T16:08:58","modified_gmt":"2026-02-05T15:08:58","slug":"collaborem-amb-llegint-entre-linies","status":"publish","type":"post","link":"https:\/\/agora.xtec.cat\/ins-intermunicipal\/general\/collaborem-amb-llegint-entre-linies\/","title":{"rendered":"Col\u00b7laborem amb &#8220;Llegint entre vinyes&#8221;"},"content":{"rendered":"<p><a href=\"https:\/\/agora.xtec.cat\/ins-intermunicipal\/wp-content\/uploads\/usu2220\/2026\/02\/Llegint_radio.jpg\"><img loading=\"lazy\" decoding=\"async\" class=\"wp-image-5635 alignleft\" src=\"https:\/\/agora.xtec.cat\/ins-intermunicipal\/wp-content\/uploads\/usu2220\/2026\/02\/Llegint_radio.jpg\" alt=\"\" width=\"359\" height=\"269\" srcset=\"https:\/\/agora.xtec.cat\/ins-intermunicipal\/wp-content\/uploads\/usu2220\/2026\/02\/Llegint_radio.jpg 800w, https:\/\/agora.xtec.cat\/ins-intermunicipal\/wp-content\/uploads\/usu2220\/2026\/02\/Llegint_radio-300x225.jpg 300w, https:\/\/agora.xtec.cat\/ins-intermunicipal\/wp-content\/uploads\/usu2220\/2026\/02\/Llegint_radio-768x576.jpg 768w, https:\/\/agora.xtec.cat\/ins-intermunicipal\/wp-content\/uploads\/usu2220\/2026\/02\/Llegint_radio-200x150.jpg 200w\" sizes=\"auto, (max-width: 359px) 100vw, 359px\" \/><\/a>El passat divendres 30 de gener la N\u00faria Ro\u00e9, professora de llengua castellana de l&#8217;institut i coordinadora ILEC (programa d&#8217;Impuls a la LECtura), i els alumnes N\u00faria Gil i Carla Venegas (4t d&#8217;ESO) i Joan Amig\u00f3 (1r de batxillerat) van participar en el programa de R\u00e0dio Sant Sadurn\u00ed, &#8220;Llegint entre vinyes&#8221; condu\u00eft per la Margarida Santacana.<\/p>\n<p>Van parlar sobre el repte de fomentar la lectura entre els adolescents i sobre la necessitat de millorar la comprensi\u00f3 lectora, com a eina fonamental d&#8217;adquisici\u00f3 del coneixement. Els nostres alumnes, que van participar-hi de manera totalment volunt\u00e0ria, van fer aportacions molt interessants i ben argumentades sobre el paper de la lectura als instituts. Si voleu saber quins llibres ens recomanen, no deixeu d&#8217;escoltar el podcast (cap\u00edtol 8) que trobareu a <a href=\"https:\/\/go.ivoox.com\/rf\/167766315\" target=\"_blank\" rel=\"noopener\">Ivoox<\/a> i <a href=\"https:\/\/open.spotify.com\/episode\/4ZLoE6K4we83EsPd2ekWtu?si=Q0HliKPNRAWtG-vU73KfbA\" target=\"_blank\" rel=\"noopener\">Spotify<\/a>.<\/p>\n","protected":false},"excerpt":{"rendered":"<p><a href=\"https:\/\/agora.xtec.cat\/ins-intermunicipal\/wp-content\/uploads\/usu2220\/2026\/02\/Llegint_radio.jpg\"><\/a>El passat divendres 30 de gener la N\u00faria Ro\u00e9, professora de llengua castellana de l&#8217;institut i coordinadora ILEC (programa d&#8217;Impuls a la LECtura), i els alumnes N\u00faria Gil i Carla Venegas (4t d&#8217;ESO) i Joan Amig\u00f3 (1r de batxillerat) van participar en el programa&hellip;  <a href=\"https:\/\/agora.xtec.cat\/ins-intermunicipal\/general\/collaborem-amb-llegint-entre-linies\/\" title=\"Read Col\u00b7laborem amb &#8220;Llegint entre vinyes&#8221;\">Llegeix m\u00e9s\u00bb<\/a><\/p>\n","protected":false},"author":11,"featured_media":5635,"comment_status":"closed","ping_status":"open","sticky":false,"template":"","format":"standard","meta":{"_bbp_topic_count":0,"_bbp_reply_count":0,"_bbp_total_topic_count":0,"_bbp_total_reply_count":0,"_bbp_voice_count":0,"_bbp_anonymous_reply_count":0,"_bbp_topic_count_hidden":0,"_bbp_reply_count_hidden":0,"_bbp_forum_subforum_count":0,"footnotes":""},"categories":[8,3,1,29],"tags":[],"class_list":["post-5619","post","type-post","status-publish","format-standard","has-post-thumbnail","hentry","category-bat","category-eso","category-general","category-portada"],"post_mailing_queue_ids":[],"_links":{"self":[{"href":"https:\/\/agora.xtec.cat\/ins-intermunicipal\/wp-json\/wp\/v2\/posts\/5619","targetHints":{"allow":["GET"]}}],"collection":[{"href":"https:\/\/agora.xtec.cat\/ins-intermunicipal\/wp-json\/wp\/v2\/posts"}],"about":[{"href":"https:\/\/agora.xtec.cat\/ins-intermunicipal\/wp-json\/wp\/v2\/types\/post"}],"author":[{"embeddable":true,"href":"https:\/\/agora.xtec.cat\/ins-intermunicipal\/wp-json\/wp\/v2\/users\/11"}],"replies":[{"embeddable":true,"href":"https:\/\/agora.xtec.cat\/ins-intermunicipal\/wp-json\/wp\/v2\/comments?post=5619"}],"version-history":[{"count":5,"href":"https:\/\/agora.xtec.cat\/ins-intermunicipal\/wp-json\/wp\/v2\/posts\/5619\/revisions"}],"predecessor-version":[{"id":5640,"href":"https:\/\/agora.xtec.cat\/ins-intermunicipal\/wp-json\/wp\/v2\/posts\/5619\/revisions\/5640"}],"wp:featuredmedia":[{"embeddable":true,"href":"https:\/\/agora.xtec.cat\/ins-intermunicipal\/wp-json\/wp\/v2\/media\/5635"}],"wp:attachment":[{"href":"https:\/\/agora.xtec.cat\/ins-intermunicipal\/wp-json\/wp\/v2\/media?parent=5619"}],"wp:term":[{"taxonomy":"category","embeddable":true,"href":"https:\/\/agora.xtec.cat\/ins-intermunicipal\/wp-json\/wp\/v2\/categories?post=5619"},{"taxonomy":"post_tag","embeddable":true,"href":"https:\/\/agora.xtec.cat\/ins-intermunicipal\/wp-json\/wp\/v2\/tags?post=5619"}],"curies":[{"name":"wp","href":"https:\/\/api.w.org\/{rel}","templated":true}]}}