{"id":5599,"date":"2026-02-10T10:26:48","date_gmt":"2026-02-10T09:26:48","guid":{"rendered":"https:\/\/agora.xtec.cat\/ins-intermunicipal\/?p=5599"},"modified":"2026-02-10T12:19:53","modified_gmt":"2026-02-10T11:19:53","slug":"linter-a-la-copa-cangur-de-matematiques","status":"publish","type":"post","link":"https:\/\/agora.xtec.cat\/ins-intermunicipal\/general\/linter-a-la-copa-cangur-de-matematiques\/","title":{"rendered":"L&#8217;\u00cdnter a la Copa cangur de matem\u00e0tiques"},"content":{"rendered":"<p>Gran jornada a la\u00a0<b>#CopaCangur<\/b>\u00a0de Vilanova el passat 28 de gener!\u00a0<img loading=\"lazy\" decoding=\"async\" class=\"an1\" draggable=\"false\" src=\"https:\/\/fonts.gstatic.com\/s\/e\/notoemoji\/16.0\/1f4d0\/72.png\" alt=\"\ud83d\udcd0\" width=\"39\" height=\"39\" data-emoji=\"\ud83d\udcd0\" aria-label=\"\ud83d\udcd0\" \/><\/p>\n<p><a href=\"https:\/\/agora.xtec.cat\/ins-intermunicipal\/wp-content\/uploads\/usu2220\/2026\/02\/2-Platja-bis-1.jpg\"><img loading=\"lazy\" decoding=\"async\" class=\"wp-image-5647 alignnone\" src=\"https:\/\/agora.xtec.cat\/ins-intermunicipal\/wp-content\/uploads\/usu2220\/2026\/02\/2-Platja-bis-1.jpg\" alt=\"\" width=\"324\" height=\"277\" srcset=\"https:\/\/agora.xtec.cat\/ins-intermunicipal\/wp-content\/uploads\/usu2220\/2026\/02\/2-Platja-bis-1.jpg 1197w, https:\/\/agora.xtec.cat\/ins-intermunicipal\/wp-content\/uploads\/usu2220\/2026\/02\/2-Platja-bis-1-300x257.jpg 300w, https:\/\/agora.xtec.cat\/ins-intermunicipal\/wp-content\/uploads\/usu2220\/2026\/02\/2-Platja-bis-1-1024x876.jpg 1024w, https:\/\/agora.xtec.cat\/ins-intermunicipal\/wp-content\/uploads\/usu2220\/2026\/02\/2-Platja-bis-1-768x657.jpg 768w\" sizes=\"auto, (max-width: 324px) 100vw, 324px\" \/><\/a><\/p>\n<p>&nbsp;<\/p>\n<p>La Copa Cangur \u00e9s una competici\u00f3 de matem\u00e0tiques per equips on l&#8217;estrat\u00e8gia i la rapidesa s\u00f3n clau. Durant 60 minuts, l&#8217;alumnat resol problemes en directe en una cursa contra el rellotge amb marcadors en temps real i puntuaci\u00f3 variable.<\/p>\n<p>L&#8217;Intermunicipal hi ha participat amb un equip de cada categoria amb resultats excel\u00b7lents:\u00a0<img loading=\"lazy\" decoding=\"async\" class=\"an1\" draggable=\"false\" src=\"https:\/\/fonts.gstatic.com\/s\/e\/notoemoji\/16.0\/1f949\/72.png\" alt=\"\ud83e\udd49\" width=\"40\" height=\"40\" data-emoji=\"\ud83e\udd49\" aria-label=\"\ud83e\udd49\" \/>\u00a0Els\u00a0<b>J\u00fanior<\/b>\u00a0aconsegueixen la 3a posici\u00f3 despr\u00e9s de liderar gaireb\u00e9 tota la prova.\u00a0<img loading=\"lazy\" decoding=\"async\" class=\"an1\" draggable=\"false\" src=\"https:\/\/fonts.gstatic.com\/s\/e\/notoemoji\/16.0\/1f44f\/72.png\" alt=\"\ud83d\udc4f\" width=\"54\" height=\"54\" data-emoji=\"\ud83d\udc4f\" aria-label=\"\ud83d\udc4f\" \/>\u00a0Els\u00a0<b>Cadets<\/b>\u00a0han lluitat fins al final amb un gran inici i un 9\u00e8 lloc final.<\/p>\n<p><a href=\"https:\/\/agora.xtec.cat\/ins-intermunicipal\/wp-content\/uploads\/usu2220\/2026\/02\/6-Diploma-junior-1.jpg\"><img loading=\"lazy\" decoding=\"async\" class=\"wp-image-5646 alignnone\" src=\"https:\/\/agora.xtec.cat\/ins-intermunicipal\/wp-content\/uploads\/usu2220\/2026\/02\/6-Diploma-junior-1.jpg\" alt=\"\" width=\"324\" height=\"244\" srcset=\"https:\/\/agora.xtec.cat\/ins-intermunicipal\/wp-content\/uploads\/usu2220\/2026\/02\/6-Diploma-junior-1.jpg 1360w, https:\/\/agora.xtec.cat\/ins-intermunicipal\/wp-content\/uploads\/usu2220\/2026\/02\/6-Diploma-junior-1-300x226.jpg 300w, https:\/\/agora.xtec.cat\/ins-intermunicipal\/wp-content\/uploads\/usu2220\/2026\/02\/6-Diploma-junior-1-1024x771.jpg 1024w, https:\/\/agora.xtec.cat\/ins-intermunicipal\/wp-content\/uploads\/usu2220\/2026\/02\/6-Diploma-junior-1-768x578.jpg 768w, https:\/\/agora.xtec.cat\/ins-intermunicipal\/wp-content\/uploads\/usu2220\/2026\/02\/6-Diploma-junior-1-200x150.jpg 200w\" sizes=\"auto, (max-width: 324px) 100vw, 324px\" \/><\/a><\/p>\n<p>Molt orgullosos de l&#8217;esfor\u00e7 i el treball en equip dels nostres alumnes!\u00a0<img loading=\"lazy\" decoding=\"async\" class=\"an1\" draggable=\"false\" src=\"https:\/\/fonts.gstatic.com\/s\/e\/notoemoji\/16.0\/1f680\/72.png\" alt=\"\ud83d\ude80\" width=\"49\" height=\"49\" data-emoji=\"\ud83d\ude80\" aria-label=\"\ud83d\ude80\" \/><img loading=\"lazy\" decoding=\"async\" class=\"an1\" draggable=\"false\" src=\"https:\/\/fonts.gstatic.com\/s\/e\/notoemoji\/16.0\/2728\/72.png\" alt=\"\u2728\" width=\"55\" height=\"55\" data-emoji=\"\u2728\" aria-label=\"\u2728\" \/><\/p>\n<p><a href=\"https:\/\/agora.xtec.cat\/ins-intermunicipal\/wp-content\/uploads\/usu2220\/2026\/02\/5-Concurs-junior-1-1.jpg\"><img loading=\"lazy\" decoding=\"async\" class=\"alignnone wp-image-5648\" src=\"https:\/\/agora.xtec.cat\/ins-intermunicipal\/wp-content\/uploads\/usu2220\/2026\/02\/5-Concurs-junior-1-1.jpg\" alt=\"\" width=\"271\" height=\"360\" srcset=\"https:\/\/agora.xtec.cat\/ins-intermunicipal\/wp-content\/uploads\/usu2220\/2026\/02\/5-Concurs-junior-1-1.jpg 771w, https:\/\/agora.xtec.cat\/ins-intermunicipal\/wp-content\/uploads\/usu2220\/2026\/02\/5-Concurs-junior-1-1-226x300.jpg 226w, https:\/\/agora.xtec.cat\/ins-intermunicipal\/wp-content\/uploads\/usu2220\/2026\/02\/5-Concurs-junior-1-1-768x1020.jpg 768w\" sizes=\"auto, (max-width: 271px) 100vw, 271px\" \/><\/a><\/p>\n","protected":false},"excerpt":{"rendered":"<p>Gran jornada a la\u00a0#CopaCangur\u00a0de Vilanova el passat 28 de gener!\u00a0<br \/>\n<a href=\"https:\/\/agora.xtec.cat\/ins-intermunicipal\/wp-content\/uploads\/usu2220\/2026\/02\/2-Platja-bis-1.jpg\"><\/a><br \/>\n&nbsp;<br \/>\nLa Copa Cangur \u00e9s una competici\u00f3 de matem\u00e0tiques per equips on l&#8217;estrat\u00e8gia i la rapidesa s\u00f3n clau. Durant 60 minuts, l&#8217;alumnat resol problemes en directe en una cursa contra el rellotge amb marcadors en temps&hellip;  <a href=\"https:\/\/agora.xtec.cat\/ins-intermunicipal\/general\/linter-a-la-copa-cangur-de-matematiques\/\" title=\"Read L&#8217;\u00cdnter a la Copa cangur de matem\u00e0tiques\">Llegeix m\u00e9s\u00bb<\/a><\/p>\n","protected":false},"author":11,"featured_media":5646,"comment_status":"closed","ping_status":"open","sticky":false,"template":"","format":"standard","meta":{"_bbp_topic_count":0,"_bbp_reply_count":0,"_bbp_total_topic_count":0,"_bbp_total_reply_count":0,"_bbp_voice_count":0,"_bbp_anonymous_reply_count":0,"_bbp_topic_count_hidden":0,"_bbp_reply_count_hidden":0,"_bbp_forum_subforum_count":0,"footnotes":""},"categories":[3,1,29],"tags":[],"class_list":["post-5599","post","type-post","status-publish","format-standard","has-post-thumbnail","hentry","category-eso","category-general","category-portada"],"post_mailing_queue_ids":[],"_links":{"self":[{"href":"https:\/\/agora.xtec.cat\/ins-intermunicipal\/wp-json\/wp\/v2\/posts\/5599","targetHints":{"allow":["GET"]}}],"collection":[{"href":"https:\/\/agora.xtec.cat\/ins-intermunicipal\/wp-json\/wp\/v2\/posts"}],"about":[{"href":"https:\/\/agora.xtec.cat\/ins-intermunicipal\/wp-json\/wp\/v2\/types\/post"}],"author":[{"embeddable":true,"href":"https:\/\/agora.xtec.cat\/ins-intermunicipal\/wp-json\/wp\/v2\/users\/11"}],"replies":[{"embeddable":true,"href":"https:\/\/agora.xtec.cat\/ins-intermunicipal\/wp-json\/wp\/v2\/comments?post=5599"}],"version-history":[{"count":6,"href":"https:\/\/agora.xtec.cat\/ins-intermunicipal\/wp-json\/wp\/v2\/posts\/5599\/revisions"}],"predecessor-version":[{"id":5651,"href":"https:\/\/agora.xtec.cat\/ins-intermunicipal\/wp-json\/wp\/v2\/posts\/5599\/revisions\/5651"}],"wp:featuredmedia":[{"embeddable":true,"href":"https:\/\/agora.xtec.cat\/ins-intermunicipal\/wp-json\/wp\/v2\/media\/5646"}],"wp:attachment":[{"href":"https:\/\/agora.xtec.cat\/ins-intermunicipal\/wp-json\/wp\/v2\/media?parent=5599"}],"wp:term":[{"taxonomy":"category","embeddable":true,"href":"https:\/\/agora.xtec.cat\/ins-intermunicipal\/wp-json\/wp\/v2\/categories?post=5599"},{"taxonomy":"post_tag","embeddable":true,"href":"https:\/\/agora.xtec.cat\/ins-intermunicipal\/wp-json\/wp\/v2\/tags?post=5599"}],"curies":[{"name":"wp","href":"https:\/\/api.w.org\/{rel}","templated":true}]}}