{"id":5579,"date":"2026-01-28T13:10:39","date_gmt":"2026-01-28T12:10:39","guid":{"rendered":"https:\/\/agora.xtec.cat\/ins-intermunicipal\/?p=5579"},"modified":"2026-01-28T13:10:39","modified_gmt":"2026-01-28T12:10:39","slug":"visita-al-cosmocaixa-de-1r-de-batxillerat","status":"publish","type":"post","link":"https:\/\/agora.xtec.cat\/ins-intermunicipal\/general\/visita-al-cosmocaixa-de-1r-de-batxillerat\/","title":{"rendered":"Visita al CosmoCaixa de 1r de batxillerat"},"content":{"rendered":"<p>El passat dia 22 de gener de 2026, tot l&#8217;alumnat de primer de batxillerat va anar de sortida a CosmoCaixa a fer un taller relacionat amb diferents mat\u00e8ries de ci\u00e8ncies (biologia, reptes de biologia i biomedicina) i amb la de &#8220;Filosofia i Ciutadania&#8221;. En concret, l&#8217;alumnat va anar a la xerrada de l&#8217;exposici\u00f3 &#8220;Extraterrestres&#8221; i despr\u00e9s va assistir al taller &#8220;Kosmos, l&#8217;ordre i les lleis f\u00edsiques de l&#8217;univers&#8221;. La resta del temps van estar fent visita lliure pel museu, em consta que s&#8217;ho van passar molt b\u00e9.<\/p>\n<p><a href=\"https:\/\/agora.xtec.cat\/ins-intermunicipal\/wp-content\/uploads\/usu2220\/2026\/01\/IMG_20260122_104524-1.jpg\"><img loading=\"lazy\" decoding=\"async\" class=\"alignnone  wp-image-5582\" src=\"https:\/\/agora.xtec.cat\/ins-intermunicipal\/wp-content\/uploads\/usu2220\/2026\/01\/IMG_20260122_104524-1.jpg\" alt=\"\" width=\"492\" height=\"654\" srcset=\"https:\/\/agora.xtec.cat\/ins-intermunicipal\/wp-content\/uploads\/usu2220\/2026\/01\/IMG_20260122_104524-1.jpg 1024w, https:\/\/agora.xtec.cat\/ins-intermunicipal\/wp-content\/uploads\/usu2220\/2026\/01\/IMG_20260122_104524-1-226x300.jpg 226w, https:\/\/agora.xtec.cat\/ins-intermunicipal\/wp-content\/uploads\/usu2220\/2026\/01\/IMG_20260122_104524-1-771x1024.jpg 771w, https:\/\/agora.xtec.cat\/ins-intermunicipal\/wp-content\/uploads\/usu2220\/2026\/01\/IMG_20260122_104524-1-768x1020.jpg 768w\" sizes=\"auto, (max-width: 492px) 100vw, 492px\" \/>\u00a0<\/a><\/p>\n<p><a href=\"https:\/\/agora.xtec.cat\/ins-intermunicipal\/wp-content\/uploads\/usu2220\/2026\/01\/IMG_20260122_104419-1.jpg\"><img loading=\"lazy\" decoding=\"async\" class=\"alignnone  wp-image-5581\" src=\"https:\/\/agora.xtec.cat\/ins-intermunicipal\/wp-content\/uploads\/usu2220\/2026\/01\/IMG_20260122_104419-1.jpg\" alt=\"\" width=\"492\" height=\"371\" srcset=\"https:\/\/agora.xtec.cat\/ins-intermunicipal\/wp-content\/uploads\/usu2220\/2026\/01\/IMG_20260122_104419-1.jpg 1024w, https:\/\/agora.xtec.cat\/ins-intermunicipal\/wp-content\/uploads\/usu2220\/2026\/01\/IMG_20260122_104419-1-300x226.jpg 300w, https:\/\/agora.xtec.cat\/ins-intermunicipal\/wp-content\/uploads\/usu2220\/2026\/01\/IMG_20260122_104419-1-768x578.jpg 768w, https:\/\/agora.xtec.cat\/ins-intermunicipal\/wp-content\/uploads\/usu2220\/2026\/01\/IMG_20260122_104419-1-200x150.jpg 200w\" sizes=\"auto, (max-width: 492px) 100vw, 492px\" \/><\/a><\/p>\n<p><a href=\"https:\/\/agora.xtec.cat\/ins-intermunicipal\/wp-content\/uploads\/usu2220\/2026\/01\/IMG_20260122_105227-1.jpg\"><img loading=\"lazy\" decoding=\"async\" class=\"alignnone  wp-image-5580\" src=\"https:\/\/agora.xtec.cat\/ins-intermunicipal\/wp-content\/uploads\/usu2220\/2026\/01\/IMG_20260122_105227-1.jpg\" alt=\"\" width=\"493\" height=\"371\" srcset=\"https:\/\/agora.xtec.cat\/ins-intermunicipal\/wp-content\/uploads\/usu2220\/2026\/01\/IMG_20260122_105227-1.jpg 1024w, https:\/\/agora.xtec.cat\/ins-intermunicipal\/wp-content\/uploads\/usu2220\/2026\/01\/IMG_20260122_105227-1-300x226.jpg 300w, https:\/\/agora.xtec.cat\/ins-intermunicipal\/wp-content\/uploads\/usu2220\/2026\/01\/IMG_20260122_105227-1-768x578.jpg 768w, https:\/\/agora.xtec.cat\/ins-intermunicipal\/wp-content\/uploads\/usu2220\/2026\/01\/IMG_20260122_105227-1-200x150.jpg 200w\" sizes=\"auto, (max-width: 493px) 100vw, 493px\" \/><\/a><\/p>\n","protected":false},"excerpt":{"rendered":"<p>El passat dia 22 de gener de 2026, tot l&#8217;alumnat de primer de batxillerat va anar de sortida a CosmoCaixa a fer un taller relacionat amb diferents mat\u00e8ries de ci\u00e8ncies (biologia, reptes de biologia i biomedicina) i amb la de &#8220;Filosofia i Ciutadania&#8221;. En concret,&hellip;  <a href=\"https:\/\/agora.xtec.cat\/ins-intermunicipal\/general\/visita-al-cosmocaixa-de-1r-de-batxillerat\/\" title=\"Read Visita al CosmoCaixa de 1r de batxillerat\">Llegeix m\u00e9s\u00bb<\/a><\/p>\n","protected":false},"author":11,"featured_media":5580,"comment_status":"closed","ping_status":"open","sticky":false,"template":"","format":"standard","meta":{"_bbp_topic_count":0,"_bbp_reply_count":0,"_bbp_total_topic_count":0,"_bbp_total_reply_count":0,"_bbp_voice_count":0,"_bbp_anonymous_reply_count":0,"_bbp_topic_count_hidden":0,"_bbp_reply_count_hidden":0,"_bbp_forum_subforum_count":0,"footnotes":""},"categories":[106,1,29],"tags":[],"class_list":["post-5579","post","type-post","status-publish","format-standard","has-post-thumbnail","hentry","category-bat1","category-general","category-portada"],"post_mailing_queue_ids":[],"_links":{"self":[{"href":"https:\/\/agora.xtec.cat\/ins-intermunicipal\/wp-json\/wp\/v2\/posts\/5579","targetHints":{"allow":["GET"]}}],"collection":[{"href":"https:\/\/agora.xtec.cat\/ins-intermunicipal\/wp-json\/wp\/v2\/posts"}],"about":[{"href":"https:\/\/agora.xtec.cat\/ins-intermunicipal\/wp-json\/wp\/v2\/types\/post"}],"author":[{"embeddable":true,"href":"https:\/\/agora.xtec.cat\/ins-intermunicipal\/wp-json\/wp\/v2\/users\/11"}],"replies":[{"embeddable":true,"href":"https:\/\/agora.xtec.cat\/ins-intermunicipal\/wp-json\/wp\/v2\/comments?post=5579"}],"version-history":[{"count":3,"href":"https:\/\/agora.xtec.cat\/ins-intermunicipal\/wp-json\/wp\/v2\/posts\/5579\/revisions"}],"predecessor-version":[{"id":5585,"href":"https:\/\/agora.xtec.cat\/ins-intermunicipal\/wp-json\/wp\/v2\/posts\/5579\/revisions\/5585"}],"wp:featuredmedia":[{"embeddable":true,"href":"https:\/\/agora.xtec.cat\/ins-intermunicipal\/wp-json\/wp\/v2\/media\/5580"}],"wp:attachment":[{"href":"https:\/\/agora.xtec.cat\/ins-intermunicipal\/wp-json\/wp\/v2\/media?parent=5579"}],"wp:term":[{"taxonomy":"category","embeddable":true,"href":"https:\/\/agora.xtec.cat\/ins-intermunicipal\/wp-json\/wp\/v2\/categories?post=5579"},{"taxonomy":"post_tag","embeddable":true,"href":"https:\/\/agora.xtec.cat\/ins-intermunicipal\/wp-json\/wp\/v2\/tags?post=5579"}],"curies":[{"name":"wp","href":"https:\/\/api.w.org\/{rel}","templated":true}]}}