{"id":5563,"date":"2026-01-19T15:32:12","date_gmt":"2026-01-19T14:32:12","guid":{"rendered":"https:\/\/agora.xtec.cat\/ins-intermunicipal\/?p=5563"},"modified":"2026-01-19T17:28:49","modified_gmt":"2026-01-19T16:28:49","slug":"ofertes-de-feina-a-lalt-penedes-16-de-gener","status":"publish","type":"post","link":"https:\/\/agora.xtec.cat\/ins-intermunicipal\/formacio-professional\/feina-fp\/ofertes-de-feina-a-lalt-penedes-16-de-gener\/","title":{"rendered":"Ofertes de feina a l&#8217;Alt Pened\u00e8s. 16 de gener."},"content":{"rendered":"<p>Compartim amb vosaltres les <a href=\"https:\/\/drive.google.com\/file\/d\/1avjGa70aBPRf09U64xwGgHGRpJixo_Vl\/view?usp=sharing\">ofertes de feina actualitzades <\/a>que l\u2019Oficina Municipal del Treball de Vilafranca del Pened\u00e8s ens ha preparat. Trobareu vacants vinculades als estudis que tenim a l\u2019Institut Intermunicipal del Pened\u00e8s. L\u2019oficina ens informa tamb\u00e9 <a href=\"https:\/\/drive.google.com\/file\/d\/1houBYrlrmAM8IgyHoLgUj0wv1ba-mxAR\/view?usp=sharing\">com s\u2019ha de procedir<\/a> per formalitzar les inscripcions.<\/p>\n<p>Tamb\u00e9 ens comunica els cursos o c\u00e0psules formatives que ofereixen al mes de <a href=\"https:\/\/drive.google.com\/file\/d\/1Oau0nwZ7AJM9Q6TbG8eMruVod-k5YXtx\/view?usp=sharing\">gener<\/a>.<\/p>\n<p>Us deixem tamb\u00e9 una petita explicaci\u00f3 del contingut de les c\u00e0psules per si us interessa.<\/p>\n<p><strong>23\/01\/2026<\/strong><\/p>\n<p>CONEIX LA FORMACI\u00d3 OCUPACIONAL AL TERRITORI<\/p>\n<p>Donada la import\u00e0ncia d\u2019estar en continu reciclatge i adaptaci\u00f3 al mercat laboral, dedicarem aquesta sessi\u00f3 a con\u00e8ixer les diferents opcions per cercar cursos que millorin el perfil professional i ampli\u00efn les possibilitats de trobar feina.<\/p>\n<p>&nbsp;<\/p>\n<p><strong>30\/01\/2026<\/strong><\/p>\n<p>RESKILLING: POSA EN VALOR LES TEVES COMPET\u00c8NCIES<\/p>\n<p>Les compet\u00e8ncies professionals s\u00f3n el conjunt integrat d&#8217;habilitats, coneixements i aptituds que es necessiten per a exercir una feina, i que s\u2019adquireixen mitjan\u00e7ant la formaci\u00f3, la pr\u00e0ctica professional i l\u2019experi\u00e8ncia en diferents moments de la vida. L\u2019objectiu d\u2019aquesta sessi\u00f3 \u00e9s identificar les nostres habilitats mitjan\u00e7ant una sessi\u00f3 pr\u00e0ctica de rescat competencial.<\/p>\n","protected":false},"excerpt":{"rendered":"<p>Compartim amb vosaltres les <a href=\"https:\/\/drive.google.com\/file\/d\/1avjGa70aBPRf09U64xwGgHGRpJixo_Vl\/view?usp=sharing\">ofertes de feina actualitzades <\/a>que l\u2019Oficina Municipal del Treball de Vilafranca del Pened\u00e8s ens ha preparat. Trobareu vacants vinculades als estudis que tenim a l\u2019Institut Intermunicipal del Pened\u00e8s. L\u2019oficina ens informa tamb\u00e9 <a href=\"https:\/\/drive.google.com\/file\/d\/1houBYrlrmAM8IgyHoLgUj0wv1ba-mxAR\/view?usp=sharing\">com s\u2019ha de procedir<\/a> per formalitzar les&hellip;  <a href=\"https:\/\/agora.xtec.cat\/ins-intermunicipal\/formacio-professional\/feina-fp\/ofertes-de-feina-a-lalt-penedes-16-de-gener\/\" title=\"Read Ofertes de feina a l&#8217;Alt Pened\u00e8s. 16 de gener.\">Llegeix m\u00e9s\u00bb<\/a><\/p>\n","protected":false},"author":8,"featured_media":0,"comment_status":"closed","ping_status":"open","sticky":false,"template":"","format":"standard","meta":{"_bbp_topic_count":0,"_bbp_reply_count":0,"_bbp_total_topic_count":0,"_bbp_total_reply_count":0,"_bbp_voice_count":0,"_bbp_anonymous_reply_count":0,"_bbp_topic_count_hidden":0,"_bbp_reply_count_hidden":0,"_bbp_forum_subforum_count":0,"footnotes":""},"categories":[189],"tags":[],"class_list":["post-5563","post","type-post","status-publish","format-standard","hentry","category-feina-fp"],"post_mailing_queue_ids":[],"_links":{"self":[{"href":"https:\/\/agora.xtec.cat\/ins-intermunicipal\/wp-json\/wp\/v2\/posts\/5563","targetHints":{"allow":["GET"]}}],"collection":[{"href":"https:\/\/agora.xtec.cat\/ins-intermunicipal\/wp-json\/wp\/v2\/posts"}],"about":[{"href":"https:\/\/agora.xtec.cat\/ins-intermunicipal\/wp-json\/wp\/v2\/types\/post"}],"author":[{"embeddable":true,"href":"https:\/\/agora.xtec.cat\/ins-intermunicipal\/wp-json\/wp\/v2\/users\/8"}],"replies":[{"embeddable":true,"href":"https:\/\/agora.xtec.cat\/ins-intermunicipal\/wp-json\/wp\/v2\/comments?post=5563"}],"version-history":[{"count":2,"href":"https:\/\/agora.xtec.cat\/ins-intermunicipal\/wp-json\/wp\/v2\/posts\/5563\/revisions"}],"predecessor-version":[{"id":5565,"href":"https:\/\/agora.xtec.cat\/ins-intermunicipal\/wp-json\/wp\/v2\/posts\/5563\/revisions\/5565"}],"wp:attachment":[{"href":"https:\/\/agora.xtec.cat\/ins-intermunicipal\/wp-json\/wp\/v2\/media?parent=5563"}],"wp:term":[{"taxonomy":"category","embeddable":true,"href":"https:\/\/agora.xtec.cat\/ins-intermunicipal\/wp-json\/wp\/v2\/categories?post=5563"},{"taxonomy":"post_tag","embeddable":true,"href":"https:\/\/agora.xtec.cat\/ins-intermunicipal\/wp-json\/wp\/v2\/tags?post=5563"}],"curies":[{"name":"wp","href":"https:\/\/api.w.org\/{rel}","templated":true}]}}