{"id":5538,"date":"2026-01-14T12:45:59","date_gmt":"2026-01-14T11:45:59","guid":{"rendered":"https:\/\/agora.xtec.cat\/ins-intermunicipal\/?p=5538"},"modified":"2026-01-14T12:52:09","modified_gmt":"2026-01-14T11:52:09","slug":"dissabtes-de-joc-17-01-26","status":"publish","type":"post","link":"https:\/\/agora.xtec.cat\/ins-intermunicipal\/general\/dissabtes-de-joc-17-01-26\/","title":{"rendered":"Dissabtes de joc (17\/01\/26)"},"content":{"rendered":"<p><a href=\"https:\/\/agora.xtec.cat\/ins-intermunicipal\/wp-content\/uploads\/usu2220\/2026\/01\/Dissabtes-de-joc.jpg\"><img loading=\"lazy\" decoding=\"async\" class=\"wp-image-5539 alignleft\" src=\"https:\/\/agora.xtec.cat\/ins-intermunicipal\/wp-content\/uploads\/usu2220\/2026\/01\/Dissabtes-de-joc.jpg\" alt=\"\" width=\"429\" height=\"536\" srcset=\"https:\/\/agora.xtec.cat\/ins-intermunicipal\/wp-content\/uploads\/usu2220\/2026\/01\/Dissabtes-de-joc.jpg 1080w, https:\/\/agora.xtec.cat\/ins-intermunicipal\/wp-content\/uploads\/usu2220\/2026\/01\/Dissabtes-de-joc-240x300.jpg 240w, https:\/\/agora.xtec.cat\/ins-intermunicipal\/wp-content\/uploads\/usu2220\/2026\/01\/Dissabtes-de-joc-819x1024.jpg 819w, https:\/\/agora.xtec.cat\/ins-intermunicipal\/wp-content\/uploads\/usu2220\/2026\/01\/Dissabtes-de-joc-768x960.jpg 768w\" sizes=\"auto, (max-width: 429px) 100vw, 429px\" \/><\/a><strong>Dissabte 17 de gener a les 11h<\/strong>, alumnes voluntaris de 1r d\u2019ESO de l\u2019Institut Intermunicipal del Pened\u00e8s seran a la Biblioteca de Sant Sadurn\u00ed d\u2019Anoia per compartir els jocs de taula que han creat ells mateixos.<br \/>\nUs conviden a venir a descobrir-los i a gaudir d\u2019una estona l\u00fadica en fam\u00edlia, jugant plegats i coneixent de primera m\u00e0 la creativitat i l\u2019esfor\u00e7 dels nostres alumnes.<\/p>\n","protected":false},"excerpt":{"rendered":"<p><a href=\"https:\/\/agora.xtec.cat\/ins-intermunicipal\/wp-content\/uploads\/usu2220\/2026\/01\/Dissabtes-de-joc.jpg\"><\/a>Dissabte 17 de gener a les 11h, alumnes voluntaris de 1r d\u2019ESO de l\u2019Institut Intermunicipal del Pened\u00e8s seran a la Biblioteca de Sant Sadurn\u00ed d\u2019Anoia per compartir els jocs de taula que han creat ells mateixos.<br \/>\nUs conviden a venir a descobrir-los i a gaudir&hellip;  <a href=\"https:\/\/agora.xtec.cat\/ins-intermunicipal\/general\/dissabtes-de-joc-17-01-26\/\" title=\"Read Dissabtes de joc (17\/01\/26)\">Llegeix m\u00e9s\u00bb<\/a><\/p>\n","protected":false},"author":11,"featured_media":5539,"comment_status":"closed","ping_status":"open","sticky":false,"template":"","format":"standard","meta":{"_bbp_topic_count":0,"_bbp_reply_count":0,"_bbp_total_topic_count":0,"_bbp_total_reply_count":0,"_bbp_voice_count":0,"_bbp_anonymous_reply_count":0,"_bbp_topic_count_hidden":0,"_bbp_reply_count_hidden":0,"_bbp_forum_subforum_count":0,"footnotes":""},"categories":[4,3,1,29],"tags":[772],"class_list":["post-5538","post","type-post","status-publish","format-standard","has-post-thumbnail","hentry","category-1eso","category-eso","category-general","category-portada","tag-1eso-tecno"],"post_mailing_queue_ids":[],"_links":{"self":[{"href":"https:\/\/agora.xtec.cat\/ins-intermunicipal\/wp-json\/wp\/v2\/posts\/5538","targetHints":{"allow":["GET"]}}],"collection":[{"href":"https:\/\/agora.xtec.cat\/ins-intermunicipal\/wp-json\/wp\/v2\/posts"}],"about":[{"href":"https:\/\/agora.xtec.cat\/ins-intermunicipal\/wp-json\/wp\/v2\/types\/post"}],"author":[{"embeddable":true,"href":"https:\/\/agora.xtec.cat\/ins-intermunicipal\/wp-json\/wp\/v2\/users\/11"}],"replies":[{"embeddable":true,"href":"https:\/\/agora.xtec.cat\/ins-intermunicipal\/wp-json\/wp\/v2\/comments?post=5538"}],"version-history":[{"count":4,"href":"https:\/\/agora.xtec.cat\/ins-intermunicipal\/wp-json\/wp\/v2\/posts\/5538\/revisions"}],"predecessor-version":[{"id":5542,"href":"https:\/\/agora.xtec.cat\/ins-intermunicipal\/wp-json\/wp\/v2\/posts\/5538\/revisions\/5542"}],"wp:featuredmedia":[{"embeddable":true,"href":"https:\/\/agora.xtec.cat\/ins-intermunicipal\/wp-json\/wp\/v2\/media\/5539"}],"wp:attachment":[{"href":"https:\/\/agora.xtec.cat\/ins-intermunicipal\/wp-json\/wp\/v2\/media?parent=5538"}],"wp:term":[{"taxonomy":"category","embeddable":true,"href":"https:\/\/agora.xtec.cat\/ins-intermunicipal\/wp-json\/wp\/v2\/categories?post=5538"},{"taxonomy":"post_tag","embeddable":true,"href":"https:\/\/agora.xtec.cat\/ins-intermunicipal\/wp-json\/wp\/v2\/tags?post=5538"}],"curies":[{"name":"wp","href":"https:\/\/api.w.org\/{rel}","templated":true}]}}