{"id":5535,"date":"2026-01-14T12:33:50","date_gmt":"2026-01-14T11:33:50","guid":{"rendered":"https:\/\/agora.xtec.cat\/ins-intermunicipal\/?p=5535"},"modified":"2026-01-14T12:33:50","modified_gmt":"2026-01-14T11:33:50","slug":"sortida-a-cosmocaixa-3r-deso","status":"publish","type":"post","link":"https:\/\/agora.xtec.cat\/ins-intermunicipal\/general\/sortida-a-cosmocaixa-3r-deso\/","title":{"rendered":"Sortida a CosmoCaixa 3r d&#8217;ESO"},"content":{"rendered":"<p><a href=\"https:\/\/agora.xtec.cat\/ins-intermunicipal\/wp-content\/uploads\/usu2220\/2026\/01\/Viu-lelectricitat.jpg\"><img loading=\"lazy\" decoding=\"async\" class=\"wp-image-5536 alignleft\" src=\"https:\/\/agora.xtec.cat\/ins-intermunicipal\/wp-content\/uploads\/usu2220\/2026\/01\/Viu-lelectricitat.jpg\" alt=\"\" width=\"334\" height=\"417\" srcset=\"https:\/\/agora.xtec.cat\/ins-intermunicipal\/wp-content\/uploads\/usu2220\/2026\/01\/Viu-lelectricitat.jpg 1080w, https:\/\/agora.xtec.cat\/ins-intermunicipal\/wp-content\/uploads\/usu2220\/2026\/01\/Viu-lelectricitat-240x300.jpg 240w, https:\/\/agora.xtec.cat\/ins-intermunicipal\/wp-content\/uploads\/usu2220\/2026\/01\/Viu-lelectricitat-819x1024.jpg 819w, https:\/\/agora.xtec.cat\/ins-intermunicipal\/wp-content\/uploads\/usu2220\/2026\/01\/Viu-lelectricitat-768x960.jpg 768w\" sizes=\"auto, (max-width: 334px) 100vw, 334px\" \/><\/a>L\u2019alumnat de\u00a0<strong>3r d\u2019ESO de l\u2019assignatura de Tecnologia i Digitalitzaci\u00f3<\/strong>\u00a0ha realitzat una sortida educativa a\u00a0<strong>CosmoCaixa<\/strong>, on ha participat en el taller\u00a0<strong>\u201cViu l\u2019Electricitat\u201d<\/strong>. Durant l\u2019activitat, els i les alumnes han participat amb molta motivaci\u00f3 i inter\u00e8s, posant en pr\u00e0ctica coneixements treballats a l\u2019aula i aprofundint en els conceptes d\u2019electricitat d\u2019una manera experimental i din\u00e0mica. Ha estat una\u00a0<strong>jornada molt enriquidora<\/strong>, que ha completat i refor\u00e7at els aprenentatges fets a classe.<\/p>\n","protected":false},"excerpt":{"rendered":"<p><a href=\"https:\/\/agora.xtec.cat\/ins-intermunicipal\/wp-content\/uploads\/usu2220\/2026\/01\/Viu-lelectricitat.jpg\"><\/a>L\u2019alumnat de\u00a03r d\u2019ESO de l\u2019assignatura de Tecnologia i Digitalitzaci\u00f3\u00a0ha realitzat una sortida educativa a\u00a0CosmoCaixa, on ha participat en el taller\u00a0\u201cViu l\u2019Electricitat\u201d. Durant l\u2019activitat, els i les alumnes han participat amb molta motivaci\u00f3 i inter\u00e8s, posant en pr\u00e0ctica coneixements treballats a l\u2019aula i aprofundint en&hellip;  <a href=\"https:\/\/agora.xtec.cat\/ins-intermunicipal\/general\/sortida-a-cosmocaixa-3r-deso\/\" title=\"Read Sortida a CosmoCaixa 3r d&#8217;ESO\">Llegeix m\u00e9s\u00bb<\/a><\/p>\n","protected":false},"author":11,"featured_media":5536,"comment_status":"closed","ping_status":"open","sticky":false,"template":"","format":"standard","meta":{"_bbp_topic_count":0,"_bbp_reply_count":0,"_bbp_total_topic_count":0,"_bbp_total_reply_count":0,"_bbp_voice_count":0,"_bbp_anonymous_reply_count":0,"_bbp_topic_count_hidden":0,"_bbp_reply_count_hidden":0,"_bbp_forum_subforum_count":0,"footnotes":""},"categories":[6,3,1,29],"tags":[],"class_list":["post-5535","post","type-post","status-publish","format-standard","has-post-thumbnail","hentry","category-3eso","category-eso","category-general","category-portada"],"post_mailing_queue_ids":[],"_links":{"self":[{"href":"https:\/\/agora.xtec.cat\/ins-intermunicipal\/wp-json\/wp\/v2\/posts\/5535","targetHints":{"allow":["GET"]}}],"collection":[{"href":"https:\/\/agora.xtec.cat\/ins-intermunicipal\/wp-json\/wp\/v2\/posts"}],"about":[{"href":"https:\/\/agora.xtec.cat\/ins-intermunicipal\/wp-json\/wp\/v2\/types\/post"}],"author":[{"embeddable":true,"href":"https:\/\/agora.xtec.cat\/ins-intermunicipal\/wp-json\/wp\/v2\/users\/11"}],"replies":[{"embeddable":true,"href":"https:\/\/agora.xtec.cat\/ins-intermunicipal\/wp-json\/wp\/v2\/comments?post=5535"}],"version-history":[{"count":1,"href":"https:\/\/agora.xtec.cat\/ins-intermunicipal\/wp-json\/wp\/v2\/posts\/5535\/revisions"}],"predecessor-version":[{"id":5537,"href":"https:\/\/agora.xtec.cat\/ins-intermunicipal\/wp-json\/wp\/v2\/posts\/5535\/revisions\/5537"}],"wp:featuredmedia":[{"embeddable":true,"href":"https:\/\/agora.xtec.cat\/ins-intermunicipal\/wp-json\/wp\/v2\/media\/5536"}],"wp:attachment":[{"href":"https:\/\/agora.xtec.cat\/ins-intermunicipal\/wp-json\/wp\/v2\/media?parent=5535"}],"wp:term":[{"taxonomy":"category","embeddable":true,"href":"https:\/\/agora.xtec.cat\/ins-intermunicipal\/wp-json\/wp\/v2\/categories?post=5535"},{"taxonomy":"post_tag","embeddable":true,"href":"https:\/\/agora.xtec.cat\/ins-intermunicipal\/wp-json\/wp\/v2\/tags?post=5535"}],"curies":[{"name":"wp","href":"https:\/\/api.w.org\/{rel}","templated":true}]}}