{"id":5524,"date":"2025-12-19T16:10:52","date_gmt":"2025-12-19T15:10:52","guid":{"rendered":"https:\/\/agora.xtec.cat\/ins-intermunicipal\/?p=5524"},"modified":"2025-12-21T11:36:17","modified_gmt":"2025-12-21T10:36:17","slug":"tanca-amb-exit-la-ja-tradicional-campanya-de-donacio-de-sang-del-2025","status":"publish","type":"post","link":"https:\/\/agora.xtec.cat\/ins-intermunicipal\/general\/tanca-amb-exit-la-ja-tradicional-campanya-de-donacio-de-sang-del-2025\/","title":{"rendered":"Tanca amb \u00e8xit la ja tradicional campanya de donaci\u00f3 de sang del 2025"},"content":{"rendered":"<p>Dimarts es va cloure la campanya de donaci\u00f3 de sang del 2025 que cada any impulsa el nostre centre educatiu amb un total de 67 donacions, de les quals 27 corresponen a persones que van fer la seva primera donaci\u00f3.<br \/>\nAl llarg de tota la tarda, la sala polivalent va ser un continu anar i venir de persones que van contribuir a aquesta tradicional acci\u00f3 solid\u00e0ria, impulsada pels alumnes dels cicles formatius de la fam\u00edlia d\u2019Administraci\u00f3 i Gesti\u00f3, des del m\u00f2dul de Projecte d\u2019Administraci\u00f3 i Finances.<br \/>\nSegons les dades facilitades per l\u2019equip d\u2019infermeria i medicina que va despla\u00e7ar-se fins Sant Sadurn\u00ed d\u2019Anoia, fins a 201 pacients amb diverses patologies es podran beneficiar de la donaci\u00f3 de sang realitzada al centre educatiu. Una dada que ens mostra la import\u00e0ncia de la mobilitzaci\u00f3 anual que fem.<\/p>\n<p>Estenem el nostre agra\u00efment als organitzadors i a totes les persones que es van apropar a l&#8217;\u00cdnter. Tanquem aquesta edici\u00f3 recordant l\u2019esl\u00f2gan que ha guiat la feina d\u2019enguany: \u201cComparteix sang, dona vida\u201d<\/p>\n<p>Ens retrobem l&#8217;any vinent!<\/p>\n<p><a href=\"https:\/\/agora.xtec.cat\/ins-intermunicipal\/general\/tanca-amb-exit-la-ja-tradicional-campanya-de-donacio-de-sang-del-2025\/attachment\/113495\/\" rel=\"attachment wp-att-5525\"><img loading=\"lazy\" decoding=\"async\" class=\"alignnone size-medium wp-image-5525\" src=\"https:\/\/agora.xtec.cat\/ins-intermunicipal\/wp-content\/uploads\/usu2220\/2025\/12\/113495-300x225.jpg\" alt=\"\" width=\"300\" height=\"225\" srcset=\"https:\/\/agora.xtec.cat\/ins-intermunicipal\/wp-content\/uploads\/usu2220\/2025\/12\/113495-300x225.jpg 300w, https:\/\/agora.xtec.cat\/ins-intermunicipal\/wp-content\/uploads\/usu2220\/2025\/12\/113495-1024x768.jpg 1024w, https:\/\/agora.xtec.cat\/ins-intermunicipal\/wp-content\/uploads\/usu2220\/2025\/12\/113495-768x576.jpg 768w, https:\/\/agora.xtec.cat\/ins-intermunicipal\/wp-content\/uploads\/usu2220\/2025\/12\/113495-1536x1152.jpg 1536w, https:\/\/agora.xtec.cat\/ins-intermunicipal\/wp-content\/uploads\/usu2220\/2025\/12\/113495-200x150.jpg 200w, https:\/\/agora.xtec.cat\/ins-intermunicipal\/wp-content\/uploads\/usu2220\/2025\/12\/113495.jpg 2048w\" sizes=\"auto, (max-width: 300px) 100vw, 300px\" \/><\/a> <a href=\"https:\/\/agora.xtec.cat\/ins-intermunicipal\/general\/tanca-amb-exit-la-ja-tradicional-campanya-de-donacio-de-sang-del-2025\/attachment\/113497\/\" rel=\"attachment wp-att-5526\"><img loading=\"lazy\" decoding=\"async\" class=\"alignnone size-medium wp-image-5526\" src=\"https:\/\/agora.xtec.cat\/ins-intermunicipal\/wp-content\/uploads\/usu2220\/2025\/12\/113497-225x300.jpg\" alt=\"\" width=\"225\" height=\"300\" srcset=\"https:\/\/agora.xtec.cat\/ins-intermunicipal\/wp-content\/uploads\/usu2220\/2025\/12\/113497-225x300.jpg 225w, https:\/\/agora.xtec.cat\/ins-intermunicipal\/wp-content\/uploads\/usu2220\/2025\/12\/113497-768x1024.jpg 768w, https:\/\/agora.xtec.cat\/ins-intermunicipal\/wp-content\/uploads\/usu2220\/2025\/12\/113497-1152x1536.jpg 1152w, https:\/\/agora.xtec.cat\/ins-intermunicipal\/wp-content\/uploads\/usu2220\/2025\/12\/113497.jpg 1536w\" sizes=\"auto, (max-width: 225px) 100vw, 225px\" \/><\/a><\/p>\n","protected":false},"excerpt":{"rendered":"<p>Dimarts es va cloure la campanya de donaci\u00f3 de sang del 2025 que cada any impulsa el nostre centre educatiu amb un total de 67 donacions, de les quals 27 corresponen a persones que van fer la seva primera donaci\u00f3.<br \/>\nAl llarg de tota la tarda,&hellip;  <a href=\"https:\/\/agora.xtec.cat\/ins-intermunicipal\/general\/tanca-amb-exit-la-ja-tradicional-campanya-de-donacio-de-sang-del-2025\/\" title=\"Read Tanca amb \u00e8xit la ja tradicional campanya de donaci\u00f3 de sang del 2025\">Llegeix m\u00e9s\u00bb<\/a><\/p>\n","protected":false},"author":8,"featured_media":5525,"comment_status":"closed","ping_status":"open","sticky":false,"template":"","format":"standard","meta":{"_bbp_topic_count":0,"_bbp_reply_count":0,"_bbp_total_topic_count":0,"_bbp_total_reply_count":0,"_bbp_voice_count":0,"_bbp_anonymous_reply_count":0,"_bbp_topic_count_hidden":0,"_bbp_reply_count_hidden":0,"_bbp_forum_subforum_count":0,"footnotes":""},"categories":[30,1,29],"tags":[],"class_list":["post-5524","post","type-post","status-publish","format-standard","has-post-thumbnail","hentry","category-formacio-professional","category-general","category-portada"],"post_mailing_queue_ids":[],"_links":{"self":[{"href":"https:\/\/agora.xtec.cat\/ins-intermunicipal\/wp-json\/wp\/v2\/posts\/5524","targetHints":{"allow":["GET"]}}],"collection":[{"href":"https:\/\/agora.xtec.cat\/ins-intermunicipal\/wp-json\/wp\/v2\/posts"}],"about":[{"href":"https:\/\/agora.xtec.cat\/ins-intermunicipal\/wp-json\/wp\/v2\/types\/post"}],"author":[{"embeddable":true,"href":"https:\/\/agora.xtec.cat\/ins-intermunicipal\/wp-json\/wp\/v2\/users\/8"}],"replies":[{"embeddable":true,"href":"https:\/\/agora.xtec.cat\/ins-intermunicipal\/wp-json\/wp\/v2\/comments?post=5524"}],"version-history":[{"count":5,"href":"https:\/\/agora.xtec.cat\/ins-intermunicipal\/wp-json\/wp\/v2\/posts\/5524\/revisions"}],"predecessor-version":[{"id":5531,"href":"https:\/\/agora.xtec.cat\/ins-intermunicipal\/wp-json\/wp\/v2\/posts\/5524\/revisions\/5531"}],"wp:featuredmedia":[{"embeddable":true,"href":"https:\/\/agora.xtec.cat\/ins-intermunicipal\/wp-json\/wp\/v2\/media\/5525"}],"wp:attachment":[{"href":"https:\/\/agora.xtec.cat\/ins-intermunicipal\/wp-json\/wp\/v2\/media?parent=5524"}],"wp:term":[{"taxonomy":"category","embeddable":true,"href":"https:\/\/agora.xtec.cat\/ins-intermunicipal\/wp-json\/wp\/v2\/categories?post=5524"},{"taxonomy":"post_tag","embeddable":true,"href":"https:\/\/agora.xtec.cat\/ins-intermunicipal\/wp-json\/wp\/v2\/tags?post=5524"}],"curies":[{"name":"wp","href":"https:\/\/api.w.org\/{rel}","templated":true}]}}