{"id":5516,"date":"2025-12-18T18:09:51","date_gmt":"2025-12-18T17:09:51","guid":{"rendered":"https:\/\/agora.xtec.cat\/ins-intermunicipal\/?p=5516"},"modified":"2025-12-18T18:11:02","modified_gmt":"2025-12-18T17:11:02","slug":"activitats-de-nadal-a-la-casa-dels-avis","status":"publish","type":"post","link":"https:\/\/agora.xtec.cat\/ins-intermunicipal\/general\/activitats-de-nadal-a-la-casa-dels-avis\/","title":{"rendered":"Activitats de Nadal a la Casa dels Avis"},"content":{"rendered":"<p>L&#8217;alumnat de segon curs del CFPM de Farm\u00e0cia i Parafarm\u00e0cia va despla\u00e7ar-se el passat 12 de desembre a la Casa dels Avis, la resid\u00e8ncia de gent gran de Sant Sadurn\u00ed d&#8217;Anoia, per portar a terme una activitat de Nadal.<\/p>\n<p>El grup d&#8217;alumnes van dinamitzar 3 activitats: un bingo musical, una prova sensorial de reconeixement d&#8217;olors i unes manualitats nadalenques (fer-ne una a postal i un arbre de Nadal).<\/p>\n<p>L&#8217;activitat va ser molt emotiva, els alumnes es van implicar molt i molts avis ho van agrair.<\/p>\n<p>Us deixem algunes imatges de la intervenci\u00f3.<\/p>\n<p><a href=\"https:\/\/agora.xtec.cat\/ins-intermunicipal\/general\/activitats-de-nadal-a-la-casa-dels-avis\/attachment\/1766073074499\/\" rel=\"attachment wp-att-5518\"><img loading=\"lazy\" decoding=\"async\" class=\"alignnone size-large wp-image-5518\" src=\"https:\/\/agora.xtec.cat\/ins-intermunicipal\/wp-content\/uploads\/usu2220\/2025\/12\/1766073074499-1024x769.jpg\" alt=\"\" width=\"1024\" height=\"769\" srcset=\"https:\/\/agora.xtec.cat\/ins-intermunicipal\/wp-content\/uploads\/usu2220\/2025\/12\/1766073074499-1024x769.jpg 1024w, https:\/\/agora.xtec.cat\/ins-intermunicipal\/wp-content\/uploads\/usu2220\/2025\/12\/1766073074499-300x225.jpg 300w, https:\/\/agora.xtec.cat\/ins-intermunicipal\/wp-content\/uploads\/usu2220\/2025\/12\/1766073074499-768x577.jpg 768w, https:\/\/agora.xtec.cat\/ins-intermunicipal\/wp-content\/uploads\/usu2220\/2025\/12\/1766073074499-1536x1153.jpg 1536w, https:\/\/agora.xtec.cat\/ins-intermunicipal\/wp-content\/uploads\/usu2220\/2025\/12\/1766073074499-2048x1538.jpg 2048w, https:\/\/agora.xtec.cat\/ins-intermunicipal\/wp-content\/uploads\/usu2220\/2025\/12\/1766073074499-200x150.jpg 200w\" sizes=\"auto, (max-width: 1024px) 100vw, 1024px\" \/><\/a> <a href=\"https:\/\/agora.xtec.cat\/ins-intermunicipal\/general\/activitats-de-nadal-a-la-casa-dels-avis\/attachment\/1766073074520\/\" rel=\"attachment wp-att-5519\"><img loading=\"lazy\" decoding=\"async\" class=\"alignnone size-large wp-image-5519\" src=\"https:\/\/agora.xtec.cat\/ins-intermunicipal\/wp-content\/uploads\/usu2220\/2025\/12\/1766073074520-1024x769.jpg\" alt=\"\" width=\"1024\" height=\"769\" srcset=\"https:\/\/agora.xtec.cat\/ins-intermunicipal\/wp-content\/uploads\/usu2220\/2025\/12\/1766073074520-1024x769.jpg 1024w, https:\/\/agora.xtec.cat\/ins-intermunicipal\/wp-content\/uploads\/usu2220\/2025\/12\/1766073074520-300x225.jpg 300w, https:\/\/agora.xtec.cat\/ins-intermunicipal\/wp-content\/uploads\/usu2220\/2025\/12\/1766073074520-768x577.jpg 768w, https:\/\/agora.xtec.cat\/ins-intermunicipal\/wp-content\/uploads\/usu2220\/2025\/12\/1766073074520-1536x1153.jpg 1536w, https:\/\/agora.xtec.cat\/ins-intermunicipal\/wp-content\/uploads\/usu2220\/2025\/12\/1766073074520-2048x1538.jpg 2048w, https:\/\/agora.xtec.cat\/ins-intermunicipal\/wp-content\/uploads\/usu2220\/2025\/12\/1766073074520-200x150.jpg 200w\" sizes=\"auto, (max-width: 1024px) 100vw, 1024px\" \/><\/a> <a href=\"https:\/\/agora.xtec.cat\/ins-intermunicipal\/general\/activitats-de-nadal-a-la-casa-dels-avis\/attachment\/1766073074539-2\/\" rel=\"attachment wp-att-5520\"><img loading=\"lazy\" decoding=\"async\" class=\"alignnone size-large wp-image-5520\" src=\"https:\/\/agora.xtec.cat\/ins-intermunicipal\/wp-content\/uploads\/usu2220\/2025\/12\/1766073074539-1-1024x769.jpg\" alt=\"\" width=\"1024\" height=\"769\" srcset=\"https:\/\/agora.xtec.cat\/ins-intermunicipal\/wp-content\/uploads\/usu2220\/2025\/12\/1766073074539-1-1024x769.jpg 1024w, https:\/\/agora.xtec.cat\/ins-intermunicipal\/wp-content\/uploads\/usu2220\/2025\/12\/1766073074539-1-300x225.jpg 300w, https:\/\/agora.xtec.cat\/ins-intermunicipal\/wp-content\/uploads\/usu2220\/2025\/12\/1766073074539-1-768x577.jpg 768w, https:\/\/agora.xtec.cat\/ins-intermunicipal\/wp-content\/uploads\/usu2220\/2025\/12\/1766073074539-1-1536x1153.jpg 1536w, https:\/\/agora.xtec.cat\/ins-intermunicipal\/wp-content\/uploads\/usu2220\/2025\/12\/1766073074539-1-2048x1538.jpg 2048w, https:\/\/agora.xtec.cat\/ins-intermunicipal\/wp-content\/uploads\/usu2220\/2025\/12\/1766073074539-1-200x150.jpg 200w\" sizes=\"auto, (max-width: 1024px) 100vw, 1024px\" \/><\/a><\/p>\n<p>&nbsp;<\/p>\n","protected":false},"excerpt":{"rendered":"<p>L&#8217;alumnat de segon curs del CFPM de Farm\u00e0cia i Parafarm\u00e0cia va despla\u00e7ar-se el passat 12 de desembre a la Casa dels Avis, la resid\u00e8ncia de gent gran de Sant Sadurn\u00ed d&#8217;Anoia, per portar a terme una activitat de Nadal.<br \/>\nEl grup d&#8217;alumnes van dinamitzar 3 activitats:&hellip;  <a href=\"https:\/\/agora.xtec.cat\/ins-intermunicipal\/general\/activitats-de-nadal-a-la-casa-dels-avis\/\" title=\"Read Activitats de Nadal a la Casa dels Avis\">Llegeix m\u00e9s\u00bb<\/a><\/p>\n","protected":false},"author":8,"featured_media":5519,"comment_status":"closed","ping_status":"open","sticky":false,"template":"","format":"standard","meta":{"_bbp_topic_count":0,"_bbp_reply_count":0,"_bbp_total_topic_count":0,"_bbp_total_reply_count":0,"_bbp_voice_count":0,"_bbp_anonymous_reply_count":0,"_bbp_topic_count_hidden":0,"_bbp_reply_count_hidden":0,"_bbp_forum_subforum_count":0,"footnotes":""},"categories":[30,1,29],"tags":[],"class_list":["post-5516","post","type-post","status-publish","format-standard","has-post-thumbnail","hentry","category-formacio-professional","category-general","category-portada"],"post_mailing_queue_ids":[],"_links":{"self":[{"href":"https:\/\/agora.xtec.cat\/ins-intermunicipal\/wp-json\/wp\/v2\/posts\/5516","targetHints":{"allow":["GET"]}}],"collection":[{"href":"https:\/\/agora.xtec.cat\/ins-intermunicipal\/wp-json\/wp\/v2\/posts"}],"about":[{"href":"https:\/\/agora.xtec.cat\/ins-intermunicipal\/wp-json\/wp\/v2\/types\/post"}],"author":[{"embeddable":true,"href":"https:\/\/agora.xtec.cat\/ins-intermunicipal\/wp-json\/wp\/v2\/users\/8"}],"replies":[{"embeddable":true,"href":"https:\/\/agora.xtec.cat\/ins-intermunicipal\/wp-json\/wp\/v2\/comments?post=5516"}],"version-history":[{"count":3,"href":"https:\/\/agora.xtec.cat\/ins-intermunicipal\/wp-json\/wp\/v2\/posts\/5516\/revisions"}],"predecessor-version":[{"id":5523,"href":"https:\/\/agora.xtec.cat\/ins-intermunicipal\/wp-json\/wp\/v2\/posts\/5516\/revisions\/5523"}],"wp:featuredmedia":[{"embeddable":true,"href":"https:\/\/agora.xtec.cat\/ins-intermunicipal\/wp-json\/wp\/v2\/media\/5519"}],"wp:attachment":[{"href":"https:\/\/agora.xtec.cat\/ins-intermunicipal\/wp-json\/wp\/v2\/media?parent=5516"}],"wp:term":[{"taxonomy":"category","embeddable":true,"href":"https:\/\/agora.xtec.cat\/ins-intermunicipal\/wp-json\/wp\/v2\/categories?post=5516"},{"taxonomy":"post_tag","embeddable":true,"href":"https:\/\/agora.xtec.cat\/ins-intermunicipal\/wp-json\/wp\/v2\/tags?post=5516"}],"curies":[{"name":"wp","href":"https:\/\/api.w.org\/{rel}","templated":true}]}}