{"id":5492,"date":"2025-12-16T16:20:19","date_gmt":"2025-12-16T15:20:19","guid":{"rendered":"https:\/\/agora.xtec.cat\/ins-intermunicipal\/?p=5492"},"modified":"2026-01-09T18:02:15","modified_gmt":"2026-01-09T17:02:15","slug":"la-campanya-de-domacio-de-sang-ja-ha-arrencat","status":"publish","type":"post","link":"https:\/\/agora.xtec.cat\/ins-intermunicipal\/general\/la-campanya-de-domacio-de-sang-ja-ha-arrencat\/","title":{"rendered":"La campanya de donaci\u00f3 de sang ja ha arrencat!"},"content":{"rendered":"<div dir=\"auto\">Avui donem sang!\u00a0<img decoding=\"async\" class=\"an1\" draggable=\"false\" src=\"https:\/\/fonts.gstatic.com\/s\/e\/notoemoji\/16.0\/2763\/72.png\" alt=\"\u2763\" data-emoji=\"\u2763\" aria-label=\"\u2763\" \/><\/div>\n<div dir=\"auto\">La campanya de donaci\u00f3 de sang ja ha arrencat. Avui\u00a016 de desembre, a l\u2019INS Intermunicipal del Pened\u00e8s t\u00e9 lloc la ja tradicional jornada de donaci\u00f3 de sang.<\/div>\n<div dir=\"auto\"><\/div>\n<div dir=\"auto\"><img decoding=\"async\" class=\"an1\" draggable=\"false\" src=\"https:\/\/fonts.gstatic.com\/s\/e\/notoemoji\/16.0\/1f553\/72.png\" alt=\"\ud83d\udd53\" data-emoji=\"\ud83d\udd53\" aria-label=\"\ud83d\udd53\" \/> Teniu temps fins a les 20:00!!<\/div>\n<div dir=\"auto\"><\/div>\n<div dir=\"auto\">Recordatoris importants per a les persones donants:<\/div>\n<div dir=\"auto\"><img decoding=\"async\" class=\"an1\" draggable=\"false\" src=\"https:\/\/fonts.gstatic.com\/s\/e\/notoemoji\/16.0\/2714_fe0f\/72.png\" alt=\"\u2714\ufe0f\" data-emoji=\"\u2714\ufe0f\" aria-label=\"\u2714\ufe0f\" \/>\u00a0Portar el DNI, NIE o passaport<\/div>\n<div dir=\"auto\"><img decoding=\"async\" class=\"an1\" draggable=\"false\" src=\"https:\/\/fonts.gstatic.com\/s\/e\/notoemoji\/16.0\/2714_fe0f\/72.png\" alt=\"\u2714\ufe0f\" data-emoji=\"\u2714\ufe0f\" aria-label=\"\u2714\ufe0f\" \/>\u00a0Haver menjat abans de venir<\/div>\n<div dir=\"auto\"><img decoding=\"async\" class=\"an1\" draggable=\"false\" src=\"https:\/\/fonts.gstatic.com\/s\/e\/notoemoji\/16.0\/2714_fe0f\/72.png\" alt=\"\u2714\ufe0f\" data-emoji=\"\u2714\ufe0f\" aria-label=\"\u2714\ufe0f\" \/>\u00a0Venir amb ganes de fer un gran gest (encara que sembli petit\u00a0<img decoding=\"async\" class=\"an1\" draggable=\"false\" src=\"https:\/\/fonts.gstatic.com\/s\/e\/notoemoji\/16.0\/2728\/72.png\" alt=\"\u2728\" data-emoji=\"\u2728\" aria-label=\"\u2728\" \/>)<\/div>\n<div dir=\"auto\"><\/div>\n<div dir=\"auto\">Gr\u00e0cies per formar part d\u2019aquesta jornada solid\u00e0ria\u00a0<img decoding=\"async\" class=\"an1\" draggable=\"false\" src=\"https:\/\/fonts.gstatic.com\/s\/e\/notoemoji\/16.0\/1fac2\/72.png\" alt=\"\ud83e\udec2\" data-emoji=\"\ud83e\udec2\" aria-label=\"\ud83e\udec2\" \/><img decoding=\"async\" class=\"an1\" draggable=\"false\" src=\"https:\/\/fonts.gstatic.com\/s\/e\/notoemoji\/16.0\/2764\/72.png\" alt=\"\u2764\" data-emoji=\"\u2764\" aria-label=\"\u2764\" \/><\/div>\n<div dir=\"auto\">Comparteix sang, dona vida!<\/div>\n","protected":false},"excerpt":{"rendered":"<p>Avui donem sang!\u00a0<br \/>\nLa campanya de donaci\u00f3 de sang ja ha arrencat. Avui\u00a016 de desembre, a l\u2019INS Intermunicipal del Pened\u00e8s t\u00e9 lloc la ja tradicional jornada de donaci\u00f3 de sang.<\/p>\n<p> Teniu temps fins a les 20:00!!<\/p>\n<p>Recordatoris importants per a les persones donants:<br \/>\n\u00a0Portar el DNI, NIE o&hellip;  <a href=\"https:\/\/agora.xtec.cat\/ins-intermunicipal\/general\/la-campanya-de-domacio-de-sang-ja-ha-arrencat\/\" title=\"Read La campanya de donaci\u00f3 de sang ja ha arrencat!\">Llegeix m\u00e9s\u00bb<\/a><\/p>\n","protected":false},"author":8,"featured_media":5495,"comment_status":"closed","ping_status":"open","sticky":false,"template":"","format":"standard","meta":{"_bbp_topic_count":0,"_bbp_reply_count":0,"_bbp_total_topic_count":0,"_bbp_total_reply_count":0,"_bbp_voice_count":0,"_bbp_anonymous_reply_count":0,"_bbp_topic_count_hidden":0,"_bbp_reply_count_hidden":0,"_bbp_forum_subforum_count":0,"footnotes":""},"categories":[30,1,29],"tags":[],"class_list":["post-5492","post","type-post","status-publish","format-standard","has-post-thumbnail","hentry","category-formacio-professional","category-general","category-portada"],"post_mailing_queue_ids":[],"_links":{"self":[{"href":"https:\/\/agora.xtec.cat\/ins-intermunicipal\/wp-json\/wp\/v2\/posts\/5492","targetHints":{"allow":["GET"]}}],"collection":[{"href":"https:\/\/agora.xtec.cat\/ins-intermunicipal\/wp-json\/wp\/v2\/posts"}],"about":[{"href":"https:\/\/agora.xtec.cat\/ins-intermunicipal\/wp-json\/wp\/v2\/types\/post"}],"author":[{"embeddable":true,"href":"https:\/\/agora.xtec.cat\/ins-intermunicipal\/wp-json\/wp\/v2\/users\/8"}],"replies":[{"embeddable":true,"href":"https:\/\/agora.xtec.cat\/ins-intermunicipal\/wp-json\/wp\/v2\/comments?post=5492"}],"version-history":[{"count":3,"href":"https:\/\/agora.xtec.cat\/ins-intermunicipal\/wp-json\/wp\/v2\/posts\/5492\/revisions"}],"predecessor-version":[{"id":5534,"href":"https:\/\/agora.xtec.cat\/ins-intermunicipal\/wp-json\/wp\/v2\/posts\/5492\/revisions\/5534"}],"wp:featuredmedia":[{"embeddable":true,"href":"https:\/\/agora.xtec.cat\/ins-intermunicipal\/wp-json\/wp\/v2\/media\/5495"}],"wp:attachment":[{"href":"https:\/\/agora.xtec.cat\/ins-intermunicipal\/wp-json\/wp\/v2\/media?parent=5492"}],"wp:term":[{"taxonomy":"category","embeddable":true,"href":"https:\/\/agora.xtec.cat\/ins-intermunicipal\/wp-json\/wp\/v2\/categories?post=5492"},{"taxonomy":"post_tag","embeddable":true,"href":"https:\/\/agora.xtec.cat\/ins-intermunicipal\/wp-json\/wp\/v2\/tags?post=5492"}],"curies":[{"name":"wp","href":"https:\/\/api.w.org\/{rel}","templated":true}]}}