{"id":5474,"date":"2025-12-11T13:42:30","date_gmt":"2025-12-11T12:42:30","guid":{"rendered":"https:\/\/agora.xtec.cat\/ins-intermunicipal\/?p=5474"},"modified":"2025-12-11T13:42:30","modified_gmt":"2025-12-11T12:42:30","slug":"butlleti-num-6-de-lipsap","status":"publish","type":"post","link":"https:\/\/agora.xtec.cat\/ins-intermunicipal\/general\/butlleti-num-6-de-lipsap\/","title":{"rendered":"Butllet\u00ed n\u00fam. 6 de l&#8217;IPSAP"},"content":{"rendered":"<p><a href=\"https:\/\/agora.xtec.cat\/ins-intermunicipal\/wp-content\/uploads\/usu2220\/2024\/01\/IPSAPNumero-2-2-1_page-0001.jpg\"><img loading=\"lazy\" decoding=\"async\" class=\"size-full wp-image-1902 alignleft\" src=\"https:\/\/agora.xtec.cat\/ins-intermunicipal\/wp-content\/uploads\/usu2220\/2024\/01\/IPSAPNumero-2-2-1_page-0001.jpg\" alt=\"\" width=\"330\" height=\"215\" srcset=\"https:\/\/agora.xtec.cat\/ins-intermunicipal\/wp-content\/uploads\/usu2220\/2024\/01\/IPSAPNumero-2-2-1_page-0001.jpg 330w, https:\/\/agora.xtec.cat\/ins-intermunicipal\/wp-content\/uploads\/usu2220\/2024\/01\/IPSAPNumero-2-2-1_page-0001-300x195.jpg 300w\" sizes=\"auto, (max-width: 330px) 100vw, 330px\" \/><\/a>Ja ha aparegut el butllet\u00ed n\u00fam. 6 de l&#8217;Institut Promotor de Salut de l&#8217;Alt Pened\u00e8s (IPSAP). En aquesta ocasi\u00f3 hi trobareu informacions relatives a l&#8217;excursi\u00f3 a La Vall del Foix, als P\u00e8lags i gorges del riu Foix i a Santa Maria de Foix. Tamb\u00e9 hi trobareu informaci\u00f3 sobre els efectes dels vapejadors en la salut, aix\u00ed com receptes i recomanacions de cinema. El podeu llegir en l\u00ednia clicant aqu\u00ed: <a href=\"https:\/\/agora.xtec.cat\/ins-intermunicipal\/wp-content\/uploads\/usu2220\/2025\/12\/IPSAP-Numero-6-1.pdf\">IPSAP N\u00famero 6<\/a>.<\/p>\n<p>&nbsp;<\/p>\n","protected":false},"excerpt":{"rendered":"<p><a href=\"https:\/\/agora.xtec.cat\/ins-intermunicipal\/wp-content\/uploads\/usu2220\/2024\/01\/IPSAPNumero-2-2-1_page-0001.jpg\"><\/a>Ja ha aparegut el butllet\u00ed n\u00fam. 6 de l&#8217;Institut Promotor de Salut de l&#8217;Alt Pened\u00e8s (IPSAP). En aquesta ocasi\u00f3 hi trobareu informacions relatives a l&#8217;excursi\u00f3 a La Vall del Foix, als P\u00e8lags i gorges del riu Foix i a Santa Maria de Foix. Tamb\u00e9&hellip;  <a href=\"https:\/\/agora.xtec.cat\/ins-intermunicipal\/general\/butlleti-num-6-de-lipsap\/\" title=\"Read Butllet\u00ed n\u00fam. 6 de l&#8217;IPSAP\">Llegeix m\u00e9s\u00bb<\/a><\/p>\n","protected":false},"author":11,"featured_media":5480,"comment_status":"closed","ping_status":"open","sticky":false,"template":"","format":"standard","meta":{"_bbp_topic_count":0,"_bbp_reply_count":0,"_bbp_total_topic_count":0,"_bbp_total_reply_count":0,"_bbp_voice_count":0,"_bbp_anonymous_reply_count":0,"_bbp_topic_count_hidden":0,"_bbp_reply_count_hidden":0,"_bbp_forum_subforum_count":0,"footnotes":""},"categories":[1,29],"tags":[],"class_list":["post-5474","post","type-post","status-publish","format-standard","has-post-thumbnail","hentry","category-general","category-portada"],"post_mailing_queue_ids":[],"_links":{"self":[{"href":"https:\/\/agora.xtec.cat\/ins-intermunicipal\/wp-json\/wp\/v2\/posts\/5474","targetHints":{"allow":["GET"]}}],"collection":[{"href":"https:\/\/agora.xtec.cat\/ins-intermunicipal\/wp-json\/wp\/v2\/posts"}],"about":[{"href":"https:\/\/agora.xtec.cat\/ins-intermunicipal\/wp-json\/wp\/v2\/types\/post"}],"author":[{"embeddable":true,"href":"https:\/\/agora.xtec.cat\/ins-intermunicipal\/wp-json\/wp\/v2\/users\/11"}],"replies":[{"embeddable":true,"href":"https:\/\/agora.xtec.cat\/ins-intermunicipal\/wp-json\/wp\/v2\/comments?post=5474"}],"version-history":[{"count":4,"href":"https:\/\/agora.xtec.cat\/ins-intermunicipal\/wp-json\/wp\/v2\/posts\/5474\/revisions"}],"predecessor-version":[{"id":5479,"href":"https:\/\/agora.xtec.cat\/ins-intermunicipal\/wp-json\/wp\/v2\/posts\/5474\/revisions\/5479"}],"wp:featuredmedia":[{"embeddable":true,"href":"https:\/\/agora.xtec.cat\/ins-intermunicipal\/wp-json\/wp\/v2\/media\/5480"}],"wp:attachment":[{"href":"https:\/\/agora.xtec.cat\/ins-intermunicipal\/wp-json\/wp\/v2\/media?parent=5474"}],"wp:term":[{"taxonomy":"category","embeddable":true,"href":"https:\/\/agora.xtec.cat\/ins-intermunicipal\/wp-json\/wp\/v2\/categories?post=5474"},{"taxonomy":"post_tag","embeddable":true,"href":"https:\/\/agora.xtec.cat\/ins-intermunicipal\/wp-json\/wp\/v2\/tags?post=5474"}],"curies":[{"name":"wp","href":"https:\/\/api.w.org\/{rel}","templated":true}]}}