{"id":5467,"date":"2025-12-05T17:51:09","date_gmt":"2025-12-05T16:51:09","guid":{"rendered":"https:\/\/agora.xtec.cat\/ins-intermunicipal\/?p=5467"},"modified":"2025-12-05T17:54:17","modified_gmt":"2025-12-05T16:54:17","slug":"lalumnat-del-cfps-deducacio-infantil-a-lhora-del-conte","status":"publish","type":"post","link":"https:\/\/agora.xtec.cat\/ins-intermunicipal\/general\/lalumnat-del-cfps-deducacio-infantil-a-lhora-del-conte\/","title":{"rendered":"L&#8217;alumnat del CFPS d&#8217;Educaci\u00f3 Infantil, a l&#8217;Hora del Conte"},"content":{"rendered":"<p><a href=\"https:\/\/agora.xtec.cat\/ins-intermunicipal\/general\/lalumnat-del-cfps-deducacio-infantil-a-lhora-del-conte\/attachment\/img-20251204-wa0003\/\" rel=\"attachment wp-att-5468\"><img loading=\"lazy\" decoding=\"async\" class=\"size-medium wp-image-5468 alignright\" src=\"https:\/\/agora.xtec.cat\/ins-intermunicipal\/wp-content\/uploads\/usu2220\/2025\/12\/IMG-20251204-WA0003-300x225.jpg\" alt=\"\" width=\"300\" height=\"225\" srcset=\"https:\/\/agora.xtec.cat\/ins-intermunicipal\/wp-content\/uploads\/usu2220\/2025\/12\/IMG-20251204-WA0003-300x225.jpg 300w, https:\/\/agora.xtec.cat\/ins-intermunicipal\/wp-content\/uploads\/usu2220\/2025\/12\/IMG-20251204-WA0003-1024x768.jpg 1024w, https:\/\/agora.xtec.cat\/ins-intermunicipal\/wp-content\/uploads\/usu2220\/2025\/12\/IMG-20251204-WA0003-768x576.jpg 768w, https:\/\/agora.xtec.cat\/ins-intermunicipal\/wp-content\/uploads\/usu2220\/2025\/12\/IMG-20251204-WA0003-1536x1152.jpg 1536w, https:\/\/agora.xtec.cat\/ins-intermunicipal\/wp-content\/uploads\/usu2220\/2025\/12\/IMG-20251204-WA0003-200x150.jpg 200w, https:\/\/agora.xtec.cat\/ins-intermunicipal\/wp-content\/uploads\/usu2220\/2025\/12\/IMG-20251204-WA0003.jpg 1600w\" sizes=\"auto, (max-width: 300px) 100vw, 300px\" \/><\/a>L&#8217;alumnat de primer curs del CFPS d&#8217;Educaci\u00f3 Infantil s&#8217;ha despla\u00e7at en aquests darrers dies a la Biblioteca Ramon Bosch de Noya de Sant Sadurn\u00ed d&#8217;Anoia per participar com a espectadors a l&#8217;Hora del Conte que s&#8217;ofereix dins del seu programa d&#8217;activitats.<br \/>\nDijous 27 de novembre, a les 17.30, es va fer la presentaci\u00f3 del conte <em>Vull volar en globus<\/em>, d\u2019\u00c0ngels Pineda, amb la narraci\u00f3 a c\u00e0rrec de la narradora oral Rosa Pinyol i dijous 4 de desembre, a les 17.30, es va presentar <em>La vaga dels camells<\/em>, de J\u00falia Gum\u00e0, amb la narraci\u00f3 de la mateixa autora i la col\u00b7laboraci\u00f3 de la il\u00b7lustradora Anna Clariana. La classe es va repartir en els dos dies.<\/p>\n<p><a href=\"https:\/\/agora.xtec.cat\/ins-intermunicipal\/general\/lalumnat-del-cfps-deducacio-infantil-a-lhora-del-conte\/attachment\/img-20251204-wa0005\/\" rel=\"attachment wp-att-5470\"><img loading=\"lazy\" decoding=\"async\" class=\"size-medium wp-image-5470 alignright\" src=\"https:\/\/agora.xtec.cat\/ins-intermunicipal\/wp-content\/uploads\/usu2220\/2025\/12\/IMG-20251204-WA0005-225x300.jpg\" alt=\"\" width=\"225\" height=\"300\" srcset=\"https:\/\/agora.xtec.cat\/ins-intermunicipal\/wp-content\/uploads\/usu2220\/2025\/12\/IMG-20251204-WA0005-225x300.jpg 225w, https:\/\/agora.xtec.cat\/ins-intermunicipal\/wp-content\/uploads\/usu2220\/2025\/12\/IMG-20251204-WA0005-768x1024.jpg 768w, https:\/\/agora.xtec.cat\/ins-intermunicipal\/wp-content\/uploads\/usu2220\/2025\/12\/IMG-20251204-WA0005-1152x1536.jpg 1152w, https:\/\/agora.xtec.cat\/ins-intermunicipal\/wp-content\/uploads\/usu2220\/2025\/12\/IMG-20251204-WA0005.jpg 1200w\" sizes=\"auto, (max-width: 225px) 100vw, 225px\" \/><\/a>L\u2019Hora del Conte \u00e9s una proposta cultural que s\u2019ofereix regularment a la biblioteca i que s\u2019adre\u00e7a als infants i a les seves fam\u00edlies. L\u2019alumnat, com a futurs t\u00e8cnics i t\u00e8cniques d\u2019Educaci\u00f3 Infantil, va poder presenciar la narraci\u00f3 de dos contes per part de dues narradores diferents, amb l\u2019objectiu d\u2019aprendre com explicar un conte davant d&#8217;una gran audi\u00e8ncia.<\/p>\n<p>A classe, aquests dies han estat treballant el conte com a recurs educatiu i pedag\u00f2gic, afavorint experi\u00e8ncies d\u2019aprenentatge enriquidores. A la biblioteca van poder observar com es posa en pr\u00e0ctica el fet treballat a l\u2019aula i comprovar la import\u00e0ncia de la t\u00e8cnica i la preparaci\u00f3 en l\u2019art de narrar contes: crear una atmosfera adequada, jugar amb el to de veu, utilitzar el llenguatge gestual, incorporar onomatopeies i can\u00e7ons i interactuar amb els infants per mantenir el seu inter\u00e8s actiu.<\/p>\n","protected":false},"excerpt":{"rendered":"<p><a href=\"https:\/\/agora.xtec.cat\/ins-intermunicipal\/general\/lalumnat-del-cfps-deducacio-infantil-a-lhora-del-conte\/attachment\/img-20251204-wa0003\/\" rel=\"attachment wp-att-5468\"><\/a>L&#8217;alumnat de primer curs del CFPS d&#8217;Educaci\u00f3 Infantil s&#8217;ha despla\u00e7at en aquests darrers dies a la Biblioteca Ramon Bosch de Noya de Sant Sadurn\u00ed d&#8217;Anoia per participar com a espectadors a l&#8217;Hora del Conte que s&#8217;ofereix dins del seu programa d&#8217;activitats.<br \/>\nDijous 27&hellip;  <a href=\"https:\/\/agora.xtec.cat\/ins-intermunicipal\/general\/lalumnat-del-cfps-deducacio-infantil-a-lhora-del-conte\/\" title=\"Read L&#8217;alumnat del CFPS d&#8217;Educaci\u00f3 Infantil, a l&#8217;Hora del Conte\">Llegeix m\u00e9s\u00bb<\/a><\/p>\n","protected":false},"author":8,"featured_media":5468,"comment_status":"closed","ping_status":"open","sticky":false,"template":"","format":"standard","meta":{"_bbp_topic_count":0,"_bbp_reply_count":0,"_bbp_total_topic_count":0,"_bbp_total_reply_count":0,"_bbp_voice_count":0,"_bbp_anonymous_reply_count":0,"_bbp_topic_count_hidden":0,"_bbp_reply_count_hidden":0,"_bbp_forum_subforum_count":0,"footnotes":""},"categories":[30,1,29],"tags":[],"class_list":["post-5467","post","type-post","status-publish","format-standard","has-post-thumbnail","hentry","category-formacio-professional","category-general","category-portada"],"post_mailing_queue_ids":[],"_links":{"self":[{"href":"https:\/\/agora.xtec.cat\/ins-intermunicipal\/wp-json\/wp\/v2\/posts\/5467","targetHints":{"allow":["GET"]}}],"collection":[{"href":"https:\/\/agora.xtec.cat\/ins-intermunicipal\/wp-json\/wp\/v2\/posts"}],"about":[{"href":"https:\/\/agora.xtec.cat\/ins-intermunicipal\/wp-json\/wp\/v2\/types\/post"}],"author":[{"embeddable":true,"href":"https:\/\/agora.xtec.cat\/ins-intermunicipal\/wp-json\/wp\/v2\/users\/8"}],"replies":[{"embeddable":true,"href":"https:\/\/agora.xtec.cat\/ins-intermunicipal\/wp-json\/wp\/v2\/comments?post=5467"}],"version-history":[{"count":3,"href":"https:\/\/agora.xtec.cat\/ins-intermunicipal\/wp-json\/wp\/v2\/posts\/5467\/revisions"}],"predecessor-version":[{"id":5473,"href":"https:\/\/agora.xtec.cat\/ins-intermunicipal\/wp-json\/wp\/v2\/posts\/5467\/revisions\/5473"}],"wp:featuredmedia":[{"embeddable":true,"href":"https:\/\/agora.xtec.cat\/ins-intermunicipal\/wp-json\/wp\/v2\/media\/5468"}],"wp:attachment":[{"href":"https:\/\/agora.xtec.cat\/ins-intermunicipal\/wp-json\/wp\/v2\/media?parent=5467"}],"wp:term":[{"taxonomy":"category","embeddable":true,"href":"https:\/\/agora.xtec.cat\/ins-intermunicipal\/wp-json\/wp\/v2\/categories?post=5467"},{"taxonomy":"post_tag","embeddable":true,"href":"https:\/\/agora.xtec.cat\/ins-intermunicipal\/wp-json\/wp\/v2\/tags?post=5467"}],"curies":[{"name":"wp","href":"https:\/\/api.w.org\/{rel}","templated":true}]}}