{"id":5444,"date":"2025-11-26T16:45:59","date_gmt":"2025-11-26T15:45:59","guid":{"rendered":"https:\/\/agora.xtec.cat\/ins-intermunicipal\/?p=5444"},"modified":"2025-11-26T16:46:53","modified_gmt":"2025-11-26T15:46:53","slug":"lalumnat-dfp-participa-en-la-marxa-de-torxes-pel-25n","status":"publish","type":"post","link":"https:\/\/agora.xtec.cat\/ins-intermunicipal\/general\/lalumnat-dfp-participa-en-la-marxa-de-torxes-pel-25n\/","title":{"rendered":"L&#8217;alumnat d&#8217;FP participa en la marxa de torxes pel 25N"},"content":{"rendered":"<p>L&#8217;alumnat d&#8217;FP i Banjara Studio van protagonitzar ahir a la tarda la tradicional marxa de torxes pel centre de la vila, organitzada per la Taula per la Igualtat, per tancar els actes de commemoraci\u00f3 del 25N. La marxa va sortir de l&#8217;\u00cdnter i va finalitzar a la pla\u00e7a de l&#8217;Ajuntament amb la lectura del manifest a c\u00e0rrec de la Taula per la igualtat, acompanyada per l&#8217;alcalde Pere Vernet, la regidora d&#8217;Igualtat Laia Albiol i altres representants del consistori sadurninenc. Despr\u00e9s del manifest, l&#8217;alumnat va retornar a les aules.<\/p>\n<p><a href=\"https:\/\/agora.xtec.cat\/ins-intermunicipal\/general\/lalumnat-dfp-participa-en-la-marxa-de-torxes-pel-25n\/attachment\/img-20251125-wa0014\/\" rel=\"attachment wp-att-5445\"><img loading=\"lazy\" decoding=\"async\" class=\"alignnone size-large wp-image-5445\" src=\"https:\/\/agora.xtec.cat\/ins-intermunicipal\/wp-content\/uploads\/usu2220\/2025\/11\/IMG-20251125-WA0014-768x1024.jpg\" alt=\"\" width=\"768\" height=\"1024\" srcset=\"https:\/\/agora.xtec.cat\/ins-intermunicipal\/wp-content\/uploads\/usu2220\/2025\/11\/IMG-20251125-WA0014-768x1024.jpg 768w, https:\/\/agora.xtec.cat\/ins-intermunicipal\/wp-content\/uploads\/usu2220\/2025\/11\/IMG-20251125-WA0014-225x300.jpg 225w, https:\/\/agora.xtec.cat\/ins-intermunicipal\/wp-content\/uploads\/usu2220\/2025\/11\/IMG-20251125-WA0014-1152x1536.jpg 1152w, https:\/\/agora.xtec.cat\/ins-intermunicipal\/wp-content\/uploads\/usu2220\/2025\/11\/IMG-20251125-WA0014.jpg 1536w\" sizes=\"auto, (max-width: 768px) 100vw, 768px\" \/><\/a> <a href=\"https:\/\/agora.xtec.cat\/ins-intermunicipal\/general\/lalumnat-dfp-participa-en-la-marxa-de-torxes-pel-25n\/attachment\/img-20251125-wa0015\/\" rel=\"attachment wp-att-5446\"><img loading=\"lazy\" decoding=\"async\" class=\"alignnone size-large wp-image-5446\" src=\"https:\/\/agora.xtec.cat\/ins-intermunicipal\/wp-content\/uploads\/usu2220\/2025\/11\/IMG-20251125-WA0015-768x1024.jpg\" alt=\"\" width=\"768\" height=\"1024\" srcset=\"https:\/\/agora.xtec.cat\/ins-intermunicipal\/wp-content\/uploads\/usu2220\/2025\/11\/IMG-20251125-WA0015-768x1024.jpg 768w, https:\/\/agora.xtec.cat\/ins-intermunicipal\/wp-content\/uploads\/usu2220\/2025\/11\/IMG-20251125-WA0015-225x300.jpg 225w, https:\/\/agora.xtec.cat\/ins-intermunicipal\/wp-content\/uploads\/usu2220\/2025\/11\/IMG-20251125-WA0015-1152x1536.jpg 1152w, https:\/\/agora.xtec.cat\/ins-intermunicipal\/wp-content\/uploads\/usu2220\/2025\/11\/IMG-20251125-WA0015.jpg 1200w\" sizes=\"auto, (max-width: 768px) 100vw, 768px\" \/><\/a> <a href=\"https:\/\/agora.xtec.cat\/ins-intermunicipal\/general\/lalumnat-dfp-participa-en-la-marxa-de-torxes-pel-25n\/attachment\/img-20251125-wa0018\/\" rel=\"attachment wp-att-5447\"><img loading=\"lazy\" decoding=\"async\" class=\"alignnone size-large wp-image-5447\" src=\"https:\/\/agora.xtec.cat\/ins-intermunicipal\/wp-content\/uploads\/usu2220\/2025\/11\/IMG-20251125-WA0018-768x1024.jpg\" alt=\"\" width=\"768\" height=\"1024\" srcset=\"https:\/\/agora.xtec.cat\/ins-intermunicipal\/wp-content\/uploads\/usu2220\/2025\/11\/IMG-20251125-WA0018-768x1024.jpg 768w, https:\/\/agora.xtec.cat\/ins-intermunicipal\/wp-content\/uploads\/usu2220\/2025\/11\/IMG-20251125-WA0018-225x300.jpg 225w, https:\/\/agora.xtec.cat\/ins-intermunicipal\/wp-content\/uploads\/usu2220\/2025\/11\/IMG-20251125-WA0018-1152x1536.jpg 1152w, https:\/\/agora.xtec.cat\/ins-intermunicipal\/wp-content\/uploads\/usu2220\/2025\/11\/IMG-20251125-WA0018.jpg 1200w\" sizes=\"auto, (max-width: 768px) 100vw, 768px\" \/><\/a><\/p>\n","protected":false},"excerpt":{"rendered":"<p>L&#8217;alumnat d&#8217;FP i Banjara Studio van protagonitzar ahir a la tarda la tradicional marxa de torxes pel centre de la vila, organitzada per la Taula per la Igualtat, per tancar els actes de commemoraci\u00f3 del 25N. La marxa va sortir de l&#8217;\u00cdnter i va finalitzar&hellip;  <a href=\"https:\/\/agora.xtec.cat\/ins-intermunicipal\/general\/lalumnat-dfp-participa-en-la-marxa-de-torxes-pel-25n\/\" title=\"Read L&#8217;alumnat d&#8217;FP participa en la marxa de torxes pel 25N\">Llegeix m\u00e9s\u00bb<\/a><\/p>\n","protected":false},"author":8,"featured_media":5445,"comment_status":"closed","ping_status":"open","sticky":false,"template":"","format":"standard","meta":{"_bbp_topic_count":0,"_bbp_reply_count":0,"_bbp_total_topic_count":0,"_bbp_total_reply_count":0,"_bbp_voice_count":0,"_bbp_anonymous_reply_count":0,"_bbp_topic_count_hidden":0,"_bbp_reply_count_hidden":0,"_bbp_forum_subforum_count":0,"footnotes":""},"categories":[30,1,29],"tags":[],"class_list":["post-5444","post","type-post","status-publish","format-standard","has-post-thumbnail","hentry","category-formacio-professional","category-general","category-portada"],"post_mailing_queue_ids":[],"_links":{"self":[{"href":"https:\/\/agora.xtec.cat\/ins-intermunicipal\/wp-json\/wp\/v2\/posts\/5444","targetHints":{"allow":["GET"]}}],"collection":[{"href":"https:\/\/agora.xtec.cat\/ins-intermunicipal\/wp-json\/wp\/v2\/posts"}],"about":[{"href":"https:\/\/agora.xtec.cat\/ins-intermunicipal\/wp-json\/wp\/v2\/types\/post"}],"author":[{"embeddable":true,"href":"https:\/\/agora.xtec.cat\/ins-intermunicipal\/wp-json\/wp\/v2\/users\/8"}],"replies":[{"embeddable":true,"href":"https:\/\/agora.xtec.cat\/ins-intermunicipal\/wp-json\/wp\/v2\/comments?post=5444"}],"version-history":[{"count":3,"href":"https:\/\/agora.xtec.cat\/ins-intermunicipal\/wp-json\/wp\/v2\/posts\/5444\/revisions"}],"predecessor-version":[{"id":5450,"href":"https:\/\/agora.xtec.cat\/ins-intermunicipal\/wp-json\/wp\/v2\/posts\/5444\/revisions\/5450"}],"wp:featuredmedia":[{"embeddable":true,"href":"https:\/\/agora.xtec.cat\/ins-intermunicipal\/wp-json\/wp\/v2\/media\/5445"}],"wp:attachment":[{"href":"https:\/\/agora.xtec.cat\/ins-intermunicipal\/wp-json\/wp\/v2\/media?parent=5444"}],"wp:term":[{"taxonomy":"category","embeddable":true,"href":"https:\/\/agora.xtec.cat\/ins-intermunicipal\/wp-json\/wp\/v2\/categories?post=5444"},{"taxonomy":"post_tag","embeddable":true,"href":"https:\/\/agora.xtec.cat\/ins-intermunicipal\/wp-json\/wp\/v2\/tags?post=5444"}],"curies":[{"name":"wp","href":"https:\/\/api.w.org\/{rel}","templated":true}]}}