{"id":5441,"date":"2025-11-26T13:02:22","date_gmt":"2025-11-26T12:02:22","guid":{"rendered":"https:\/\/agora.xtec.cat\/ins-intermunicipal\/?p=5441"},"modified":"2025-11-26T13:02:48","modified_gmt":"2025-11-26T12:02:48","slug":"la-comissio-digualtat-participa-en-el-25n","status":"publish","type":"post","link":"https:\/\/agora.xtec.cat\/ins-intermunicipal\/general\/la-comissio-digualtat-participa-en-el-25n\/","title":{"rendered":"La comissi\u00f3 d&#8217;igualtat participa en el 25N"},"content":{"rendered":"<p><a href=\"https:\/\/agora.xtec.cat\/ins-intermunicipal\/wp-content\/uploads\/usu2220\/2025\/11\/IMG20251125123127-1.jpg\"><img loading=\"lazy\" decoding=\"async\" class=\" wp-image-5442\" src=\"https:\/\/agora.xtec.cat\/ins-intermunicipal\/wp-content\/uploads\/usu2220\/2025\/11\/IMG20251125123127-1.jpg\" alt=\"\" width=\"411\" height=\"548\" srcset=\"https:\/\/agora.xtec.cat\/ins-intermunicipal\/wp-content\/uploads\/usu2220\/2025\/11\/IMG20251125123127-1.jpg 1024w, https:\/\/agora.xtec.cat\/ins-intermunicipal\/wp-content\/uploads\/usu2220\/2025\/11\/IMG20251125123127-1-225x300.jpg 225w, https:\/\/agora.xtec.cat\/ins-intermunicipal\/wp-content\/uploads\/usu2220\/2025\/11\/IMG20251125123127-1-768x1024.jpg 768w\" sizes=\"auto, (max-width: 411px) 100vw, 411px\" \/><\/a><\/p>\n<p>Les alumnes de la Comissi\u00f3 d&#8217;Igualtat de l&#8217;Institut han participat en els actes organitzats per l&#8217;Ajuntament de Sant Sadurn\u00ed en motiu del 25N, dia Internacional per a l&#8217;Eliminaci\u00f3 de la Viol\u00e8ncia envers les Dones. Han escrit i llegit el seg\u00fcent manifest:<\/p>\n<p>&#8220;<b>Avui, 25 de novembre, alcem la veu<\/b><span style=\"font-weight: 400;\">.\u00a0<\/span><\/p>\n<p><span style=\"font-weight: 400;\">La nostra veu i la de totes les dones que han estat silenciades.\u00a0<\/span><span style=\"font-weight: 400;\">Alcem la veu per les que ja no hi s\u00f3n, per les que encara pateixen i per les que s&#8217;aixequen cada dia en un sistema que continua perpetuant la viol\u00e8ncia i la desigualtat.\u00a0<\/span><\/p>\n<p><b>Aquesta lluita no \u00e9s nom\u00e9s de les dones<\/b><span style=\"font-weight: 400;\">.\u00a0<\/span><\/p>\n<p><span style=\"font-weight: 400;\">\u00c9s una lluita de tota la societat, perqu\u00e8 la viol\u00e8ncia masclista ens interpel\u00b7la a totes i a tots. <\/span><span style=\"font-weight: 400;\">No volem m\u00e9s minuts de silenci<\/span><span style=\"font-weight: 400;\">: <\/span><span style=\"font-weight: 400;\">volem accions valentes, pol\u00edtiques reals, compromisos <\/span><span style=\"font-weight: 400;\">ferms.\u00a0<\/span><span style=\"font-weight: 400;\">No m\u00e9s vides trencades. No m\u00e9s por. No m\u00e9s abs\u00e8ncia de just\u00edcia.\u00a0<\/span><span style=\"font-weight: 400;\">Les v\u00edctimes han de ser escoltades, cregudes i visibilitzades.\u00a0<\/span><\/p>\n<p><b>No callarem.\u00a0<\/b><\/p>\n<p><span style=\"font-weight: 400;\">Per cada dona silenciada, n&#8217;hi haur\u00e0 mil que cridaran.\u00a0<\/span><span style=\"font-weight: 400;\">Denunciem la complicitat d&#8217;aquells que miren cap a una altra banda, que q\u00fcestionen les <\/span><span style=\"font-weight: 400;\">v\u00edctimes o perpetuen estereotips que fan mal i que sostenen les viol\u00e8ncies. <\/span><\/p>\n<p><b>Calen pol\u00edtiques p\u00fabliques ambicioses, que no nom\u00e9s reaccionin quan la viol\u00e8ncia ja <\/b><b>ha esclatat<\/b><span style=\"font-weight: 400;\">, <\/span><b>sin\u00f3 que la previnguin des de l&#8217;arrel<\/b><span style=\"font-weight: 400;\">.\u00a0<\/span><\/p>\n<p><span style=\"font-weight: 400;\">Necessitem educaci\u00f3 feminista<\/span><span style=\"font-weight: 400;\">, <\/span><span style=\"font-weight: 400;\">recursos suficients per a les v\u00edctimes i tamb\u00e9 per als seus <\/span><span style=\"font-weight: 400;\">fills i filles.\u00a0<\/span><span style=\"font-weight: 400;\">Ens volem vives, lliures i sense por. <\/span><\/p>\n<p><b>Reivindiquem el dret de totes les dones, en tota la seva diversitat, a viure una vida plena i lliure de viol\u00e8ncies<\/b><span style=\"font-weight: 400;\">.\u00a0<\/span><\/p>\n<p><span style=\"font-weight: 400;\">Aquesta lluita no pot excloure ning\u00fa: som totes, o no som.\u00a0<\/span><span style=\"font-weight: 400;\">Reconeixem la doble i triple opressi\u00f3 que pateixen les dones racialitzades, migrants, amb <\/span><span style=\"font-weight: 400;\">discapacitat, lesbianes, bisexuals i trans.\u00a0<\/span><span style=\"font-weight: 400;\">I reivindiquem la sororitat com a eina per trencar el silenci, construir xarxes i sostenir-nos <\/span><span style=\"font-weight: 400;\">les unes a les altres.\u00a0<\/span><span style=\"font-weight: 400;\">Perqu\u00e8 quan toquen a una<\/span><span style=\"font-weight: 400;\">, <\/span><span style=\"font-weight: 400;\">ens toquen a totes. <\/span><\/p>\n<p><b>Avui, per\u00f2 tamb\u00e9 cada dia, tenim la responsabilitat d&#8217;actuar<\/b><span style=\"font-weight: 400;\">.\u00a0<\/span><\/p>\n<p><span style=\"font-weight: 400;\">No podem ser espectadores passives d&#8217;una realitat que sabem que podem transformar. Implicat-t&#8217;hi. Denuncia. Acompanya. Forma&#8217;t.\u00a0<\/span><span style=\"font-weight: 400;\">El canvi \u00e9s urgent, i ens necessita a totes i tots. <\/span><\/p>\n<p><b>Per totes elles<\/b><span style=\"font-weight: 400;\">.\u00a0<\/span><\/p>\n<p><b>Per les que ja no hi s\u00f3n<\/b><span style=\"font-weight: 400;\">.\u00a0<\/span><\/p>\n<p><b>Per les que lluiten cada dia<\/b><span style=\"font-weight: 400;\">.\u00a0<\/span><\/p>\n<p><b>Per les que vindran despr\u00e9s de nosaltres. El 25 de novembre no \u00e9s nom\u00e9s un dia de mem\u00f2ria<\/b><b>: <\/b><b>\u00e9s un comprom\u00eds col\u00b7lectiu amb un futur lliure de viol\u00e8ncies<\/b><span style=\"font-weight: 400;\">.&#8221;<\/span><\/p>\n","protected":false},"excerpt":{"rendered":"<p><a href=\"https:\/\/agora.xtec.cat\/ins-intermunicipal\/wp-content\/uploads\/usu2220\/2025\/11\/IMG20251125123127-1.jpg\"><\/a><br \/>\nLes alumnes de la Comissi\u00f3 d&#8217;Igualtat de l&#8217;Institut han participat en els actes organitzats per l&#8217;Ajuntament de Sant Sadurn\u00ed en motiu del 25N, dia Internacional per a l&#8217;Eliminaci\u00f3 de la Viol\u00e8ncia envers les Dones. Han escrit i llegit el seg\u00fcent manifest:<br \/>\n&#8220;Avui, 25 de novembre,&hellip;  <a href=\"https:\/\/agora.xtec.cat\/ins-intermunicipal\/general\/la-comissio-digualtat-participa-en-el-25n\/\" title=\"Read La comissi\u00f3 d&#8217;igualtat participa en el 25N\">Llegeix m\u00e9s\u00bb<\/a><\/p>\n","protected":false},"author":11,"featured_media":5442,"comment_status":"closed","ping_status":"open","sticky":false,"template":"","format":"standard","meta":{"_bbp_topic_count":0,"_bbp_reply_count":0,"_bbp_total_topic_count":0,"_bbp_total_reply_count":0,"_bbp_voice_count":0,"_bbp_anonymous_reply_count":0,"_bbp_topic_count_hidden":0,"_bbp_reply_count_hidden":0,"_bbp_forum_subforum_count":0,"footnotes":""},"categories":[8,3,1,29],"tags":[],"class_list":["post-5441","post","type-post","status-publish","format-standard","has-post-thumbnail","hentry","category-bat","category-eso","category-general","category-portada"],"post_mailing_queue_ids":[],"_links":{"self":[{"href":"https:\/\/agora.xtec.cat\/ins-intermunicipal\/wp-json\/wp\/v2\/posts\/5441","targetHints":{"allow":["GET"]}}],"collection":[{"href":"https:\/\/agora.xtec.cat\/ins-intermunicipal\/wp-json\/wp\/v2\/posts"}],"about":[{"href":"https:\/\/agora.xtec.cat\/ins-intermunicipal\/wp-json\/wp\/v2\/types\/post"}],"author":[{"embeddable":true,"href":"https:\/\/agora.xtec.cat\/ins-intermunicipal\/wp-json\/wp\/v2\/users\/11"}],"replies":[{"embeddable":true,"href":"https:\/\/agora.xtec.cat\/ins-intermunicipal\/wp-json\/wp\/v2\/comments?post=5441"}],"version-history":[{"count":1,"href":"https:\/\/agora.xtec.cat\/ins-intermunicipal\/wp-json\/wp\/v2\/posts\/5441\/revisions"}],"predecessor-version":[{"id":5443,"href":"https:\/\/agora.xtec.cat\/ins-intermunicipal\/wp-json\/wp\/v2\/posts\/5441\/revisions\/5443"}],"wp:featuredmedia":[{"embeddable":true,"href":"https:\/\/agora.xtec.cat\/ins-intermunicipal\/wp-json\/wp\/v2\/media\/5442"}],"wp:attachment":[{"href":"https:\/\/agora.xtec.cat\/ins-intermunicipal\/wp-json\/wp\/v2\/media?parent=5441"}],"wp:term":[{"taxonomy":"category","embeddable":true,"href":"https:\/\/agora.xtec.cat\/ins-intermunicipal\/wp-json\/wp\/v2\/categories?post=5441"},{"taxonomy":"post_tag","embeddable":true,"href":"https:\/\/agora.xtec.cat\/ins-intermunicipal\/wp-json\/wp\/v2\/tags?post=5441"}],"curies":[{"name":"wp","href":"https:\/\/api.w.org\/{rel}","templated":true}]}}