{"id":5431,"date":"2025-11-25T16:26:36","date_gmt":"2025-11-25T15:26:36","guid":{"rendered":"https:\/\/agora.xtec.cat\/ins-intermunicipal\/?p=5431"},"modified":"2025-11-25T16:28:05","modified_gmt":"2025-11-25T15:28:05","slug":"taller-de-llenguatge-de-signes-a-linter","status":"publish","type":"post","link":"https:\/\/agora.xtec.cat\/ins-intermunicipal\/general\/taller-de-llenguatge-de-signes-a-linter\/","title":{"rendered":"Taller de llenguatge de signes a l&#8217;\u00cdnter"},"content":{"rendered":"<p>La t\u00e8cnica superior en Mediaci\u00f3 Comunicativa, la cubellenca Cl\u00e0udia Rodr\u00edguez, va impartir ahir una interessant xerrada-taller a l&#8217;alumnat dels cicles superiors d&#8217;Educaci\u00f3 Infantil i Integraci\u00f3 Social sobre el llenguatge de signes. La visita de Rodr\u00edguez, actualment estudiant del grau en Psicologia, va servir per fer-nos pensar sobre el col\u00b7lectiu de persones amb sordesa i la dificultat per treballar la diversitat i la seva inclusi\u00f3.<\/p>\n<p>Gr\u00e0cies, Cl\u00e0udia, per la teva visita.<a href=\"https:\/\/agora.xtec.cat\/ins-intermunicipal\/general\/taller-de-llenguatge-de-signes-a-linter\/attachment\/img_20251124_184905\/\" rel=\"attachment wp-att-5432\"><img loading=\"lazy\" decoding=\"async\" class=\"alignnone size-large wp-image-5432\" src=\"https:\/\/agora.xtec.cat\/ins-intermunicipal\/wp-content\/uploads\/usu2220\/2025\/11\/IMG_20251124_184905-1024x768.jpg\" alt=\"\" width=\"1024\" height=\"768\" srcset=\"https:\/\/agora.xtec.cat\/ins-intermunicipal\/wp-content\/uploads\/usu2220\/2025\/11\/IMG_20251124_184905-1024x768.jpg 1024w, https:\/\/agora.xtec.cat\/ins-intermunicipal\/wp-content\/uploads\/usu2220\/2025\/11\/IMG_20251124_184905-300x225.jpg 300w, https:\/\/agora.xtec.cat\/ins-intermunicipal\/wp-content\/uploads\/usu2220\/2025\/11\/IMG_20251124_184905-768x576.jpg 768w, https:\/\/agora.xtec.cat\/ins-intermunicipal\/wp-content\/uploads\/usu2220\/2025\/11\/IMG_20251124_184905-1536x1152.jpg 1536w, https:\/\/agora.xtec.cat\/ins-intermunicipal\/wp-content\/uploads\/usu2220\/2025\/11\/IMG_20251124_184905-200x150.jpg 200w, https:\/\/agora.xtec.cat\/ins-intermunicipal\/wp-content\/uploads\/usu2220\/2025\/11\/IMG_20251124_184905.jpg 2048w\" sizes=\"auto, (max-width: 1024px) 100vw, 1024px\" \/><\/a> <a href=\"https:\/\/agora.xtec.cat\/ins-intermunicipal\/general\/taller-de-llenguatge-de-signes-a-linter\/attachment\/img_20251124_185806\/\" rel=\"attachment wp-att-5433\"><img loading=\"lazy\" decoding=\"async\" class=\"alignnone size-large wp-image-5433\" src=\"https:\/\/agora.xtec.cat\/ins-intermunicipal\/wp-content\/uploads\/usu2220\/2025\/11\/IMG_20251124_185806-1024x768.jpg\" alt=\"\" width=\"1024\" height=\"768\" srcset=\"https:\/\/agora.xtec.cat\/ins-intermunicipal\/wp-content\/uploads\/usu2220\/2025\/11\/IMG_20251124_185806-1024x768.jpg 1024w, https:\/\/agora.xtec.cat\/ins-intermunicipal\/wp-content\/uploads\/usu2220\/2025\/11\/IMG_20251124_185806-300x225.jpg 300w, https:\/\/agora.xtec.cat\/ins-intermunicipal\/wp-content\/uploads\/usu2220\/2025\/11\/IMG_20251124_185806-768x576.jpg 768w, https:\/\/agora.xtec.cat\/ins-intermunicipal\/wp-content\/uploads\/usu2220\/2025\/11\/IMG_20251124_185806-1536x1152.jpg 1536w, https:\/\/agora.xtec.cat\/ins-intermunicipal\/wp-content\/uploads\/usu2220\/2025\/11\/IMG_20251124_185806-200x150.jpg 200w, https:\/\/agora.xtec.cat\/ins-intermunicipal\/wp-content\/uploads\/usu2220\/2025\/11\/IMG_20251124_185806.jpg 2048w\" sizes=\"auto, (max-width: 1024px) 100vw, 1024px\" \/><\/a> <a href=\"https:\/\/agora.xtec.cat\/ins-intermunicipal\/general\/taller-de-llenguatge-de-signes-a-linter\/attachment\/img_20251124_190935\/\" rel=\"attachment wp-att-5435\"><img loading=\"lazy\" decoding=\"async\" class=\"alignnone size-large wp-image-5435\" src=\"https:\/\/agora.xtec.cat\/ins-intermunicipal\/wp-content\/uploads\/usu2220\/2025\/11\/IMG_20251124_190935-1024x768.jpg\" alt=\"\" width=\"1024\" height=\"768\" srcset=\"https:\/\/agora.xtec.cat\/ins-intermunicipal\/wp-content\/uploads\/usu2220\/2025\/11\/IMG_20251124_190935-1024x768.jpg 1024w, https:\/\/agora.xtec.cat\/ins-intermunicipal\/wp-content\/uploads\/usu2220\/2025\/11\/IMG_20251124_190935-300x225.jpg 300w, https:\/\/agora.xtec.cat\/ins-intermunicipal\/wp-content\/uploads\/usu2220\/2025\/11\/IMG_20251124_190935-768x576.jpg 768w, https:\/\/agora.xtec.cat\/ins-intermunicipal\/wp-content\/uploads\/usu2220\/2025\/11\/IMG_20251124_190935-1536x1152.jpg 1536w, https:\/\/agora.xtec.cat\/ins-intermunicipal\/wp-content\/uploads\/usu2220\/2025\/11\/IMG_20251124_190935-200x150.jpg 200w, https:\/\/agora.xtec.cat\/ins-intermunicipal\/wp-content\/uploads\/usu2220\/2025\/11\/IMG_20251124_190935.jpg 2048w\" sizes=\"auto, (max-width: 1024px) 100vw, 1024px\" \/><\/a> <a href=\"https:\/\/agora.xtec.cat\/ins-intermunicipal\/general\/taller-de-llenguatge-de-signes-a-linter\/attachment\/img_20251124_191327\/\" rel=\"attachment wp-att-5436\"><img loading=\"lazy\" decoding=\"async\" class=\"alignnone size-large wp-image-5436\" src=\"https:\/\/agora.xtec.cat\/ins-intermunicipal\/wp-content\/uploads\/usu2220\/2025\/11\/IMG_20251124_191327-1024x768.jpg\" alt=\"\" width=\"1024\" height=\"768\" srcset=\"https:\/\/agora.xtec.cat\/ins-intermunicipal\/wp-content\/uploads\/usu2220\/2025\/11\/IMG_20251124_191327-1024x768.jpg 1024w, https:\/\/agora.xtec.cat\/ins-intermunicipal\/wp-content\/uploads\/usu2220\/2025\/11\/IMG_20251124_191327-300x225.jpg 300w, https:\/\/agora.xtec.cat\/ins-intermunicipal\/wp-content\/uploads\/usu2220\/2025\/11\/IMG_20251124_191327-768x576.jpg 768w, https:\/\/agora.xtec.cat\/ins-intermunicipal\/wp-content\/uploads\/usu2220\/2025\/11\/IMG_20251124_191327-1536x1152.jpg 1536w, https:\/\/agora.xtec.cat\/ins-intermunicipal\/wp-content\/uploads\/usu2220\/2025\/11\/IMG_20251124_191327-200x150.jpg 200w, https:\/\/agora.xtec.cat\/ins-intermunicipal\/wp-content\/uploads\/usu2220\/2025\/11\/IMG_20251124_191327.jpg 2048w\" sizes=\"auto, (max-width: 1024px) 100vw, 1024px\" \/><\/a> <a href=\"https:\/\/agora.xtec.cat\/ins-intermunicipal\/general\/taller-de-llenguatge-de-signes-a-linter\/attachment\/img_20251124_192149\/\" rel=\"attachment wp-att-5437\"><img loading=\"lazy\" decoding=\"async\" class=\"alignnone size-large wp-image-5437\" src=\"https:\/\/agora.xtec.cat\/ins-intermunicipal\/wp-content\/uploads\/usu2220\/2025\/11\/IMG_20251124_192149-1024x768.jpg\" alt=\"\" width=\"1024\" height=\"768\" srcset=\"https:\/\/agora.xtec.cat\/ins-intermunicipal\/wp-content\/uploads\/usu2220\/2025\/11\/IMG_20251124_192149-1024x768.jpg 1024w, https:\/\/agora.xtec.cat\/ins-intermunicipal\/wp-content\/uploads\/usu2220\/2025\/11\/IMG_20251124_192149-300x225.jpg 300w, https:\/\/agora.xtec.cat\/ins-intermunicipal\/wp-content\/uploads\/usu2220\/2025\/11\/IMG_20251124_192149-768x576.jpg 768w, https:\/\/agora.xtec.cat\/ins-intermunicipal\/wp-content\/uploads\/usu2220\/2025\/11\/IMG_20251124_192149-1536x1152.jpg 1536w, https:\/\/agora.xtec.cat\/ins-intermunicipal\/wp-content\/uploads\/usu2220\/2025\/11\/IMG_20251124_192149-200x150.jpg 200w, https:\/\/agora.xtec.cat\/ins-intermunicipal\/wp-content\/uploads\/usu2220\/2025\/11\/IMG_20251124_192149.jpg 2048w\" sizes=\"auto, (max-width: 1024px) 100vw, 1024px\" \/><\/a><\/p>\n","protected":false},"excerpt":{"rendered":"<p>La t\u00e8cnica superior en Mediaci\u00f3 Comunicativa, la cubellenca Cl\u00e0udia Rodr\u00edguez, va impartir ahir una interessant xerrada-taller a l&#8217;alumnat dels cicles superiors d&#8217;Educaci\u00f3 Infantil i Integraci\u00f3 Social sobre el llenguatge de signes. La visita de Rodr\u00edguez, actualment estudiant del grau en Psicologia, va servir per fer-nos&hellip;  <a href=\"https:\/\/agora.xtec.cat\/ins-intermunicipal\/general\/taller-de-llenguatge-de-signes-a-linter\/\" title=\"Read Taller de llenguatge de signes a l&#8217;\u00cdnter\">Llegeix m\u00e9s\u00bb<\/a><\/p>\n","protected":false},"author":8,"featured_media":5434,"comment_status":"closed","ping_status":"open","sticky":false,"template":"","format":"standard","meta":{"_bbp_topic_count":0,"_bbp_reply_count":0,"_bbp_total_topic_count":0,"_bbp_total_reply_count":0,"_bbp_voice_count":0,"_bbp_anonymous_reply_count":0,"_bbp_topic_count_hidden":0,"_bbp_reply_count_hidden":0,"_bbp_forum_subforum_count":0,"footnotes":""},"categories":[30,1,29],"tags":[],"class_list":["post-5431","post","type-post","status-publish","format-standard","has-post-thumbnail","hentry","category-formacio-professional","category-general","category-portada"],"post_mailing_queue_ids":[],"_links":{"self":[{"href":"https:\/\/agora.xtec.cat\/ins-intermunicipal\/wp-json\/wp\/v2\/posts\/5431","targetHints":{"allow":["GET"]}}],"collection":[{"href":"https:\/\/agora.xtec.cat\/ins-intermunicipal\/wp-json\/wp\/v2\/posts"}],"about":[{"href":"https:\/\/agora.xtec.cat\/ins-intermunicipal\/wp-json\/wp\/v2\/types\/post"}],"author":[{"embeddable":true,"href":"https:\/\/agora.xtec.cat\/ins-intermunicipal\/wp-json\/wp\/v2\/users\/8"}],"replies":[{"embeddable":true,"href":"https:\/\/agora.xtec.cat\/ins-intermunicipal\/wp-json\/wp\/v2\/comments?post=5431"}],"version-history":[{"count":3,"href":"https:\/\/agora.xtec.cat\/ins-intermunicipal\/wp-json\/wp\/v2\/posts\/5431\/revisions"}],"predecessor-version":[{"id":5440,"href":"https:\/\/agora.xtec.cat\/ins-intermunicipal\/wp-json\/wp\/v2\/posts\/5431\/revisions\/5440"}],"wp:featuredmedia":[{"embeddable":true,"href":"https:\/\/agora.xtec.cat\/ins-intermunicipal\/wp-json\/wp\/v2\/media\/5434"}],"wp:attachment":[{"href":"https:\/\/agora.xtec.cat\/ins-intermunicipal\/wp-json\/wp\/v2\/media?parent=5431"}],"wp:term":[{"taxonomy":"category","embeddable":true,"href":"https:\/\/agora.xtec.cat\/ins-intermunicipal\/wp-json\/wp\/v2\/categories?post=5431"},{"taxonomy":"post_tag","embeddable":true,"href":"https:\/\/agora.xtec.cat\/ins-intermunicipal\/wp-json\/wp\/v2\/tags?post=5431"}],"curies":[{"name":"wp","href":"https:\/\/api.w.org\/{rel}","templated":true}]}}