{"id":5425,"date":"2025-11-21T18:54:31","date_gmt":"2025-11-21T17:54:31","guid":{"rendered":"https:\/\/agora.xtec.cat\/ins-intermunicipal\/?p=5425"},"modified":"2025-11-21T18:54:31","modified_gmt":"2025-11-21T17:54:31","slug":"ofertes-de-feina-a-lalt-penedes-21-de-novembre","status":"publish","type":"post","link":"https:\/\/agora.xtec.cat\/ins-intermunicipal\/formacio-professional\/feina-fp\/ofertes-de-feina-a-lalt-penedes-21-de-novembre\/","title":{"rendered":"Ofertes de feina a l&#8217;Alt Pened\u00e8s. 21 de novembre"},"content":{"rendered":"<p>Compartim amb vosaltres<a href=\"https:\/\/drive.google.com\/file\/d\/1cPwcDctzz4kS1SX_G1GwYVw_x-1zGxVf\/view?usp=sharing\"> les ofertes de feina actualitzades<\/a> que l\u2019Oficina Municipal del Treball de Vilafranca del Pened\u00e8s ens ha preparat. Trobareu vacants vinculades als estudis que tenim a l\u2019Institut Intermunicipal del Pened\u00e8s. L\u2019oficina ens informa tamb\u00e9 sobre <a href=\"https:\/\/drive.google.com\/file\/d\/1houBYrlrmAM8IgyHoLgUj0wv1ba-mxAR\/view?usp=sharing\">com s\u2019ha de procedir<\/a> per formalitzar les inscripcions.<\/p>\n<p>Tamb\u00e9 ens comunica<a href=\"https:\/\/drive.google.com\/file\/d\/1gMTRw_RvRr49O6hSSmr6SpMI2kGYf_1H\/view?usp=sharing\"> els cursos o c\u00e0psules formatives<\/a> que ofereixen al mes d\u2019octubre.<\/p>\n<p>Us deixem tamb\u00e9 una petita explicaci\u00f3 del contingut de la pr\u00f2xima c\u00e0psula per si us interessa.<\/p>\n<p><strong>28\/11\/2025<\/strong><\/p>\n<p><strong>OCUPACIONS DE PRESENT I FUTUR: MERCAT DE TREBALL<\/strong><\/p>\n<p>Coneixerem com funciona el mercat de treball i quins s\u00f3n els perfils que generen m\u00e9s ocupaci\u00f3. Reflexionarem sobre les professions del futur i com encaixar-ho amb els perfils professionals m\u00e9s sol\u00b7licitats en l\u2019actualitat.<\/p>\n","protected":false},"excerpt":{"rendered":"<p>Compartim amb vosaltres<a href=\"https:\/\/drive.google.com\/file\/d\/1cPwcDctzz4kS1SX_G1GwYVw_x-1zGxVf\/view?usp=sharing\"> les ofertes de feina actualitzades<\/a> que l\u2019Oficina Municipal del Treball de Vilafranca del Pened\u00e8s ens ha preparat. Trobareu vacants vinculades als estudis que tenim a l\u2019Institut Intermunicipal del Pened\u00e8s. L\u2019oficina ens informa tamb\u00e9 sobre <a href=\"https:\/\/drive.google.com\/file\/d\/1houBYrlrmAM8IgyHoLgUj0wv1ba-mxAR\/view?usp=sharing\">com s\u2019ha de procedir<\/a> per formalitzar&hellip;  <a href=\"https:\/\/agora.xtec.cat\/ins-intermunicipal\/formacio-professional\/feina-fp\/ofertes-de-feina-a-lalt-penedes-21-de-novembre\/\" title=\"Read Ofertes de feina a l&#8217;Alt Pened\u00e8s. 21 de novembre\">Llegeix m\u00e9s\u00bb<\/a><\/p>\n","protected":false},"author":8,"featured_media":0,"comment_status":"closed","ping_status":"open","sticky":false,"template":"","format":"standard","meta":{"_bbp_topic_count":0,"_bbp_reply_count":0,"_bbp_total_topic_count":0,"_bbp_total_reply_count":0,"_bbp_voice_count":0,"_bbp_anonymous_reply_count":0,"_bbp_topic_count_hidden":0,"_bbp_reply_count_hidden":0,"_bbp_forum_subforum_count":0,"footnotes":""},"categories":[189],"tags":[],"class_list":["post-5425","post","type-post","status-publish","format-standard","hentry","category-feina-fp"],"post_mailing_queue_ids":[],"_links":{"self":[{"href":"https:\/\/agora.xtec.cat\/ins-intermunicipal\/wp-json\/wp\/v2\/posts\/5425","targetHints":{"allow":["GET"]}}],"collection":[{"href":"https:\/\/agora.xtec.cat\/ins-intermunicipal\/wp-json\/wp\/v2\/posts"}],"about":[{"href":"https:\/\/agora.xtec.cat\/ins-intermunicipal\/wp-json\/wp\/v2\/types\/post"}],"author":[{"embeddable":true,"href":"https:\/\/agora.xtec.cat\/ins-intermunicipal\/wp-json\/wp\/v2\/users\/8"}],"replies":[{"embeddable":true,"href":"https:\/\/agora.xtec.cat\/ins-intermunicipal\/wp-json\/wp\/v2\/comments?post=5425"}],"version-history":[{"count":1,"href":"https:\/\/agora.xtec.cat\/ins-intermunicipal\/wp-json\/wp\/v2\/posts\/5425\/revisions"}],"predecessor-version":[{"id":5426,"href":"https:\/\/agora.xtec.cat\/ins-intermunicipal\/wp-json\/wp\/v2\/posts\/5425\/revisions\/5426"}],"wp:attachment":[{"href":"https:\/\/agora.xtec.cat\/ins-intermunicipal\/wp-json\/wp\/v2\/media?parent=5425"}],"wp:term":[{"taxonomy":"category","embeddable":true,"href":"https:\/\/agora.xtec.cat\/ins-intermunicipal\/wp-json\/wp\/v2\/categories?post=5425"},{"taxonomy":"post_tag","embeddable":true,"href":"https:\/\/agora.xtec.cat\/ins-intermunicipal\/wp-json\/wp\/v2\/tags?post=5425"}],"curies":[{"name":"wp","href":"https:\/\/api.w.org\/{rel}","templated":true}]}}