{"id":5414,"date":"2025-11-21T18:39:11","date_gmt":"2025-11-21T17:39:11","guid":{"rendered":"https:\/\/agora.xtec.cat\/ins-intermunicipal\/?p=5414"},"modified":"2025-11-21T18:40:46","modified_gmt":"2025-11-21T17:40:46","slug":"20n-dia-mundial-de-la-infancia-exposicio-i-recapte","status":"publish","type":"post","link":"https:\/\/agora.xtec.cat\/ins-intermunicipal\/general\/20n-dia-mundial-de-la-infancia-exposicio-i-recapte\/","title":{"rendered":"20N, Dia Mundial de la Inf\u00e0ncia: Exposici\u00f3 i Recapte"},"content":{"rendered":"<p>Amb motiu del 20 de novembre, Dia Mundial de la Inf\u00e0ncia, l\u2019alumnat de 1r i 2n del CFGS d&#8217;Educaci\u00f3 Infantil va visitar la Biblioteca de Sant Sadurn\u00ed d\u2019Anoia per presentar una exposici\u00f3 de pancartes reivindicatives elaborades per conscienciar sobre la import\u00e0ncia de respectar els drets dels infants i reflexionar sobre les situacions de maltractament que viuen molts nens i nenes d&#8217;arreu.<\/p>\n<p>Aprofitant aquesta data tan significativa, la setmana vinent es dur\u00e0 a terme un recapte d\u2019aliments a l\u2019institut. Es fa una crida a tota la comunitat educativa perqu\u00e8, de manera volunt\u00e0ria, aporti productes infantils (bolquers, tovalloletes, llet infantil, sab\u00f3 o col\u00f2nia) o aliments de primera necessitat (pasta, arr\u00f2s, llegums, conserves, oli\u2026).<\/p>\n<p>L\u2019objectiu \u00e9s contribuir al benestar de les fam\u00edlies del municipi, especialment en un context preocupant: 1 de cada 3 infants viuen en situaci\u00f3 de pobresa a Catalunya. Aquesta iniciativa neix de l&#8217;alumnat de Batxillerat i d&#8217;Educaci\u00f3 Infantil, amb la col\u00b7laboraci\u00f3 de tres alumnes d&#8217;Integraci\u00f3 Social, i vol refor\u00e7ar el comprom\u00eds dels joves amb la protecci\u00f3 i el suport a la inf\u00e0ncia.<\/p>\n<p>Aprofitem per agrair la col\u00b7laboraci\u00f3 de C\u00e0ritas Sant Sadurn\u00ed d&#8217;Anoia i de la biblioteca municipal Ramon Bosch de Noya.<\/p>\n<p><a href=\"https:\/\/agora.xtec.cat\/ins-intermunicipal\/general\/20n-dia-mundial-de-la-infancia-exposicio-i-recapte\/attachment\/imagen-de-whatsapp-2025-11-21-a-las-18-01-32_70dfedee\/\" rel=\"attachment wp-att-5415\"><img loading=\"lazy\" decoding=\"async\" class=\"alignnone size-large wp-image-5415\" src=\"https:\/\/agora.xtec.cat\/ins-intermunicipal\/wp-content\/uploads\/usu2220\/2025\/11\/Imagen-de-WhatsApp-2025-11-21-a-las-18.01.32_70dfedee-1024x768.jpg\" alt=\"\" width=\"1024\" height=\"768\" srcset=\"https:\/\/agora.xtec.cat\/ins-intermunicipal\/wp-content\/uploads\/usu2220\/2025\/11\/Imagen-de-WhatsApp-2025-11-21-a-las-18.01.32_70dfedee-1024x768.jpg 1024w, https:\/\/agora.xtec.cat\/ins-intermunicipal\/wp-content\/uploads\/usu2220\/2025\/11\/Imagen-de-WhatsApp-2025-11-21-a-las-18.01.32_70dfedee-300x225.jpg 300w, https:\/\/agora.xtec.cat\/ins-intermunicipal\/wp-content\/uploads\/usu2220\/2025\/11\/Imagen-de-WhatsApp-2025-11-21-a-las-18.01.32_70dfedee-768x576.jpg 768w, https:\/\/agora.xtec.cat\/ins-intermunicipal\/wp-content\/uploads\/usu2220\/2025\/11\/Imagen-de-WhatsApp-2025-11-21-a-las-18.01.32_70dfedee-200x150.jpg 200w, https:\/\/agora.xtec.cat\/ins-intermunicipal\/wp-content\/uploads\/usu2220\/2025\/11\/Imagen-de-WhatsApp-2025-11-21-a-las-18.01.32_70dfedee.jpg 1288w\" sizes=\"auto, (max-width: 1024px) 100vw, 1024px\" \/><\/a><\/p>\n<p><a href=\"https:\/\/agora.xtec.cat\/ins-intermunicipal\/general\/20n-dia-mundial-de-la-infancia-exposicio-i-recapte\/attachment\/imagen-de-whatsapp-2025-11-21-a-las-18-01-32_e4836a76\/\" rel=\"attachment wp-att-5417\"><img loading=\"lazy\" decoding=\"async\" class=\"alignnone size-large wp-image-5417\" src=\"https:\/\/agora.xtec.cat\/ins-intermunicipal\/wp-content\/uploads\/usu2220\/2025\/11\/Imagen-de-WhatsApp-2025-11-21-a-las-18.01.32_e4836a76-1024x578.jpg\" alt=\"\" width=\"1024\" height=\"578\" srcset=\"https:\/\/agora.xtec.cat\/ins-intermunicipal\/wp-content\/uploads\/usu2220\/2025\/11\/Imagen-de-WhatsApp-2025-11-21-a-las-18.01.32_e4836a76-1024x578.jpg 1024w, https:\/\/agora.xtec.cat\/ins-intermunicipal\/wp-content\/uploads\/usu2220\/2025\/11\/Imagen-de-WhatsApp-2025-11-21-a-las-18.01.32_e4836a76-300x169.jpg 300w, https:\/\/agora.xtec.cat\/ins-intermunicipal\/wp-content\/uploads\/usu2220\/2025\/11\/Imagen-de-WhatsApp-2025-11-21-a-las-18.01.32_e4836a76-768x434.jpg 768w, https:\/\/agora.xtec.cat\/ins-intermunicipal\/wp-content\/uploads\/usu2220\/2025\/11\/Imagen-de-WhatsApp-2025-11-21-a-las-18.01.32_e4836a76-1536x867.jpg 1536w, https:\/\/agora.xtec.cat\/ins-intermunicipal\/wp-content\/uploads\/usu2220\/2025\/11\/Imagen-de-WhatsApp-2025-11-21-a-las-18.01.32_e4836a76.jpg 1984w\" sizes=\"auto, (max-width: 1024px) 100vw, 1024px\" \/><\/a><a href=\"https:\/\/agora.xtec.cat\/ins-intermunicipal\/general\/20n-dia-mundial-de-la-infancia-exposicio-i-recapte\/attachment\/imagen-de-whatsapp-2025-11-21-a-las-18-01-32_efecc41a\/\" rel=\"attachment wp-att-5418\"><img loading=\"lazy\" decoding=\"async\" class=\"alignnone size-large wp-image-5418\" src=\"https:\/\/agora.xtec.cat\/ins-intermunicipal\/wp-content\/uploads\/usu2220\/2025\/11\/Imagen-de-WhatsApp-2025-11-21-a-las-18.01.32_efecc41a-1024x578.jpg\" alt=\"\" width=\"1024\" height=\"578\" srcset=\"https:\/\/agora.xtec.cat\/ins-intermunicipal\/wp-content\/uploads\/usu2220\/2025\/11\/Imagen-de-WhatsApp-2025-11-21-a-las-18.01.32_efecc41a-1024x578.jpg 1024w, https:\/\/agora.xtec.cat\/ins-intermunicipal\/wp-content\/uploads\/usu2220\/2025\/11\/Imagen-de-WhatsApp-2025-11-21-a-las-18.01.32_efecc41a-300x169.jpg 300w, https:\/\/agora.xtec.cat\/ins-intermunicipal\/wp-content\/uploads\/usu2220\/2025\/11\/Imagen-de-WhatsApp-2025-11-21-a-las-18.01.32_efecc41a-768x434.jpg 768w, https:\/\/agora.xtec.cat\/ins-intermunicipal\/wp-content\/uploads\/usu2220\/2025\/11\/Imagen-de-WhatsApp-2025-11-21-a-las-18.01.32_efecc41a-1536x867.jpg 1536w, https:\/\/agora.xtec.cat\/ins-intermunicipal\/wp-content\/uploads\/usu2220\/2025\/11\/Imagen-de-WhatsApp-2025-11-21-a-las-18.01.32_efecc41a.jpg 1984w\" sizes=\"auto, (max-width: 1024px) 100vw, 1024px\" \/><\/a><a href=\"https:\/\/agora.xtec.cat\/ins-intermunicipal\/general\/20n-dia-mundial-de-la-infancia-exposicio-i-recapte\/attachment\/imagen-de-whatsapp-2025-11-21-a-las-18-01-33_c726e06e\/\" rel=\"attachment wp-att-5419\"><img loading=\"lazy\" decoding=\"async\" class=\"alignnone size-large wp-image-5419\" src=\"https:\/\/agora.xtec.cat\/ins-intermunicipal\/wp-content\/uploads\/usu2220\/2025\/11\/Imagen-de-WhatsApp-2025-11-21-a-las-18.01.33_c726e06e-1024x768.jpg\" alt=\"\" width=\"1024\" height=\"768\" srcset=\"https:\/\/agora.xtec.cat\/ins-intermunicipal\/wp-content\/uploads\/usu2220\/2025\/11\/Imagen-de-WhatsApp-2025-11-21-a-las-18.01.33_c726e06e-1024x768.jpg 1024w, https:\/\/agora.xtec.cat\/ins-intermunicipal\/wp-content\/uploads\/usu2220\/2025\/11\/Imagen-de-WhatsApp-2025-11-21-a-las-18.01.33_c726e06e-300x225.jpg 300w, https:\/\/agora.xtec.cat\/ins-intermunicipal\/wp-content\/uploads\/usu2220\/2025\/11\/Imagen-de-WhatsApp-2025-11-21-a-las-18.01.33_c726e06e-768x576.jpg 768w, https:\/\/agora.xtec.cat\/ins-intermunicipal\/wp-content\/uploads\/usu2220\/2025\/11\/Imagen-de-WhatsApp-2025-11-21-a-las-18.01.33_c726e06e-1536x1152.jpg 1536w, https:\/\/agora.xtec.cat\/ins-intermunicipal\/wp-content\/uploads\/usu2220\/2025\/11\/Imagen-de-WhatsApp-2025-11-21-a-las-18.01.33_c726e06e-200x150.jpg 200w, https:\/\/agora.xtec.cat\/ins-intermunicipal\/wp-content\/uploads\/usu2220\/2025\/11\/Imagen-de-WhatsApp-2025-11-21-a-las-18.01.33_c726e06e.jpg 1600w\" sizes=\"auto, (max-width: 1024px) 100vw, 1024px\" \/><\/a><a href=\"https:\/\/agora.xtec.cat\/ins-intermunicipal\/general\/20n-dia-mundial-de-la-infancia-exposicio-i-recapte\/attachment\/imagen-de-whatsapp-2025-11-21-a-las-18-04-31_6daf0796\/\" rel=\"attachment wp-att-5420\"><img loading=\"lazy\" decoding=\"async\" class=\"alignnone size-large wp-image-5420\" src=\"https:\/\/agora.xtec.cat\/ins-intermunicipal\/wp-content\/uploads\/usu2220\/2025\/11\/Imagen-de-WhatsApp-2025-11-21-a-las-18.04.31_6daf0796-705x1024.jpg\" alt=\"\" width=\"705\" height=\"1024\" srcset=\"https:\/\/agora.xtec.cat\/ins-intermunicipal\/wp-content\/uploads\/usu2220\/2025\/11\/Imagen-de-WhatsApp-2025-11-21-a-las-18.04.31_6daf0796-705x1024.jpg 705w, https:\/\/agora.xtec.cat\/ins-intermunicipal\/wp-content\/uploads\/usu2220\/2025\/11\/Imagen-de-WhatsApp-2025-11-21-a-las-18.04.31_6daf0796-207x300.jpg 207w, https:\/\/agora.xtec.cat\/ins-intermunicipal\/wp-content\/uploads\/usu2220\/2025\/11\/Imagen-de-WhatsApp-2025-11-21-a-las-18.04.31_6daf0796-768x1116.jpg 768w, https:\/\/agora.xtec.cat\/ins-intermunicipal\/wp-content\/uploads\/usu2220\/2025\/11\/Imagen-de-WhatsApp-2025-11-21-a-las-18.04.31_6daf0796.jpg 1054w\" sizes=\"auto, (max-width: 705px) 100vw, 705px\" \/><\/a><\/p>\n<div style=\"width: 848px;\" class=\"wp-video\"><!--[if lt IE 9]><script>document.createElement('video');<\/script><![endif]-->\n<video class=\"wp-video-shortcode\" id=\"video-5414-1\" width=\"848\" height=\"480\" preload=\"metadata\" controls=\"controls\"><source type=\"video\/mp4\" src=\"https:\/\/agora.xtec.cat\/ins-intermunicipal\/wp-content\/uploads\/usu2220\/2025\/11\/Video-de-WhatsApp-2025-11-21-a-las-18.01.31_1d82d278.mp4?_=1\" \/><a href=\"https:\/\/agora.xtec.cat\/ins-intermunicipal\/wp-content\/uploads\/usu2220\/2025\/11\/Video-de-WhatsApp-2025-11-21-a-las-18.01.31_1d82d278.mp4\">https:\/\/agora.xtec.cat\/ins-intermunicipal\/wp-content\/uploads\/usu2220\/2025\/11\/Video-de-WhatsApp-2025-11-21-a-las-18.01.31_1d82d278.mp4<\/a><\/video><\/div>\n<p>&nbsp;<\/p>\n","protected":false},"excerpt":{"rendered":"<p>Amb motiu del 20 de novembre, Dia Mundial de la Inf\u00e0ncia, l\u2019alumnat de 1r i 2n del CFGS d&#8217;Educaci\u00f3 Infantil va visitar la Biblioteca de Sant Sadurn\u00ed d\u2019Anoia per presentar una exposici\u00f3 de pancartes reivindicatives elaborades per conscienciar sobre la import\u00e0ncia de respectar els drets&hellip;  <a href=\"https:\/\/agora.xtec.cat\/ins-intermunicipal\/general\/20n-dia-mundial-de-la-infancia-exposicio-i-recapte\/\" title=\"Read 20N, Dia Mundial de la Inf\u00e0ncia: Exposici\u00f3 i Recapte\">Llegeix m\u00e9s\u00bb<\/a><\/p>\n","protected":false},"author":8,"featured_media":5418,"comment_status":"closed","ping_status":"open","sticky":false,"template":"","format":"standard","meta":{"_bbp_topic_count":0,"_bbp_reply_count":0,"_bbp_total_topic_count":0,"_bbp_total_reply_count":0,"_bbp_voice_count":0,"_bbp_anonymous_reply_count":0,"_bbp_topic_count_hidden":0,"_bbp_reply_count_hidden":0,"_bbp_forum_subforum_count":0,"footnotes":""},"categories":[30,1,29],"tags":[],"class_list":["post-5414","post","type-post","status-publish","format-standard","has-post-thumbnail","hentry","category-formacio-professional","category-general","category-portada"],"post_mailing_queue_ids":[],"_links":{"self":[{"href":"https:\/\/agora.xtec.cat\/ins-intermunicipal\/wp-json\/wp\/v2\/posts\/5414","targetHints":{"allow":["GET"]}}],"collection":[{"href":"https:\/\/agora.xtec.cat\/ins-intermunicipal\/wp-json\/wp\/v2\/posts"}],"about":[{"href":"https:\/\/agora.xtec.cat\/ins-intermunicipal\/wp-json\/wp\/v2\/types\/post"}],"author":[{"embeddable":true,"href":"https:\/\/agora.xtec.cat\/ins-intermunicipal\/wp-json\/wp\/v2\/users\/8"}],"replies":[{"embeddable":true,"href":"https:\/\/agora.xtec.cat\/ins-intermunicipal\/wp-json\/wp\/v2\/comments?post=5414"}],"version-history":[{"count":3,"href":"https:\/\/agora.xtec.cat\/ins-intermunicipal\/wp-json\/wp\/v2\/posts\/5414\/revisions"}],"predecessor-version":[{"id":5424,"href":"https:\/\/agora.xtec.cat\/ins-intermunicipal\/wp-json\/wp\/v2\/posts\/5414\/revisions\/5424"}],"wp:featuredmedia":[{"embeddable":true,"href":"https:\/\/agora.xtec.cat\/ins-intermunicipal\/wp-json\/wp\/v2\/media\/5418"}],"wp:attachment":[{"href":"https:\/\/agora.xtec.cat\/ins-intermunicipal\/wp-json\/wp\/v2\/media?parent=5414"}],"wp:term":[{"taxonomy":"category","embeddable":true,"href":"https:\/\/agora.xtec.cat\/ins-intermunicipal\/wp-json\/wp\/v2\/categories?post=5414"},{"taxonomy":"post_tag","embeddable":true,"href":"https:\/\/agora.xtec.cat\/ins-intermunicipal\/wp-json\/wp\/v2\/tags?post=5414"}],"curies":[{"name":"wp","href":"https:\/\/api.w.org\/{rel}","templated":true}]}}