{"id":5408,"date":"2025-11-20T13:09:04","date_gmt":"2025-11-20T12:09:04","guid":{"rendered":"https:\/\/agora.xtec.cat\/ins-intermunicipal\/?p=5408"},"modified":"2025-11-20T13:09:04","modified_gmt":"2025-11-20T12:09:04","slug":"ambaixadors-de-la-ciencia","status":"publish","type":"post","link":"https:\/\/agora.xtec.cat\/ins-intermunicipal\/general\/ambaixadors-de-la-ciencia\/","title":{"rendered":"Ambaixadors de la ci\u00e8ncia"},"content":{"rendered":"<p style=\"font-weight: 400;\"><a href=\"https:\/\/agora.xtec.cat\/ins-intermunicipal\/wp-content\/uploads\/usu2220\/2025\/11\/banner-ambaixadors-16-4.png\"><img loading=\"lazy\" decoding=\"async\" class=\"wp-image-5411 alignright\" src=\"https:\/\/agora.xtec.cat\/ins-intermunicipal\/wp-content\/uploads\/usu2220\/2025\/11\/banner-ambaixadors-16-4.png\" alt=\"\" width=\"394\" height=\"219\" srcset=\"https:\/\/agora.xtec.cat\/ins-intermunicipal\/wp-content\/uploads\/usu2220\/2025\/11\/banner-ambaixadors-16-4.png 720w, https:\/\/agora.xtec.cat\/ins-intermunicipal\/wp-content\/uploads\/usu2220\/2025\/11\/banner-ambaixadors-16-4-300x167.png 300w\" sizes=\"auto, (max-width: 394px) 100vw, 394px\" \/><\/a>El centre INSTITUT INTERMUNICIPAL DEL PENED\u00c8S\u00a0<strong>ha estat seleccionat<\/strong> per participar en el programa <strong>Ambaixadors de la ci\u00e8ncia<\/strong> de la Fundaci\u00f3 Catalunya La Pedrera en aquesta edici\u00f3 de novembre 2025.<\/p>\n<p style=\"font-weight: 400;\">L\u2019objectiu d\u2019Ambaixadors de la Ci\u00e8ncia \u00e9s inspirar l\u2019alumnat amb inter\u00e8s per la ci\u00e8ncia, oferir referents que els engresquin i donar a con\u00e8ixer oportunitats per impulsar les vocacions cient\u00edfiques i tecnol\u00f2giques.<\/p>\n<p style=\"font-weight: 400;\">A trav\u00e9s de la\u00a0<strong>Comunitat de <em>Science Fellows<\/em><\/strong>\u00a0de la Fundaci\u00f3 Catalunya La Pedrera, joves que han tingut experi\u00e8ncies rellevants en els camps de la ci\u00e8ncia i la tecnologia faran xerrades per compartir el seu itinerari vital i acad\u00e8mic, i inspirar al nostre alumnat.<\/p>\n","protected":false},"excerpt":{"rendered":"<p><a href=\"https:\/\/agora.xtec.cat\/ins-intermunicipal\/wp-content\/uploads\/usu2220\/2025\/11\/banner-ambaixadors-16-4.png\"><\/a>El centre INSTITUT INTERMUNICIPAL DEL PENED\u00c8S\u00a0ha estat seleccionat per participar en el programa Ambaixadors de la ci\u00e8ncia de la Fundaci\u00f3 Catalunya La Pedrera en aquesta edici\u00f3 de novembre 2025.<br \/>\nL\u2019objectiu d\u2019Ambaixadors de la Ci\u00e8ncia \u00e9s inspirar l\u2019alumnat amb inter\u00e8s per la ci\u00e8ncia, oferir referents que&hellip;  <a href=\"https:\/\/agora.xtec.cat\/ins-intermunicipal\/general\/ambaixadors-de-la-ciencia\/\" title=\"Read Ambaixadors de la ci\u00e8ncia\">Llegeix m\u00e9s\u00bb<\/a><\/p>\n","protected":false},"author":11,"featured_media":5411,"comment_status":"closed","ping_status":"open","sticky":false,"template":"","format":"standard","meta":{"_bbp_topic_count":0,"_bbp_reply_count":0,"_bbp_total_topic_count":0,"_bbp_total_reply_count":0,"_bbp_voice_count":0,"_bbp_anonymous_reply_count":0,"_bbp_topic_count_hidden":0,"_bbp_reply_count_hidden":0,"_bbp_forum_subforum_count":0,"footnotes":""},"categories":[106,8,1,29],"tags":[],"class_list":["post-5408","post","type-post","status-publish","format-standard","has-post-thumbnail","hentry","category-bat1","category-bat","category-general","category-portada"],"post_mailing_queue_ids":[],"_links":{"self":[{"href":"https:\/\/agora.xtec.cat\/ins-intermunicipal\/wp-json\/wp\/v2\/posts\/5408","targetHints":{"allow":["GET"]}}],"collection":[{"href":"https:\/\/agora.xtec.cat\/ins-intermunicipal\/wp-json\/wp\/v2\/posts"}],"about":[{"href":"https:\/\/agora.xtec.cat\/ins-intermunicipal\/wp-json\/wp\/v2\/types\/post"}],"author":[{"embeddable":true,"href":"https:\/\/agora.xtec.cat\/ins-intermunicipal\/wp-json\/wp\/v2\/users\/11"}],"replies":[{"embeddable":true,"href":"https:\/\/agora.xtec.cat\/ins-intermunicipal\/wp-json\/wp\/v2\/comments?post=5408"}],"version-history":[{"count":3,"href":"https:\/\/agora.xtec.cat\/ins-intermunicipal\/wp-json\/wp\/v2\/posts\/5408\/revisions"}],"predecessor-version":[{"id":5413,"href":"https:\/\/agora.xtec.cat\/ins-intermunicipal\/wp-json\/wp\/v2\/posts\/5408\/revisions\/5413"}],"wp:featuredmedia":[{"embeddable":true,"href":"https:\/\/agora.xtec.cat\/ins-intermunicipal\/wp-json\/wp\/v2\/media\/5411"}],"wp:attachment":[{"href":"https:\/\/agora.xtec.cat\/ins-intermunicipal\/wp-json\/wp\/v2\/media?parent=5408"}],"wp:term":[{"taxonomy":"category","embeddable":true,"href":"https:\/\/agora.xtec.cat\/ins-intermunicipal\/wp-json\/wp\/v2\/categories?post=5408"},{"taxonomy":"post_tag","embeddable":true,"href":"https:\/\/agora.xtec.cat\/ins-intermunicipal\/wp-json\/wp\/v2\/tags?post=5408"}],"curies":[{"name":"wp","href":"https:\/\/api.w.org\/{rel}","templated":true}]}}