{"id":5396,"date":"2025-11-18T10:07:27","date_gmt":"2025-11-18T09:07:27","guid":{"rendered":"https:\/\/agora.xtec.cat\/ins-intermunicipal\/?p=5396"},"modified":"2025-11-18T10:09:14","modified_gmt":"2025-11-18T09:09:14","slug":"jornada-de-laigua-i-consum-responsable","status":"publish","type":"post","link":"https:\/\/agora.xtec.cat\/ins-intermunicipal\/general\/jornada-de-laigua-i-consum-responsable\/","title":{"rendered":"Jornada de l\u2019aigua i consum responsable"},"content":{"rendered":"<p><span style=\"font-weight: 400;\"><a href=\"https:\/\/agora.xtec.cat\/ins-intermunicipal\/wp-content\/uploads\/usu2220\/2025\/11\/ODS_1.jpg\"><img loading=\"lazy\" decoding=\"async\" class=\"wp-image-5397 alignleft\" src=\"https:\/\/agora.xtec.cat\/ins-intermunicipal\/wp-content\/uploads\/usu2220\/2025\/11\/ODS_1.jpg\" alt=\"\" width=\"306\" height=\"229\" srcset=\"https:\/\/agora.xtec.cat\/ins-intermunicipal\/wp-content\/uploads\/usu2220\/2025\/11\/ODS_1.jpg 809w, https:\/\/agora.xtec.cat\/ins-intermunicipal\/wp-content\/uploads\/usu2220\/2025\/11\/ODS_1-300x225.jpg 300w, https:\/\/agora.xtec.cat\/ins-intermunicipal\/wp-content\/uploads\/usu2220\/2025\/11\/ODS_1-768x576.jpg 768w, https:\/\/agora.xtec.cat\/ins-intermunicipal\/wp-content\/uploads\/usu2220\/2025\/11\/ODS_1-200x150.jpg 200w\" sizes=\"auto, (max-width: 306px) 100vw, 306px\" \/><\/a>El passat dijous 6 de novembre, un grup d\u2019alumnes de l\u2019assignatura d\u2019Objectius de Desenvolupament Sostenible (ODS) de 2n de batxillerat va organitzar una jornada educativa sobre el consum responsable de l\u2019aigua dirigida als alumnes de 5\u00e8 de prim\u00e0ria de l\u2019IES Jacint Verdaguer.<\/span><\/p>\n<p><span style=\"font-weight: 400;\">El tema de la jornada va sorgir despr\u00e9s de parlar amb l\u2019Ajuntament de Sant Sadurn\u00ed sobre les problem\u00e0tiques ambientals del municipi. A partir d\u2019aquesta conversa, els alumnes van decidir treballar el consum responsable de l\u2019aigua per conscienciar als alumnes sobre la import\u00e0ncia de cuidar-ne l\u2019\u00fas ajudant aix\u00ed a combatre les sequeres.<\/span><\/p>\n<p><span style=\"font-weight: 400;\"><a href=\"https:\/\/agora.xtec.cat\/ins-intermunicipal\/wp-content\/uploads\/usu2220\/2025\/11\/ODS_2.png\"><img loading=\"lazy\" decoding=\"async\" class=\"wp-image-5398 alignright\" src=\"https:\/\/agora.xtec.cat\/ins-intermunicipal\/wp-content\/uploads\/usu2220\/2025\/11\/ODS_2.png\" alt=\"\" width=\"308\" height=\"231\" srcset=\"https:\/\/agora.xtec.cat\/ins-intermunicipal\/wp-content\/uploads\/usu2220\/2025\/11\/ODS_2.png 809w, https:\/\/agora.xtec.cat\/ins-intermunicipal\/wp-content\/uploads\/usu2220\/2025\/11\/ODS_2-300x225.png 300w, https:\/\/agora.xtec.cat\/ins-intermunicipal\/wp-content\/uploads\/usu2220\/2025\/11\/ODS_2-768x576.png 768w, https:\/\/agora.xtec.cat\/ins-intermunicipal\/wp-content\/uploads\/usu2220\/2025\/11\/ODS_2-200x150.png 200w\" sizes=\"auto, (max-width: 308px) 100vw, 308px\" \/><\/a>Durant la jornada, els estudiants de batxillerat van preparar i realitzar quatre tallers pr\u00e0ctics relacionats amb el bon \u00fas i l\u2019estalvi d\u2019aquest recurs essencial. A trav\u00e9s d\u2019activitats l\u00fadiques, els alumnes van poder reflexionar sobre la import\u00e0ncia de l\u2019aigua, descobrir bons h\u00e0bits quotidians per evitar-ne el malbaratament i comprendre com les seves accions individuals poden contribuir al benestar del planeta.<\/span><\/p>\n<p><span style=\"font-weight: 400;\">L\u2019experi\u00e8ncia va ser molt positiva per a l\u2019alumnat de 5\u00e8 de prim\u00e0ria del Jacint Verdaguer, ja que van entendre la import\u00e0ncia de l\u2019aigua d\u2019una manera molt entretinguda i pr\u00e0ctica.<\/span><\/p>\n","protected":false},"excerpt":{"rendered":"<p><a href=\"https:\/\/agora.xtec.cat\/ins-intermunicipal\/wp-content\/uploads\/usu2220\/2025\/11\/ODS_1.jpg\"><\/a>El passat dijous 6 de novembre, un grup d\u2019alumnes de l\u2019assignatura d\u2019Objectius de Desenvolupament Sostenible (ODS) de 2n de batxillerat va organitzar una jornada educativa sobre el consum responsable de l\u2019aigua dirigida als alumnes de 5\u00e8 de prim\u00e0ria de l\u2019IES Jacint Verdaguer.<br \/>\nEl tema de&hellip;  <a href=\"https:\/\/agora.xtec.cat\/ins-intermunicipal\/general\/jornada-de-laigua-i-consum-responsable\/\" title=\"Read Jornada de l\u2019aigua i consum responsable\">Llegeix m\u00e9s\u00bb<\/a><\/p>\n","protected":false},"author":11,"featured_media":5397,"comment_status":"closed","ping_status":"open","sticky":false,"template":"","format":"standard","meta":{"_bbp_topic_count":0,"_bbp_reply_count":0,"_bbp_total_topic_count":0,"_bbp_total_reply_count":0,"_bbp_voice_count":0,"_bbp_anonymous_reply_count":0,"_bbp_topic_count_hidden":0,"_bbp_reply_count_hidden":0,"_bbp_forum_subforum_count":0,"footnotes":""},"categories":[107,8,1,29],"tags":[],"class_list":["post-5396","post","type-post","status-publish","format-standard","has-post-thumbnail","hentry","category-bat2","category-bat","category-general","category-portada"],"post_mailing_queue_ids":[],"_links":{"self":[{"href":"https:\/\/agora.xtec.cat\/ins-intermunicipal\/wp-json\/wp\/v2\/posts\/5396","targetHints":{"allow":["GET"]}}],"collection":[{"href":"https:\/\/agora.xtec.cat\/ins-intermunicipal\/wp-json\/wp\/v2\/posts"}],"about":[{"href":"https:\/\/agora.xtec.cat\/ins-intermunicipal\/wp-json\/wp\/v2\/types\/post"}],"author":[{"embeddable":true,"href":"https:\/\/agora.xtec.cat\/ins-intermunicipal\/wp-json\/wp\/v2\/users\/11"}],"replies":[{"embeddable":true,"href":"https:\/\/agora.xtec.cat\/ins-intermunicipal\/wp-json\/wp\/v2\/comments?post=5396"}],"version-history":[{"count":1,"href":"https:\/\/agora.xtec.cat\/ins-intermunicipal\/wp-json\/wp\/v2\/posts\/5396\/revisions"}],"predecessor-version":[{"id":5399,"href":"https:\/\/agora.xtec.cat\/ins-intermunicipal\/wp-json\/wp\/v2\/posts\/5396\/revisions\/5399"}],"wp:featuredmedia":[{"embeddable":true,"href":"https:\/\/agora.xtec.cat\/ins-intermunicipal\/wp-json\/wp\/v2\/media\/5397"}],"wp:attachment":[{"href":"https:\/\/agora.xtec.cat\/ins-intermunicipal\/wp-json\/wp\/v2\/media?parent=5396"}],"wp:term":[{"taxonomy":"category","embeddable":true,"href":"https:\/\/agora.xtec.cat\/ins-intermunicipal\/wp-json\/wp\/v2\/categories?post=5396"},{"taxonomy":"post_tag","embeddable":true,"href":"https:\/\/agora.xtec.cat\/ins-intermunicipal\/wp-json\/wp\/v2\/tags?post=5396"}],"curies":[{"name":"wp","href":"https:\/\/api.w.org\/{rel}","templated":true}]}}