{"id":5393,"date":"2025-11-15T20:01:47","date_gmt":"2025-11-15T19:01:47","guid":{"rendered":"https:\/\/agora.xtec.cat\/ins-intermunicipal\/?p=5393"},"modified":"2025-11-15T20:01:47","modified_gmt":"2025-11-15T19:01:47","slug":"ofertes-de-feina-a-lalt-penedes-14-de-novembre","status":"publish","type":"post","link":"https:\/\/agora.xtec.cat\/ins-intermunicipal\/formacio-professional\/feina-fp\/ofertes-de-feina-a-lalt-penedes-14-de-novembre\/","title":{"rendered":"Ofertes de feina a l&#8217;Alt Pened\u00e8s. 14 de novembre."},"content":{"rendered":"<p>Compartim amb vosaltres <a href=\"https:\/\/drive.google.com\/file\/d\/1ZeLeFf-6D-sOY6rzhyFdjkqx7vgAguV3\/view?usp=sharing\">les ofertes de feina actualitzades<\/a> que l\u2019Oficina Municipal del Treball de Vilafranca del Pened\u00e8s ens ha preparat. Trobareu vacants vinculades als estudis que tenim a l\u2019Institut Intermunicipal del Pened\u00e8s. L\u2019oficina ens informa tamb\u00e9 sobre com s\u2019ha de procedir per formalitzar les inscripcions.<\/p>\n<p>Tamb\u00e9 ens comunica <a href=\"https:\/\/drive.google.com\/file\/d\/1gMTRw_RvRr49O6hSSmr6SpMI2kGYf_1H\/view?usp=drive_link\">els cursos o c\u00e0psules formatives<\/a> que ofereixen al mes d\u2019octubre.<\/p>\n<p>Us deixem tamb\u00e9 una petita explicaci\u00f3 del contingut de les c\u00e0psules per si us interessa.<\/p>\n<p><strong>21\/11\/2025<\/strong><\/p>\n<p>FES-TE VEURE: ENVIA LA TEVA AUTOCANDIDATURA AMB \u00c8XIT<\/p>\n<p>Contactar directament amb les empreses \u00e9s una forma de tenir m\u00e9s possibilitats de trobar feina. Dedicarem aquesta sessi\u00f3 a entendre el funcionament de les seves borses de treball, con\u00e8ixer les passes a seguir per formar-ne part i preparar una autocandidatura. Per a dur a terme aquesta sessi\u00f3 es requereix un coneixement b\u00e0sic en TIC.<\/p>\n<p><strong>28\/11\/2025<\/strong><\/p>\n<p>OCUPACIONS DE PRESENT I FUTUR: MERCAT DE TREBALL<\/p>\n<p>Coneixerem com funciona el mercat de treball i quins s\u00f3n els perfils que generen m\u00e9s ocupaci\u00f3. Reflexionarem sobre les professions del futur i com encaixar-ho amb els perfils professionals m\u00e9s sol\u00b7licitats en l\u2019actualitat en el nostre<\/p>\n","protected":false},"excerpt":{"rendered":"<p>Compartim amb vosaltres <a href=\"https:\/\/drive.google.com\/file\/d\/1ZeLeFf-6D-sOY6rzhyFdjkqx7vgAguV3\/view?usp=sharing\">les ofertes de feina actualitzades<\/a> que l\u2019Oficina Municipal del Treball de Vilafranca del Pened\u00e8s ens ha preparat. Trobareu vacants vinculades als estudis que tenim a l\u2019Institut Intermunicipal del Pened\u00e8s. L\u2019oficina ens informa tamb\u00e9 sobre com s\u2019ha de procedir per formalitzar les&hellip;  <a href=\"https:\/\/agora.xtec.cat\/ins-intermunicipal\/formacio-professional\/feina-fp\/ofertes-de-feina-a-lalt-penedes-14-de-novembre\/\" title=\"Read Ofertes de feina a l&#8217;Alt Pened\u00e8s. 14 de novembre.\">Llegeix m\u00e9s\u00bb<\/a><\/p>\n","protected":false},"author":8,"featured_media":0,"comment_status":"closed","ping_status":"open","sticky":false,"template":"","format":"standard","meta":{"_bbp_topic_count":0,"_bbp_reply_count":0,"_bbp_total_topic_count":0,"_bbp_total_reply_count":0,"_bbp_voice_count":0,"_bbp_anonymous_reply_count":0,"_bbp_topic_count_hidden":0,"_bbp_reply_count_hidden":0,"_bbp_forum_subforum_count":0,"footnotes":""},"categories":[189],"tags":[],"class_list":["post-5393","post","type-post","status-publish","format-standard","hentry","category-feina-fp"],"post_mailing_queue_ids":[],"_links":{"self":[{"href":"https:\/\/agora.xtec.cat\/ins-intermunicipal\/wp-json\/wp\/v2\/posts\/5393","targetHints":{"allow":["GET"]}}],"collection":[{"href":"https:\/\/agora.xtec.cat\/ins-intermunicipal\/wp-json\/wp\/v2\/posts"}],"about":[{"href":"https:\/\/agora.xtec.cat\/ins-intermunicipal\/wp-json\/wp\/v2\/types\/post"}],"author":[{"embeddable":true,"href":"https:\/\/agora.xtec.cat\/ins-intermunicipal\/wp-json\/wp\/v2\/users\/8"}],"replies":[{"embeddable":true,"href":"https:\/\/agora.xtec.cat\/ins-intermunicipal\/wp-json\/wp\/v2\/comments?post=5393"}],"version-history":[{"count":1,"href":"https:\/\/agora.xtec.cat\/ins-intermunicipal\/wp-json\/wp\/v2\/posts\/5393\/revisions"}],"predecessor-version":[{"id":5394,"href":"https:\/\/agora.xtec.cat\/ins-intermunicipal\/wp-json\/wp\/v2\/posts\/5393\/revisions\/5394"}],"wp:attachment":[{"href":"https:\/\/agora.xtec.cat\/ins-intermunicipal\/wp-json\/wp\/v2\/media?parent=5393"}],"wp:term":[{"taxonomy":"category","embeddable":true,"href":"https:\/\/agora.xtec.cat\/ins-intermunicipal\/wp-json\/wp\/v2\/categories?post=5393"},{"taxonomy":"post_tag","embeddable":true,"href":"https:\/\/agora.xtec.cat\/ins-intermunicipal\/wp-json\/wp\/v2\/tags?post=5393"}],"curies":[{"name":"wp","href":"https:\/\/api.w.org\/{rel}","templated":true}]}}