{"id":5385,"date":"2025-11-13T20:28:08","date_gmt":"2025-11-13T19:28:08","guid":{"rendered":"https:\/\/agora.xtec.cat\/ins-intermunicipal\/?p=5385"},"modified":"2025-11-13T20:29:32","modified_gmt":"2025-11-13T19:29:32","slug":"els-futurs-integradors-socials-visiten-lonce","status":"publish","type":"post","link":"https:\/\/agora.xtec.cat\/ins-intermunicipal\/general\/els-futurs-integradors-socials-visiten-lonce\/","title":{"rendered":"Els futurs integradors socials visiten l&#8217;ONCE"},"content":{"rendered":"<p>L\u2019alumnat de primer curs CFGS d\u2019Integraci\u00f3 Social ha visitat avui el centre de recursos educatius de l\u2019ONCE, situat a Barcelona. Durant la visita, l\u2019alumnat ha conegut com funciona i ha pogut utilitzar la m\u00e0quina que permet convertir el text en format Braille, s\u2019ha posat en la pell de les persones invidents amb un recorregut a cegues per les instal\u00b7lacions i ha descobert l\u2019\u00fas del bast\u00f3 i les seves funcionalitats. Us descobrim una peculiaritat poc coneguda dels bastons: quan veieu un usuari amb bast\u00f3 blanc vol dir que la persona \u00e9s invident, si \u00e9s blanc-i-vermell vol dir que la persona pateix sordceguesa i si \u00e9s verd que la persona t\u00e9 poca visi\u00f3.<\/p>\n<p>El centre de recursos educatius va ser creat l\u2019any 1985 amb la finalitat de donar resposta adequada i efica\u00e7 a les persones amb necessitats educatives derivades d\u2019una discapacitat visual greu, per\u00f2 l\u2019inici de l\u2019ONCE, com a organitzaci\u00f3, se situa molt m\u00e9s enll\u00e0. El 13 de desembre de 1938 naixia l\u2019Organitzaci\u00f3 Nacional de Cecs Espanyols (ONCE). En el seu decret fundacional, d\u2019aquesta data, s\u2019atorgava a l\u2019ONCE l\u2019explotaci\u00f3 del que es va denominar cup\u00f3 \u201cpro cecs\u201d, el primer sorteig del qual es va celebrar el 8 de maig de 1939. L\u2019ONCE t\u00e9 m\u00e9s de 75.000 treballadors, el 60% dels quals amb discapacitat.<\/p>\n<p>Us deixem diverses imatges de la visita.<\/p>\n<p><a href=\"https:\/\/agora.xtec.cat\/ins-intermunicipal\/formacio-professional\/feina-fp\/els-futurs-integradors-socials-visiten-lonce\/attachment\/img-20251113-wa0008\/\" rel=\"attachment wp-att-5390\"><img loading=\"lazy\" decoding=\"async\" class=\"alignnone size-medium wp-image-5390\" src=\"https:\/\/agora.xtec.cat\/ins-intermunicipal\/wp-content\/uploads\/usu2220\/2025\/11\/IMG-20251113-WA0008-225x300.jpg\" alt=\"\" width=\"225\" height=\"300\" srcset=\"https:\/\/agora.xtec.cat\/ins-intermunicipal\/wp-content\/uploads\/usu2220\/2025\/11\/IMG-20251113-WA0008-225x300.jpg 225w, https:\/\/agora.xtec.cat\/ins-intermunicipal\/wp-content\/uploads\/usu2220\/2025\/11\/IMG-20251113-WA0008-768x1024.jpg 768w, https:\/\/agora.xtec.cat\/ins-intermunicipal\/wp-content\/uploads\/usu2220\/2025\/11\/IMG-20251113-WA0008-1152x1536.jpg 1152w, https:\/\/agora.xtec.cat\/ins-intermunicipal\/wp-content\/uploads\/usu2220\/2025\/11\/IMG-20251113-WA0008.jpg 1530w\" sizes=\"auto, (max-width: 225px) 100vw, 225px\" \/><\/a> <a href=\"https:\/\/agora.xtec.cat\/ins-intermunicipal\/formacio-professional\/feina-fp\/els-futurs-integradors-socials-visiten-lonce\/attachment\/img-20251113-wa0006\/\" rel=\"attachment wp-att-5389\"><img loading=\"lazy\" decoding=\"async\" class=\"alignnone size-medium wp-image-5389\" src=\"https:\/\/agora.xtec.cat\/ins-intermunicipal\/wp-content\/uploads\/usu2220\/2025\/11\/IMG-20251113-WA0006-225x300.jpg\" alt=\"\" width=\"225\" height=\"300\" srcset=\"https:\/\/agora.xtec.cat\/ins-intermunicipal\/wp-content\/uploads\/usu2220\/2025\/11\/IMG-20251113-WA0006-225x300.jpg 225w, https:\/\/agora.xtec.cat\/ins-intermunicipal\/wp-content\/uploads\/usu2220\/2025\/11\/IMG-20251113-WA0006-768x1024.jpg 768w, https:\/\/agora.xtec.cat\/ins-intermunicipal\/wp-content\/uploads\/usu2220\/2025\/11\/IMG-20251113-WA0006-1152x1536.jpg 1152w, https:\/\/agora.xtec.cat\/ins-intermunicipal\/wp-content\/uploads\/usu2220\/2025\/11\/IMG-20251113-WA0006.jpg 1530w\" sizes=\"auto, (max-width: 225px) 100vw, 225px\" \/><\/a> <a href=\"https:\/\/agora.xtec.cat\/ins-intermunicipal\/formacio-professional\/feina-fp\/els-futurs-integradors-socials-visiten-lonce\/attachment\/13751\/\" rel=\"attachment wp-att-5388\"><img loading=\"lazy\" decoding=\"async\" class=\"alignnone size-medium wp-image-5388\" src=\"https:\/\/agora.xtec.cat\/ins-intermunicipal\/wp-content\/uploads\/usu2220\/2025\/11\/13751-225x300.jpg\" alt=\"\" width=\"225\" height=\"300\" srcset=\"https:\/\/agora.xtec.cat\/ins-intermunicipal\/wp-content\/uploads\/usu2220\/2025\/11\/13751-225x300.jpg 225w, https:\/\/agora.xtec.cat\/ins-intermunicipal\/wp-content\/uploads\/usu2220\/2025\/11\/13751-768x1024.jpg 768w, https:\/\/agora.xtec.cat\/ins-intermunicipal\/wp-content\/uploads\/usu2220\/2025\/11\/13751-1152x1536.jpg 1152w, https:\/\/agora.xtec.cat\/ins-intermunicipal\/wp-content\/uploads\/usu2220\/2025\/11\/13751.jpg 1530w\" sizes=\"auto, (max-width: 225px) 100vw, 225px\" \/><\/a> <a href=\"https:\/\/agora.xtec.cat\/ins-intermunicipal\/formacio-professional\/feina-fp\/els-futurs-integradors-socials-visiten-lonce\/attachment\/13750\/\" rel=\"attachment wp-att-5387\"><img loading=\"lazy\" decoding=\"async\" class=\"alignnone size-medium wp-image-5387\" src=\"https:\/\/agora.xtec.cat\/ins-intermunicipal\/wp-content\/uploads\/usu2220\/2025\/11\/13750-225x300.jpg\" alt=\"\" width=\"225\" height=\"300\" srcset=\"https:\/\/agora.xtec.cat\/ins-intermunicipal\/wp-content\/uploads\/usu2220\/2025\/11\/13750-225x300.jpg 225w, https:\/\/agora.xtec.cat\/ins-intermunicipal\/wp-content\/uploads\/usu2220\/2025\/11\/13750-768x1024.jpg 768w, https:\/\/agora.xtec.cat\/ins-intermunicipal\/wp-content\/uploads\/usu2220\/2025\/11\/13750-1152x1536.jpg 1152w, https:\/\/agora.xtec.cat\/ins-intermunicipal\/wp-content\/uploads\/usu2220\/2025\/11\/13750.jpg 1530w\" sizes=\"auto, (max-width: 225px) 100vw, 225px\" \/><\/a><\/p>\n","protected":false},"excerpt":{"rendered":"<p>L\u2019alumnat de primer curs CFGS d\u2019Integraci\u00f3 Social ha visitat avui el centre de recursos educatius de l\u2019ONCE, situat a Barcelona. Durant la visita, l\u2019alumnat ha conegut com funciona i ha pogut utilitzar la m\u00e0quina que permet convertir el text en format Braille, s\u2019ha posat en&hellip;  <a href=\"https:\/\/agora.xtec.cat\/ins-intermunicipal\/general\/els-futurs-integradors-socials-visiten-lonce\/\" title=\"Read Els futurs integradors socials visiten l&#8217;ONCE\">Llegeix m\u00e9s\u00bb<\/a><\/p>\n","protected":false},"author":8,"featured_media":5390,"comment_status":"closed","ping_status":"open","sticky":false,"template":"","format":"standard","meta":{"_bbp_topic_count":0,"_bbp_reply_count":0,"_bbp_total_topic_count":0,"_bbp_total_reply_count":0,"_bbp_voice_count":0,"_bbp_anonymous_reply_count":0,"_bbp_topic_count_hidden":0,"_bbp_reply_count_hidden":0,"_bbp_forum_subforum_count":0,"footnotes":""},"categories":[30,1,29],"tags":[],"class_list":["post-5385","post","type-post","status-publish","format-standard","has-post-thumbnail","hentry","category-formacio-professional","category-general","category-portada"],"post_mailing_queue_ids":[],"_links":{"self":[{"href":"https:\/\/agora.xtec.cat\/ins-intermunicipal\/wp-json\/wp\/v2\/posts\/5385","targetHints":{"allow":["GET"]}}],"collection":[{"href":"https:\/\/agora.xtec.cat\/ins-intermunicipal\/wp-json\/wp\/v2\/posts"}],"about":[{"href":"https:\/\/agora.xtec.cat\/ins-intermunicipal\/wp-json\/wp\/v2\/types\/post"}],"author":[{"embeddable":true,"href":"https:\/\/agora.xtec.cat\/ins-intermunicipal\/wp-json\/wp\/v2\/users\/8"}],"replies":[{"embeddable":true,"href":"https:\/\/agora.xtec.cat\/ins-intermunicipal\/wp-json\/wp\/v2\/comments?post=5385"}],"version-history":[{"count":2,"href":"https:\/\/agora.xtec.cat\/ins-intermunicipal\/wp-json\/wp\/v2\/posts\/5385\/revisions"}],"predecessor-version":[{"id":5392,"href":"https:\/\/agora.xtec.cat\/ins-intermunicipal\/wp-json\/wp\/v2\/posts\/5385\/revisions\/5392"}],"wp:featuredmedia":[{"embeddable":true,"href":"https:\/\/agora.xtec.cat\/ins-intermunicipal\/wp-json\/wp\/v2\/media\/5390"}],"wp:attachment":[{"href":"https:\/\/agora.xtec.cat\/ins-intermunicipal\/wp-json\/wp\/v2\/media?parent=5385"}],"wp:term":[{"taxonomy":"category","embeddable":true,"href":"https:\/\/agora.xtec.cat\/ins-intermunicipal\/wp-json\/wp\/v2\/categories?post=5385"},{"taxonomy":"post_tag","embeddable":true,"href":"https:\/\/agora.xtec.cat\/ins-intermunicipal\/wp-json\/wp\/v2\/tags?post=5385"}],"curies":[{"name":"wp","href":"https:\/\/api.w.org\/{rel}","templated":true}]}}