{"id":5364,"date":"2025-11-11T11:10:24","date_gmt":"2025-11-11T10:10:24","guid":{"rendered":"https:\/\/agora.xtec.cat\/ins-intermunicipal\/?p=5364"},"modified":"2025-11-11T11:10:24","modified_gmt":"2025-11-11T10:10:24","slug":"entorns-de-natura-campanya-25-26","status":"publish","type":"post","link":"https:\/\/agora.xtec.cat\/ins-intermunicipal\/general\/entorns-de-natura-campanya-25-26\/","title":{"rendered":"Entorns de Natura &#8211; Campanya 25\/26"},"content":{"rendered":"<p><span style=\"font-weight: 400;\"><a href=\"https:\/\/agora.xtec.cat\/ins-intermunicipal\/wp-content\/uploads\/usu2220\/2025\/11\/Copia-de-Logotip-entorns_Sense-fons-1.png\"><img loading=\"lazy\" decoding=\"async\" class=\" wp-image-5369 alignright\" src=\"https:\/\/agora.xtec.cat\/ins-intermunicipal\/wp-content\/uploads\/usu2220\/2025\/11\/Copia-de-Logotip-entorns_Sense-fons-1.png\" alt=\"\" width=\"256\" height=\"175\" srcset=\"https:\/\/agora.xtec.cat\/ins-intermunicipal\/wp-content\/uploads\/usu2220\/2025\/11\/Copia-de-Logotip-entorns_Sense-fons-1.png 463w, https:\/\/agora.xtec.cat\/ins-intermunicipal\/wp-content\/uploads\/usu2220\/2025\/11\/Copia-de-Logotip-entorns_Sense-fons-1-300x205.png 300w\" sizes=\"auto, (max-width: 256px) 100vw, 256px\" \/><\/a>Enguany, hem tornat a comen\u00e7ar l\u2019assignatura de 4t d\u2019ESO Entorns de Natura participant en el Projecte Rius de l&#8217;Associaci\u00f3 H\u00e0bitats. Recordem que aquest projecte de ci\u00e8ncia ciutadana es fonamenta en el voluntariat, que vetlla per la conservaci\u00f3 d\u2019un tram de riu a l\u2019\u00e0mbit local, i busca apropar i conscienciar sobre els ecosistemes aqu\u00e0tics. Per tant, ens permet, a m\u00e9s a m\u00e9s, convalidar part del servei comunitari.<\/span><\/p>\n<p><span style=\"font-weight: 400;\"><a href=\"https:\/\/agora.xtec.cat\/ins-intermunicipal\/wp-content\/uploads\/usu2220\/2025\/11\/IMG_3235-1-rotated.jpg\"><img loading=\"lazy\" decoding=\"async\" class=\"wp-image-5371 alignleft\" src=\"https:\/\/agora.xtec.cat\/ins-intermunicipal\/wp-content\/uploads\/usu2220\/2025\/11\/IMG_3235-1-rotated.jpg\" alt=\"\" width=\"217\" height=\"289\" srcset=\"https:\/\/agora.xtec.cat\/ins-intermunicipal\/wp-content\/uploads\/usu2220\/2025\/11\/IMG_3235-1-rotated.jpg 768w, https:\/\/agora.xtec.cat\/ins-intermunicipal\/wp-content\/uploads\/usu2220\/2025\/11\/IMG_3235-1-225x300.jpg 225w\" sizes=\"auto, (max-width: 217px) 100vw, 217px\" \/><\/a>Aix\u00ed doncs, hem mantingut els dos trams de la riera de Lavern\u00f3 que es van apadrinar l\u2019any passat i, despr\u00e9s de formar-nos en tots els aspectes de l&#8217;ecosistema riu (estructura de la ribera, fauna, entre ella macroinvertebrats, flora, etc), hem anat a la riera a recollir totes les dades requerides.<\/span><\/p>\n<p><span style=\"font-weight: 400;\">Actualment, estem processant aquestes dades per entrar-les a la web oficial del Projecte Rius, on podran ser consultades per la ciutadania i ajudaran als cient\u00edfics en la conservaci\u00f3 d\u2019aquests entorns.<\/span><\/p>\n<p><span style=\"font-weight: 400;\">A m\u00e9s a m\u00e9s, els alumnes estan elaborant un p\u00f2ster cient\u00edfic per comunicar els resultats de la investigaci\u00f3.<\/span><\/p>\n<p>&nbsp;<\/p>\n<p><a href=\"https:\/\/agora.xtec.cat\/ins-intermunicipal\/wp-content\/uploads\/usu2220\/2025\/11\/1-rotated.jpg\"><img loading=\"lazy\" decoding=\"async\" class=\"alignnone  wp-image-5372\" src=\"https:\/\/agora.xtec.cat\/ins-intermunicipal\/wp-content\/uploads\/usu2220\/2025\/11\/1-rotated.jpg\" alt=\"\" width=\"304\" height=\"405\" srcset=\"https:\/\/agora.xtec.cat\/ins-intermunicipal\/wp-content\/uploads\/usu2220\/2025\/11\/1-rotated.jpg 768w, https:\/\/agora.xtec.cat\/ins-intermunicipal\/wp-content\/uploads\/usu2220\/2025\/11\/1-225x300.jpg 225w\" sizes=\"auto, (max-width: 304px) 100vw, 304px\" \/>\u00a0 <\/a><a href=\"https:\/\/agora.xtec.cat\/ins-intermunicipal\/wp-content\/uploads\/usu2220\/2025\/11\/2-bona-rotated.jpg\"><img loading=\"lazy\" decoding=\"async\" class=\"alignnone  wp-image-5373\" src=\"https:\/\/agora.xtec.cat\/ins-intermunicipal\/wp-content\/uploads\/usu2220\/2025\/11\/2-bona-rotated.jpg\" alt=\"\" width=\"303\" height=\"404\" srcset=\"https:\/\/agora.xtec.cat\/ins-intermunicipal\/wp-content\/uploads\/usu2220\/2025\/11\/2-bona-rotated.jpg 768w, https:\/\/agora.xtec.cat\/ins-intermunicipal\/wp-content\/uploads\/usu2220\/2025\/11\/2-bona-225x300.jpg 225w\" sizes=\"auto, (max-width: 303px) 100vw, 303px\" \/><\/a><\/p>\n<p><a href=\"https:\/\/agora.xtec.cat\/ins-intermunicipal\/wp-content\/uploads\/usu2220\/2025\/11\/3-rotated.jpg\"><img loading=\"lazy\" decoding=\"async\" class=\"alignnone  wp-image-5374\" src=\"https:\/\/agora.xtec.cat\/ins-intermunicipal\/wp-content\/uploads\/usu2220\/2025\/11\/3-rotated.jpg\" alt=\"\" width=\"302\" height=\"402\" srcset=\"https:\/\/agora.xtec.cat\/ins-intermunicipal\/wp-content\/uploads\/usu2220\/2025\/11\/3-rotated.jpg 768w, https:\/\/agora.xtec.cat\/ins-intermunicipal\/wp-content\/uploads\/usu2220\/2025\/11\/3-225x300.jpg 225w\" sizes=\"auto, (max-width: 302px) 100vw, 302px\" \/>\u00a0 <\/a>\u00a0<a href=\"https:\/\/agora.xtec.cat\/ins-intermunicipal\/wp-content\/uploads\/usu2220\/2025\/11\/4-rotated.jpg\"><img loading=\"lazy\" decoding=\"async\" class=\"alignnone  wp-image-5375\" src=\"https:\/\/agora.xtec.cat\/ins-intermunicipal\/wp-content\/uploads\/usu2220\/2025\/11\/4-rotated.jpg\" alt=\"\" width=\"301\" height=\"402\" srcset=\"https:\/\/agora.xtec.cat\/ins-intermunicipal\/wp-content\/uploads\/usu2220\/2025\/11\/4-rotated.jpg 768w, https:\/\/agora.xtec.cat\/ins-intermunicipal\/wp-content\/uploads\/usu2220\/2025\/11\/4-225x300.jpg 225w\" sizes=\"auto, (max-width: 301px) 100vw, 301px\" \/><\/a><\/p>\n<p><a href=\"https:\/\/agora.xtec.cat\/ins-intermunicipal\/wp-content\/uploads\/usu2220\/2025\/11\/5-rotated.jpg\"><img loading=\"lazy\" decoding=\"async\" class=\"alignnone  wp-image-5376\" src=\"https:\/\/agora.xtec.cat\/ins-intermunicipal\/wp-content\/uploads\/usu2220\/2025\/11\/5-rotated.jpg\" alt=\"\" width=\"303\" height=\"404\" srcset=\"https:\/\/agora.xtec.cat\/ins-intermunicipal\/wp-content\/uploads\/usu2220\/2025\/11\/5-rotated.jpg 768w, https:\/\/agora.xtec.cat\/ins-intermunicipal\/wp-content\/uploads\/usu2220\/2025\/11\/5-225x300.jpg 225w\" sizes=\"auto, (max-width: 303px) 100vw, 303px\" \/>\u00a0 <\/a><a href=\"https:\/\/agora.xtec.cat\/ins-intermunicipal\/wp-content\/uploads\/usu2220\/2025\/11\/6.jpg\"><img loading=\"lazy\" decoding=\"async\" class=\"alignnone  wp-image-5377\" src=\"https:\/\/agora.xtec.cat\/ins-intermunicipal\/wp-content\/uploads\/usu2220\/2025\/11\/6.jpg\" alt=\"\" width=\"301\" height=\"402\" srcset=\"https:\/\/agora.xtec.cat\/ins-intermunicipal\/wp-content\/uploads\/usu2220\/2025\/11\/6.jpg 1024w, https:\/\/agora.xtec.cat\/ins-intermunicipal\/wp-content\/uploads\/usu2220\/2025\/11\/6-225x300.jpg 225w, https:\/\/agora.xtec.cat\/ins-intermunicipal\/wp-content\/uploads\/usu2220\/2025\/11\/6-768x1024.jpg 768w\" sizes=\"auto, (max-width: 301px) 100vw, 301px\" \/><\/a><\/p>\n<p><a href=\"https:\/\/agora.xtec.cat\/ins-intermunicipal\/wp-content\/uploads\/usu2220\/2025\/11\/7.jpg\"><img loading=\"lazy\" decoding=\"async\" class=\"alignnone  wp-image-5378\" src=\"https:\/\/agora.xtec.cat\/ins-intermunicipal\/wp-content\/uploads\/usu2220\/2025\/11\/7.jpg\" alt=\"\" width=\"387\" height=\"290\" srcset=\"https:\/\/agora.xtec.cat\/ins-intermunicipal\/wp-content\/uploads\/usu2220\/2025\/11\/7.jpg 1024w, https:\/\/agora.xtec.cat\/ins-intermunicipal\/wp-content\/uploads\/usu2220\/2025\/11\/7-300x225.jpg 300w, https:\/\/agora.xtec.cat\/ins-intermunicipal\/wp-content\/uploads\/usu2220\/2025\/11\/7-768x576.jpg 768w, https:\/\/agora.xtec.cat\/ins-intermunicipal\/wp-content\/uploads\/usu2220\/2025\/11\/7-200x150.jpg 200w\" sizes=\"auto, (max-width: 387px) 100vw, 387px\" \/><\/a><\/p>\n","protected":false},"excerpt":{"rendered":"<p><a href=\"https:\/\/agora.xtec.cat\/ins-intermunicipal\/wp-content\/uploads\/usu2220\/2025\/11\/Copia-de-Logotip-entorns_Sense-fons-1.png\"><\/a>Enguany, hem tornat a comen\u00e7ar l\u2019assignatura de 4t d\u2019ESO Entorns de Natura participant en el Projecte Rius de l&#8217;Associaci\u00f3 H\u00e0bitats. Recordem que aquest projecte de ci\u00e8ncia ciutadana es fonamenta en el voluntariat, que vetlla per la conservaci\u00f3 d\u2019un tram de riu a l\u2019\u00e0mbit local,&hellip;  <a href=\"https:\/\/agora.xtec.cat\/ins-intermunicipal\/general\/entorns-de-natura-campanya-25-26\/\" title=\"Read Entorns de Natura &#8211; Campanya 25\/26\">Llegeix m\u00e9s\u00bb<\/a><\/p>\n","protected":false},"author":11,"featured_media":5372,"comment_status":"closed","ping_status":"open","sticky":false,"template":"","format":"standard","meta":{"_bbp_topic_count":0,"_bbp_reply_count":0,"_bbp_total_topic_count":0,"_bbp_total_reply_count":0,"_bbp_voice_count":0,"_bbp_anonymous_reply_count":0,"_bbp_topic_count_hidden":0,"_bbp_reply_count_hidden":0,"_bbp_forum_subforum_count":0,"footnotes":""},"categories":[7,3,1,29],"tags":[],"class_list":["post-5364","post","type-post","status-publish","format-standard","has-post-thumbnail","hentry","category-4eso","category-eso","category-general","category-portada"],"post_mailing_queue_ids":[],"_links":{"self":[{"href":"https:\/\/agora.xtec.cat\/ins-intermunicipal\/wp-json\/wp\/v2\/posts\/5364","targetHints":{"allow":["GET"]}}],"collection":[{"href":"https:\/\/agora.xtec.cat\/ins-intermunicipal\/wp-json\/wp\/v2\/posts"}],"about":[{"href":"https:\/\/agora.xtec.cat\/ins-intermunicipal\/wp-json\/wp\/v2\/types\/post"}],"author":[{"embeddable":true,"href":"https:\/\/agora.xtec.cat\/ins-intermunicipal\/wp-json\/wp\/v2\/users\/11"}],"replies":[{"embeddable":true,"href":"https:\/\/agora.xtec.cat\/ins-intermunicipal\/wp-json\/wp\/v2\/comments?post=5364"}],"version-history":[{"count":2,"href":"https:\/\/agora.xtec.cat\/ins-intermunicipal\/wp-json\/wp\/v2\/posts\/5364\/revisions"}],"predecessor-version":[{"id":5379,"href":"https:\/\/agora.xtec.cat\/ins-intermunicipal\/wp-json\/wp\/v2\/posts\/5364\/revisions\/5379"}],"wp:featuredmedia":[{"embeddable":true,"href":"https:\/\/agora.xtec.cat\/ins-intermunicipal\/wp-json\/wp\/v2\/media\/5372"}],"wp:attachment":[{"href":"https:\/\/agora.xtec.cat\/ins-intermunicipal\/wp-json\/wp\/v2\/media?parent=5364"}],"wp:term":[{"taxonomy":"category","embeddable":true,"href":"https:\/\/agora.xtec.cat\/ins-intermunicipal\/wp-json\/wp\/v2\/categories?post=5364"},{"taxonomy":"post_tag","embeddable":true,"href":"https:\/\/agora.xtec.cat\/ins-intermunicipal\/wp-json\/wp\/v2\/tags?post=5364"}],"curies":[{"name":"wp","href":"https:\/\/api.w.org\/{rel}","templated":true}]}}