{"id":5357,"date":"2025-11-11T09:52:14","date_gmt":"2025-11-11T08:52:14","guid":{"rendered":"https:\/\/agora.xtec.cat\/ins-intermunicipal\/?p=5357"},"modified":"2025-11-11T09:53:39","modified_gmt":"2025-11-11T08:53:39","slug":"caminada-de-1r-de-batxillerat","status":"publish","type":"post","link":"https:\/\/agora.xtec.cat\/ins-intermunicipal\/general\/caminada-de-1r-de-batxillerat\/","title":{"rendered":"Caminada de 1r de Batxillerat"},"content":{"rendered":"<p>Caminant entre vinyes i paisatges de tardor, els alumnes de 1r de Batxillerat van gaudir d&#8217;un mat\u00ed assolellat i agradable tot celebrant la Castanyada. L&#8217;alumnat va poder conversar i compartir experi\u00e8ncies a l&#8217;aire lliure, descobrint l&#8217;entorn natural. Una experi\u00e8ncia enriquidora que tothom va valorar positivament.<\/p>\n<div><a href=\"https:\/\/agora.xtec.cat\/ins-intermunicipal\/wp-content\/uploads\/usu2220\/2025\/11\/1000197549-1.jpg\"><img loading=\"lazy\" decoding=\"async\" class=\"alignnone wp-image-5361\" src=\"https:\/\/agora.xtec.cat\/ins-intermunicipal\/wp-content\/uploads\/usu2220\/2025\/11\/1000197549-1.jpg\" alt=\"\" width=\"499\" height=\"281\" srcset=\"https:\/\/agora.xtec.cat\/ins-intermunicipal\/wp-content\/uploads\/usu2220\/2025\/11\/1000197549-1.jpg 1024w, https:\/\/agora.xtec.cat\/ins-intermunicipal\/wp-content\/uploads\/usu2220\/2025\/11\/1000197549-1-300x169.jpg 300w, https:\/\/agora.xtec.cat\/ins-intermunicipal\/wp-content\/uploads\/usu2220\/2025\/11\/1000197549-1-768x432.jpg 768w\" sizes=\"auto, (max-width: 499px) 100vw, 499px\" \/><\/a> <a href=\"https:\/\/agora.xtec.cat\/ins-intermunicipal\/wp-content\/uploads\/usu2220\/2025\/11\/1000197575.jpg\"><img loading=\"lazy\" decoding=\"async\" class=\"alignnone wp-image-5360\" src=\"https:\/\/agora.xtec.cat\/ins-intermunicipal\/wp-content\/uploads\/usu2220\/2025\/11\/1000197575.jpg\" alt=\"\" width=\"498\" height=\"280\" srcset=\"https:\/\/agora.xtec.cat\/ins-intermunicipal\/wp-content\/uploads\/usu2220\/2025\/11\/1000197575.jpg 2048w, https:\/\/agora.xtec.cat\/ins-intermunicipal\/wp-content\/uploads\/usu2220\/2025\/11\/1000197575-300x169.jpg 300w, https:\/\/agora.xtec.cat\/ins-intermunicipal\/wp-content\/uploads\/usu2220\/2025\/11\/1000197575-1024x576.jpg 1024w, https:\/\/agora.xtec.cat\/ins-intermunicipal\/wp-content\/uploads\/usu2220\/2025\/11\/1000197575-768x432.jpg 768w, https:\/\/agora.xtec.cat\/ins-intermunicipal\/wp-content\/uploads\/usu2220\/2025\/11\/1000197575-1536x864.jpg 1536w\" sizes=\"auto, (max-width: 498px) 100vw, 498px\" \/><\/a> <a href=\"https:\/\/agora.xtec.cat\/ins-intermunicipal\/wp-content\/uploads\/usu2220\/2025\/11\/1000197572.jpg\"><img loading=\"lazy\" decoding=\"async\" class=\"alignnone wp-image-5359\" src=\"https:\/\/agora.xtec.cat\/ins-intermunicipal\/wp-content\/uploads\/usu2220\/2025\/11\/1000197572.jpg\" alt=\"\" width=\"496\" height=\"279\" srcset=\"https:\/\/agora.xtec.cat\/ins-intermunicipal\/wp-content\/uploads\/usu2220\/2025\/11\/1000197572.jpg 2048w, https:\/\/agora.xtec.cat\/ins-intermunicipal\/wp-content\/uploads\/usu2220\/2025\/11\/1000197572-300x169.jpg 300w, https:\/\/agora.xtec.cat\/ins-intermunicipal\/wp-content\/uploads\/usu2220\/2025\/11\/1000197572-1024x576.jpg 1024w, https:\/\/agora.xtec.cat\/ins-intermunicipal\/wp-content\/uploads\/usu2220\/2025\/11\/1000197572-768x432.jpg 768w, https:\/\/agora.xtec.cat\/ins-intermunicipal\/wp-content\/uploads\/usu2220\/2025\/11\/1000197572-1536x864.jpg 1536w\" sizes=\"auto, (max-width: 496px) 100vw, 496px\" \/><\/a> <a href=\"https:\/\/agora.xtec.cat\/ins-intermunicipal\/wp-content\/uploads\/usu2220\/2025\/11\/1000197569.jpg\"><img loading=\"lazy\" decoding=\"async\" class=\"alignnone wp-image-5358\" src=\"https:\/\/agora.xtec.cat\/ins-intermunicipal\/wp-content\/uploads\/usu2220\/2025\/11\/1000197569.jpg\" alt=\"\" width=\"620\" height=\"349\" srcset=\"https:\/\/agora.xtec.cat\/ins-intermunicipal\/wp-content\/uploads\/usu2220\/2025\/11\/1000197569.jpg 2048w, https:\/\/agora.xtec.cat\/ins-intermunicipal\/wp-content\/uploads\/usu2220\/2025\/11\/1000197569-300x169.jpg 300w, https:\/\/agora.xtec.cat\/ins-intermunicipal\/wp-content\/uploads\/usu2220\/2025\/11\/1000197569-1024x576.jpg 1024w, https:\/\/agora.xtec.cat\/ins-intermunicipal\/wp-content\/uploads\/usu2220\/2025\/11\/1000197569-768x432.jpg 768w, https:\/\/agora.xtec.cat\/ins-intermunicipal\/wp-content\/uploads\/usu2220\/2025\/11\/1000197569-1536x864.jpg 1536w\" sizes=\"auto, (max-width: 620px) 100vw, 620px\" \/><\/a><\/div>\n","protected":false},"excerpt":{"rendered":"<p>Caminant entre vinyes i paisatges de tardor, els alumnes de 1r de Batxillerat van gaudir d&#8217;un mat\u00ed assolellat i agradable tot celebrant la Castanyada. L&#8217;alumnat va poder conversar i compartir experi\u00e8ncies a l&#8217;aire lliure, descobrint l&#8217;entorn natural. Una experi\u00e8ncia enriquidora que tothom va valorar positivament.<br \/>\n<a&hellip;  <a href=\"https:\/\/agora.xtec.cat\/ins-intermunicipal\/general\/caminada-de-1r-de-batxillerat\/\" title=\"Read Caminada de 1r de Batxillerat\">Llegeix m\u00e9s\u00bb<\/a><\/p>\n","protected":false},"author":11,"featured_media":5358,"comment_status":"closed","ping_status":"open","sticky":false,"template":"","format":"standard","meta":{"_bbp_topic_count":0,"_bbp_reply_count":0,"_bbp_total_topic_count":0,"_bbp_total_reply_count":0,"_bbp_voice_count":0,"_bbp_anonymous_reply_count":0,"_bbp_topic_count_hidden":0,"_bbp_reply_count_hidden":0,"_bbp_forum_subforum_count":0,"footnotes":""},"categories":[106,8,1,29],"tags":[],"class_list":["post-5357","post","type-post","status-publish","format-standard","has-post-thumbnail","hentry","category-bat1","category-bat","category-general","category-portada"],"post_mailing_queue_ids":[],"_links":{"self":[{"href":"https:\/\/agora.xtec.cat\/ins-intermunicipal\/wp-json\/wp\/v2\/posts\/5357","targetHints":{"allow":["GET"]}}],"collection":[{"href":"https:\/\/agora.xtec.cat\/ins-intermunicipal\/wp-json\/wp\/v2\/posts"}],"about":[{"href":"https:\/\/agora.xtec.cat\/ins-intermunicipal\/wp-json\/wp\/v2\/types\/post"}],"author":[{"embeddable":true,"href":"https:\/\/agora.xtec.cat\/ins-intermunicipal\/wp-json\/wp\/v2\/users\/11"}],"replies":[{"embeddable":true,"href":"https:\/\/agora.xtec.cat\/ins-intermunicipal\/wp-json\/wp\/v2\/comments?post=5357"}],"version-history":[{"count":2,"href":"https:\/\/agora.xtec.cat\/ins-intermunicipal\/wp-json\/wp\/v2\/posts\/5357\/revisions"}],"predecessor-version":[{"id":5363,"href":"https:\/\/agora.xtec.cat\/ins-intermunicipal\/wp-json\/wp\/v2\/posts\/5357\/revisions\/5363"}],"wp:featuredmedia":[{"embeddable":true,"href":"https:\/\/agora.xtec.cat\/ins-intermunicipal\/wp-json\/wp\/v2\/media\/5358"}],"wp:attachment":[{"href":"https:\/\/agora.xtec.cat\/ins-intermunicipal\/wp-json\/wp\/v2\/media?parent=5357"}],"wp:term":[{"taxonomy":"category","embeddable":true,"href":"https:\/\/agora.xtec.cat\/ins-intermunicipal\/wp-json\/wp\/v2\/categories?post=5357"},{"taxonomy":"post_tag","embeddable":true,"href":"https:\/\/agora.xtec.cat\/ins-intermunicipal\/wp-json\/wp\/v2\/tags?post=5357"}],"curies":[{"name":"wp","href":"https:\/\/api.w.org\/{rel}","templated":true}]}}