{"id":5353,"date":"2025-11-10T14:31:32","date_gmt":"2025-11-10T13:31:32","guid":{"rendered":"https:\/\/agora.xtec.cat\/ins-intermunicipal\/?p=5353"},"modified":"2025-11-10T14:33:19","modified_gmt":"2025-11-10T13:33:19","slug":"ofertes-de-feina-a-lalt-penedes-7-de-novembre","status":"publish","type":"post","link":"https:\/\/agora.xtec.cat\/ins-intermunicipal\/formacio-professional\/feina-fp\/ofertes-de-feina-a-lalt-penedes-7-de-novembre\/","title":{"rendered":"Ofertes de feina a l&#8217;Alt Pened\u00e8s. 7 de novembre"},"content":{"rendered":"<p>Compartim amb vosaltres les <a href=\"https:\/\/drive.google.com\/file\/d\/1P3KPnDJh2rjNvvXgtXk4EzHwD0x6YGqI\/view?usp=sharing\">ofertes de feina actualitzades<\/a> que l\u2019Oficina Municipal del Treball de Vilafranca del Pened\u00e8s ens ha preparat. Trobareu vacants vinculades als estudis que tenim a l\u2019Institut Intermunicipal del Pened\u00e8s. L\u2019oficina ens informa tamb\u00e9 sobre <a href=\"https:\/\/drive.google.com\/file\/d\/1houBYrlrmAM8IgyHoLgUj0wv1ba-mxAR\/view?usp=sharing\">com s\u2019ha de procedir<\/a> per formalitzar les inscripcions.<\/p>\n<p>Tamb\u00e9 ens comunica <a href=\"https:\/\/drive.google.com\/file\/d\/1gMTRw_RvRr49O6hSSmr6SpMI2kGYf_1H\/view?usp=sharing\">els cursos o c\u00e0psules formatives<\/a> que ofereixen al mes d\u2019octubre.<\/p>\n<p>Us deixem tamb\u00e9 una petita explicaci\u00f3 del contingut de les c\u00e0psules per si us interessa.<\/p>\n<p>14\/11\/2025<\/p>\n<p>ENTRENA\u2019T PER L\u2019ENTREVISTA: SIMULACI\u00d3 PR\u00c0CTICA<\/p>\n<p>Aquesta sessi\u00f3 formativa et permetr\u00e0 preparar-te per a les entrevistes laborals mitjan\u00e7ant simulacions pr\u00e0ctiques. Practicar\u00e0s les preguntes m\u00e9s comunes, aprendr\u00e0s a comunicar-te de manera efectiva i a gestionar el nerviosisme, tot per augmentar les teves possibilitats d\u2019\u00e8xit. L\u2019objectiu \u00e9s que te sentis m\u00e9s segur i preparat davant qualsevol entrevista.<\/p>\n<p>21\/11\/2025<\/p>\n<p>FES-TE VEURE: ENVIA LA TEVA AUTOCANDIDATURA AMB \u00c8XIT<\/p>\n<p>Contactar directament amb les empreses \u00e9s una forma de tenir m\u00e9s possibilitats de trobar feina. Dedicarem aquesta sessi\u00f3 a entendre el funcionament de les seves borses de treball, con\u00e8ixer les passes a seguir per formar-ne part i preparar una autocandidatura. Per a dur a terme aquesta sessi\u00f3 es requereix un coneixement b\u00e0sic en TIC.<\/p>\n<p>28\/11\/2025<\/p>\n<p>OCUPACIONS DE PRESENT I FUTUR: MERCAT DE TREBALL<\/p>\n<p>Coneixerem com funciona el mercat de treball i quins s\u00f3n els perfils que generen m\u00e9s ocupaci\u00f3. Reflexionarem sobre les professions del futur i com encaixar-ho amb els perfils professionals m\u00e9s sol\u00b7licitats en l\u2019actualitat en el nostre<\/p>\n","protected":false},"excerpt":{"rendered":"<p>Compartim amb vosaltres les <a href=\"https:\/\/drive.google.com\/file\/d\/1P3KPnDJh2rjNvvXgtXk4EzHwD0x6YGqI\/view?usp=sharing\">ofertes de feina actualitzades<\/a> que l\u2019Oficina Municipal del Treball de Vilafranca del Pened\u00e8s ens ha preparat. Trobareu vacants vinculades als estudis que tenim a l\u2019Institut Intermunicipal del Pened\u00e8s. L\u2019oficina ens informa tamb\u00e9 sobre <a href=\"https:\/\/drive.google.com\/file\/d\/1houBYrlrmAM8IgyHoLgUj0wv1ba-mxAR\/view?usp=sharing\">com s\u2019ha de procedir<\/a> per formalitzar&hellip;  <a href=\"https:\/\/agora.xtec.cat\/ins-intermunicipal\/formacio-professional\/feina-fp\/ofertes-de-feina-a-lalt-penedes-7-de-novembre\/\" title=\"Read Ofertes de feina a l&#8217;Alt Pened\u00e8s. 7 de novembre\">Llegeix m\u00e9s\u00bb<\/a><\/p>\n","protected":false},"author":8,"featured_media":0,"comment_status":"closed","ping_status":"open","sticky":false,"template":"","format":"standard","meta":{"_bbp_topic_count":0,"_bbp_reply_count":0,"_bbp_total_topic_count":0,"_bbp_total_reply_count":0,"_bbp_voice_count":0,"_bbp_anonymous_reply_count":0,"_bbp_topic_count_hidden":0,"_bbp_reply_count_hidden":0,"_bbp_forum_subforum_count":0,"footnotes":""},"categories":[189],"tags":[],"class_list":["post-5353","post","type-post","status-publish","format-standard","hentry","category-feina-fp"],"post_mailing_queue_ids":[],"_links":{"self":[{"href":"https:\/\/agora.xtec.cat\/ins-intermunicipal\/wp-json\/wp\/v2\/posts\/5353","targetHints":{"allow":["GET"]}}],"collection":[{"href":"https:\/\/agora.xtec.cat\/ins-intermunicipal\/wp-json\/wp\/v2\/posts"}],"about":[{"href":"https:\/\/agora.xtec.cat\/ins-intermunicipal\/wp-json\/wp\/v2\/types\/post"}],"author":[{"embeddable":true,"href":"https:\/\/agora.xtec.cat\/ins-intermunicipal\/wp-json\/wp\/v2\/users\/8"}],"replies":[{"embeddable":true,"href":"https:\/\/agora.xtec.cat\/ins-intermunicipal\/wp-json\/wp\/v2\/comments?post=5353"}],"version-history":[{"count":2,"href":"https:\/\/agora.xtec.cat\/ins-intermunicipal\/wp-json\/wp\/v2\/posts\/5353\/revisions"}],"predecessor-version":[{"id":5355,"href":"https:\/\/agora.xtec.cat\/ins-intermunicipal\/wp-json\/wp\/v2\/posts\/5353\/revisions\/5355"}],"wp:attachment":[{"href":"https:\/\/agora.xtec.cat\/ins-intermunicipal\/wp-json\/wp\/v2\/media?parent=5353"}],"wp:term":[{"taxonomy":"category","embeddable":true,"href":"https:\/\/agora.xtec.cat\/ins-intermunicipal\/wp-json\/wp\/v2\/categories?post=5353"},{"taxonomy":"post_tag","embeddable":true,"href":"https:\/\/agora.xtec.cat\/ins-intermunicipal\/wp-json\/wp\/v2\/tags?post=5353"}],"curies":[{"name":"wp","href":"https:\/\/api.w.org\/{rel}","templated":true}]}}