{"id":5348,"date":"2025-11-06T16:43:50","date_gmt":"2025-11-06T15:43:50","guid":{"rendered":"https:\/\/agora.xtec.cat\/ins-intermunicipal\/?p=5348"},"modified":"2025-11-10T15:10:51","modified_gmt":"2025-11-10T14:10:51","slug":"com-ens-comuniquem","status":"publish","type":"post","link":"https:\/\/agora.xtec.cat\/ins-intermunicipal\/general\/com-ens-comuniquem\/","title":{"rendered":"Com ens comuniquem?"},"content":{"rendered":"<p><a href=\"https:\/\/agora.xtec.cat\/ins-intermunicipal\/general\/com-ens-comuniquem\/attachment\/img_20251104_162634\/\" rel=\"attachment wp-att-5349\"><img loading=\"lazy\" decoding=\"async\" class=\"size-medium wp-image-5349 alignright\" src=\"https:\/\/agora.xtec.cat\/ins-intermunicipal\/wp-content\/uploads\/usu2220\/2025\/11\/IMG_20251104_162634-300x225.jpg\" alt=\"\" width=\"300\" height=\"225\" srcset=\"https:\/\/agora.xtec.cat\/ins-intermunicipal\/wp-content\/uploads\/usu2220\/2025\/11\/IMG_20251104_162634-300x225.jpg 300w, https:\/\/agora.xtec.cat\/ins-intermunicipal\/wp-content\/uploads\/usu2220\/2025\/11\/IMG_20251104_162634-1024x768.jpg 1024w, https:\/\/agora.xtec.cat\/ins-intermunicipal\/wp-content\/uploads\/usu2220\/2025\/11\/IMG_20251104_162634-768x576.jpg 768w, https:\/\/agora.xtec.cat\/ins-intermunicipal\/wp-content\/uploads\/usu2220\/2025\/11\/IMG_20251104_162634-1536x1152.jpg 1536w, https:\/\/agora.xtec.cat\/ins-intermunicipal\/wp-content\/uploads\/usu2220\/2025\/11\/IMG_20251104_162634-200x150.jpg 200w, https:\/\/agora.xtec.cat\/ins-intermunicipal\/wp-content\/uploads\/usu2220\/2025\/11\/IMG_20251104_162634.jpg 2048w\" sizes=\"auto, (max-width: 300px) 100vw, 300px\" \/><\/a>La responsable del servei de mediaci\u00f3 de l&#8217;Ajuntament de Sant Sadurn\u00ed d&#8217;Anoia i especialista en l\u2019aplicaci\u00f3 del di\u00e0leg en la resoluci\u00f3 de conflictes amb viol\u00e8ncia filioparental, Ester Mart\u00ed, va visitar dimarts les aules del CFGM de Farm\u00e0cia i Parafarm\u00e0cia, de segon curs, i del CFGM d&#8217;Integraci\u00f3 Social, de primer curs, per impartir un parell de tallers amb el nom de <em>Com ens comuniquem<\/em> i <em>I ara com ho gestionem<\/em>. El taller s&#8217;inscriu en el paquet de tallers i xerrades que el Servei de Joventut l&#8217;Ajuntament de Sant Sadurn\u00ed d&#8217;Anoia ofereix als centres educatius que permet complementar les classes lectives amb continguts d&#8217;inter\u00e8s.<\/p>\n<p>Mart\u00ed torna al centre el pr\u00f2xim dia 20 de gener. Gr\u00e0cies, Ester, per la teva visita.<\/p>\n","protected":false},"excerpt":{"rendered":"<p><a href=\"https:\/\/agora.xtec.cat\/ins-intermunicipal\/general\/com-ens-comuniquem\/attachment\/img_20251104_162634\/\" rel=\"attachment wp-att-5349\"><\/a>La responsable del servei de mediaci\u00f3 de l&#8217;Ajuntament de Sant Sadurn\u00ed d&#8217;Anoia i especialista en l\u2019aplicaci\u00f3 del di\u00e0leg en la resoluci\u00f3 de conflictes amb viol\u00e8ncia filioparental, Ester Mart\u00ed, va visitar dimarts les aules del CFGM de Farm\u00e0cia i Parafarm\u00e0cia, de segon curs,&hellip;  <a href=\"https:\/\/agora.xtec.cat\/ins-intermunicipal\/general\/com-ens-comuniquem\/\" title=\"Read Com ens comuniquem?\">Llegeix m\u00e9s\u00bb<\/a><\/p>\n","protected":false},"author":8,"featured_media":5349,"comment_status":"closed","ping_status":"open","sticky":false,"template":"","format":"standard","meta":{"_bbp_topic_count":0,"_bbp_reply_count":0,"_bbp_total_topic_count":0,"_bbp_total_reply_count":0,"_bbp_voice_count":0,"_bbp_anonymous_reply_count":0,"_bbp_topic_count_hidden":0,"_bbp_reply_count_hidden":0,"_bbp_forum_subforum_count":0,"footnotes":""},"categories":[30,1,29],"tags":[],"class_list":["post-5348","post","type-post","status-publish","format-standard","has-post-thumbnail","hentry","category-formacio-professional","category-general","category-portada"],"post_mailing_queue_ids":[],"_links":{"self":[{"href":"https:\/\/agora.xtec.cat\/ins-intermunicipal\/wp-json\/wp\/v2\/posts\/5348","targetHints":{"allow":["GET"]}}],"collection":[{"href":"https:\/\/agora.xtec.cat\/ins-intermunicipal\/wp-json\/wp\/v2\/posts"}],"about":[{"href":"https:\/\/agora.xtec.cat\/ins-intermunicipal\/wp-json\/wp\/v2\/types\/post"}],"author":[{"embeddable":true,"href":"https:\/\/agora.xtec.cat\/ins-intermunicipal\/wp-json\/wp\/v2\/users\/8"}],"replies":[{"embeddable":true,"href":"https:\/\/agora.xtec.cat\/ins-intermunicipal\/wp-json\/wp\/v2\/comments?post=5348"}],"version-history":[{"count":4,"href":"https:\/\/agora.xtec.cat\/ins-intermunicipal\/wp-json\/wp\/v2\/posts\/5348\/revisions"}],"predecessor-version":[{"id":5356,"href":"https:\/\/agora.xtec.cat\/ins-intermunicipal\/wp-json\/wp\/v2\/posts\/5348\/revisions\/5356"}],"wp:featuredmedia":[{"embeddable":true,"href":"https:\/\/agora.xtec.cat\/ins-intermunicipal\/wp-json\/wp\/v2\/media\/5349"}],"wp:attachment":[{"href":"https:\/\/agora.xtec.cat\/ins-intermunicipal\/wp-json\/wp\/v2\/media?parent=5348"}],"wp:term":[{"taxonomy":"category","embeddable":true,"href":"https:\/\/agora.xtec.cat\/ins-intermunicipal\/wp-json\/wp\/v2\/categories?post=5348"},{"taxonomy":"post_tag","embeddable":true,"href":"https:\/\/agora.xtec.cat\/ins-intermunicipal\/wp-json\/wp\/v2\/tags?post=5348"}],"curies":[{"name":"wp","href":"https:\/\/api.w.org\/{rel}","templated":true}]}}