{"id":5336,"date":"2025-11-01T18:58:15","date_gmt":"2025-11-01T17:58:15","guid":{"rendered":"https:\/\/agora.xtec.cat\/ins-intermunicipal\/?p=5336"},"modified":"2025-11-01T18:58:15","modified_gmt":"2025-11-01T17:58:15","slug":"ofertes-de-feina-a-lalt-penedes-31-doctubre","status":"publish","type":"post","link":"https:\/\/agora.xtec.cat\/ins-intermunicipal\/formacio-professional\/feina-fp\/ofertes-de-feina-a-lalt-penedes-31-doctubre\/","title":{"rendered":"Ofertes de feina a l&#8217;Alt Pened\u00e8s 31 d&#8217;octubre"},"content":{"rendered":"<p>Compartim amb vosaltres <a href=\"https:\/\/drive.google.com\/file\/d\/1VvFKHUIHaUTGyVpg6yglUI8CBB6DpfE1\/view?usp=sharing\">les ofertes de feina actualitzades<\/a> que l\u2019Oficina Municipal del Treball de Vilafranca del Pened\u00e8s ens ha preparat. Trobareu vacants vinculades als estudis que tenim a l\u2019Institut Intermunicipal del Pened\u00e8s. L\u2019oficina ens informa tamb\u00e9 sobre <a href=\"https:\/\/drive.google.com\/file\/d\/1houBYrlrmAM8IgyHoLgUj0wv1ba-mxAR\/view?usp=sharing\">com s\u2019ha de procedir per formalitzar les inscripcions<\/a>.<\/p>\n<p>Tamb\u00e9 ens comunica <a href=\"https:\/\/drive.google.com\/file\/d\/1gMTRw_RvRr49O6hSSmr6SpMI2kGYf_1H\/view?usp=sharing\">els cursos o c\u00e0psules formatives<\/a> que ofereixen al mes d\u2019octubre.<\/p>\n<p>Us deixem tamb\u00e9 una petita explicaci\u00f3 del contingut de les c\u00e0psules per si us interessa.<\/p>\n<p style=\"font-weight: 400;\"><strong><u>7\/11\/2025<\/u><\/strong><\/p>\n<p style=\"font-weight: 400;\"><strong><u>PLANIFICA LA TEVA RECERCA DE FEINA AMB \u00c8XIT<\/u><\/strong><\/p>\n<p style=\"font-weight: 400;\">Aquesta sessi\u00f3 formativa t&#8217;ensenyar\u00e0 estrat\u00e8gies clau per planificar una recerca de feina efectiva. Aprendr\u00e0s com definir objectius clars, organitzar el temps de manera eficient i identificar les millors eines i recursos per aconseguir \u00e8xit. L&#8217;objectiu \u00e9s que la teva recerca sigui m\u00e9s organitzada i productiva<\/p>\n<p style=\"font-weight: 400;\"><strong><u>14\/11\/2025<\/u><\/strong><\/p>\n<p style=\"font-weight: 400;\"><strong><u>ENTRENA\u2019T PER L\u2019ENTREVISTA: SIMULACI\u00d3 PR\u00c0CTICA<\/u><\/strong><\/p>\n<p style=\"font-weight: 400;\">Aquesta sessi\u00f3 formativa et permetr\u00e0 preparar-te per a les entrevistes laborals mitjan\u00e7ant simulacions pr\u00e0ctiques. Practicar\u00e0s les preguntes m\u00e9s comunes, aprendr\u00e0s a comunicar-te de manera efectiva i a gestionar el nerviosisme, tot per augmentar les teves possibilitats d&#8217;\u00e8xit. L&#8217;objectiu \u00e9s que te sentis m\u00e9s segur i preparat davant qualsevol entrevista.<\/p>\n<p style=\"font-weight: 400;\"><strong><u>21\/11\/2025<\/u><\/strong><\/p>\n<p style=\"font-weight: 400;\"><strong><u>FES-TE VEURE: ENVIA LA TEVA AUTOCANDIDATURA AMB \u00c8XIT<\/u><\/strong><\/p>\n<p style=\"font-weight: 400;\">Contactar directament amb les empreses \u00e9s una forma de tenir m\u00e9s possibilitats de trobar feina. Dedicarem aquesta sessi\u00f3 a entendre el funcionament de les seves borses de treball, con\u00e8ixer les passes a seguir per formar-ne part i preparar una autocandidatura.\u00a0 Per a dur a terme aquesta sessi\u00f3 es requereix un coneixement b\u00e0sic en TIC.<\/p>\n<p style=\"font-weight: 400;\"><strong><u>28\/11\/2025<\/u><\/strong><\/p>\n<p style=\"font-weight: 400;\"><strong><u>OCUPACIONS DE PRESENT I FUTUR: MERCAT DE TREBALL<\/u><\/strong><\/p>\n<p style=\"font-weight: 400;\">Coneixerem com funciona el mercat de treball i quins s\u00f3n els perfils que generen m\u00e9s ocupaci\u00f3. Reflexionarem sobre les professions del futur i com encaixar-ho amb els perfils professionals m\u00e9s sol\u00b7licitats en l&#8217;actualitat en el nostre territori.<\/p>\n","protected":false},"excerpt":{"rendered":"<p>Compartim amb vosaltres <a href=\"https:\/\/drive.google.com\/file\/d\/1VvFKHUIHaUTGyVpg6yglUI8CBB6DpfE1\/view?usp=sharing\">les ofertes de feina actualitzades<\/a> que l\u2019Oficina Municipal del Treball de Vilafranca del Pened\u00e8s ens ha preparat. Trobareu vacants vinculades als estudis que tenim a l\u2019Institut Intermunicipal del Pened\u00e8s. L\u2019oficina ens informa tamb\u00e9 sobre <a href=\"https:\/\/drive.google.com\/file\/d\/1houBYrlrmAM8IgyHoLgUj0wv1ba-mxAR\/view?usp=sharing\">com s\u2019ha de procedir per formalitzar&hellip;  <a href=\"https:\/\/agora.xtec.cat\/ins-intermunicipal\/formacio-professional\/feina-fp\/ofertes-de-feina-a-lalt-penedes-31-doctubre\/\" title=\"Read Ofertes de feina a l&#8217;Alt Pened\u00e8s 31 d&#8217;octubre\">Llegeix m\u00e9s\u00bb<\/a><\/p>\n","protected":false},"author":8,"featured_media":0,"comment_status":"closed","ping_status":"open","sticky":false,"template":"","format":"standard","meta":{"_bbp_topic_count":0,"_bbp_reply_count":0,"_bbp_total_topic_count":0,"_bbp_total_reply_count":0,"_bbp_voice_count":0,"_bbp_anonymous_reply_count":0,"_bbp_topic_count_hidden":0,"_bbp_reply_count_hidden":0,"_bbp_forum_subforum_count":0,"footnotes":""},"categories":[189],"tags":[],"class_list":["post-5336","post","type-post","status-publish","format-standard","hentry","category-feina-fp"],"post_mailing_queue_ids":[],"_links":{"self":[{"href":"https:\/\/agora.xtec.cat\/ins-intermunicipal\/wp-json\/wp\/v2\/posts\/5336","targetHints":{"allow":["GET"]}}],"collection":[{"href":"https:\/\/agora.xtec.cat\/ins-intermunicipal\/wp-json\/wp\/v2\/posts"}],"about":[{"href":"https:\/\/agora.xtec.cat\/ins-intermunicipal\/wp-json\/wp\/v2\/types\/post"}],"author":[{"embeddable":true,"href":"https:\/\/agora.xtec.cat\/ins-intermunicipal\/wp-json\/wp\/v2\/users\/8"}],"replies":[{"embeddable":true,"href":"https:\/\/agora.xtec.cat\/ins-intermunicipal\/wp-json\/wp\/v2\/comments?post=5336"}],"version-history":[{"count":1,"href":"https:\/\/agora.xtec.cat\/ins-intermunicipal\/wp-json\/wp\/v2\/posts\/5336\/revisions"}],"predecessor-version":[{"id":5337,"href":"https:\/\/agora.xtec.cat\/ins-intermunicipal\/wp-json\/wp\/v2\/posts\/5336\/revisions\/5337"}],"wp:attachment":[{"href":"https:\/\/agora.xtec.cat\/ins-intermunicipal\/wp-json\/wp\/v2\/media?parent=5336"}],"wp:term":[{"taxonomy":"category","embeddable":true,"href":"https:\/\/agora.xtec.cat\/ins-intermunicipal\/wp-json\/wp\/v2\/categories?post=5336"},{"taxonomy":"post_tag","embeddable":true,"href":"https:\/\/agora.xtec.cat\/ins-intermunicipal\/wp-json\/wp\/v2\/tags?post=5336"}],"curies":[{"name":"wp","href":"https:\/\/api.w.org\/{rel}","templated":true}]}}