{"id":5313,"date":"2025-10-30T13:50:34","date_gmt":"2025-10-30T12:50:34","guid":{"rendered":"https:\/\/agora.xtec.cat\/ins-intermunicipal\/?p=5313"},"modified":"2025-10-30T13:50:34","modified_gmt":"2025-10-30T12:50:34","slug":"reunions-amb-families-de-2n-de-batxillerat","status":"publish","type":"post","link":"https:\/\/agora.xtec.cat\/ins-intermunicipal\/general\/reunions-amb-families-de-2n-de-batxillerat\/","title":{"rendered":"Reunions amb fam\u00edlies de 2n de Batxillerat"},"content":{"rendered":"<p><span style=\"font-weight: 400;\"><a href=\"https:\/\/agora.xtec.cat\/ins-intermunicipal\/wp-content\/uploads\/usu2220\/2025\/10\/BAT2-scaled.jpg\"><img loading=\"lazy\" decoding=\"async\" class=\"wp-image-5314 alignright\" src=\"https:\/\/agora.xtec.cat\/ins-intermunicipal\/wp-content\/uploads\/usu2220\/2025\/10\/BAT2-scaled.jpg\" alt=\"\" width=\"363\" height=\"204\" srcset=\"https:\/\/agora.xtec.cat\/ins-intermunicipal\/wp-content\/uploads\/usu2220\/2025\/10\/BAT2-scaled.jpg 2560w, https:\/\/agora.xtec.cat\/ins-intermunicipal\/wp-content\/uploads\/usu2220\/2025\/10\/BAT2-300x169.jpg 300w, https:\/\/agora.xtec.cat\/ins-intermunicipal\/wp-content\/uploads\/usu2220\/2025\/10\/BAT2-1024x576.jpg 1024w, https:\/\/agora.xtec.cat\/ins-intermunicipal\/wp-content\/uploads\/usu2220\/2025\/10\/BAT2-768x432.jpg 768w, https:\/\/agora.xtec.cat\/ins-intermunicipal\/wp-content\/uploads\/usu2220\/2025\/10\/BAT2-1536x864.jpg 1536w, https:\/\/agora.xtec.cat\/ins-intermunicipal\/wp-content\/uploads\/usu2220\/2025\/10\/BAT2-2048x1152.jpg 2048w\" sizes=\"auto, (max-width: 363px) 100vw, 363px\" \/><\/a>Dimarts 28 d\u2019octubre a les 18:45 de la tarda, l\u2019equip de tutors de 2n de Batxillerat<\/span><span style=\"font-weight: 400;\">, juntament amb la coordinadora-orientadora i l\u2019equip directiu del centre, van rebre les fam\u00edlies d&#8217;aquest nivell.<\/span><\/p>\n<table style=\"height: 255px; width: 46.9777%;\">\n<tbody>\n<tr style=\"height: 58px;\">\n<td style=\"width: 100%; height: 58px;\"><span style=\"font-weight: 400;\">Nerea Moya (Coordinadora i orientadora)<\/span><\/td>\n<\/tr>\n<tr style=\"height: 49px;\">\n<td style=\"width: 100%; height: 49px;\"><span style=\"font-weight: 400;\">2n Batx. A: Esther Canales<\/span><\/td>\n<\/tr>\n<tr style=\"height: 49px;\">\n<td style=\"width: 100%; height: 49px;\"><span style=\"font-weight: 400;\">2n Batx. B: Antonio Lahoz<\/span><\/td>\n<\/tr>\n<tr style=\"height: 49px;\">\n<td style=\"width: 100%; height: 49px;\"><span style=\"font-weight: 400;\">2n\u00a0 Batx. C: Jordi Quintana<\/span><\/td>\n<\/tr>\n<tr style=\"height: 50px;\">\n<td style=\"width: 100%; height: 50px;\"><span style=\"font-weight: 400;\">2n\u00a0 Batx. D: Maria Jos\u00e9 Cano<\/span><\/td>\n<\/tr>\n<\/tbody>\n<\/table>\n<p><span style=\"font-weight: 400;\">La trobada va consistir en una reuni\u00f3 inicial conjunta, en la qual tant l\u2019equip directiu com la coordinadora van donar informaci\u00f3 de car\u00e0cter general, i una reuni\u00f3 m\u00e9s personalitzada amb el tutor\/a a l\u2019aula corresponent de cada grup.\u00a0<\/span><\/p>\n<p>L&#8217;AMPA tamb\u00e9 es va presentar. Van explicar les seves funcions i les col\u00b7laboracions amb el centre. Recordeu que trobareu m\u00e9s informaci\u00f3 en el seu <a href=\"https:\/\/agora.xtec.cat\/ins-intermunicipal\/ampa\/\" target=\"_blank\" rel=\"noopener\">apartat de la web<\/a>.<\/p>\n<p><span style=\"font-weight: 400;\">Podeu trobar la presentaci\u00f3 general en <a href=\"https:\/\/drive.google.com\/file\/d\/1YhUAsB_111rkqRtm8i9hLKm6P1RGBUKo\/view\" target=\"_blank\" rel=\"noopener\">el seg\u00fcent enlla\u00e7<\/a>.<\/span><\/p>\n","protected":false},"excerpt":{"rendered":"<p><a href=\"https:\/\/agora.xtec.cat\/ins-intermunicipal\/wp-content\/uploads\/usu2220\/2025\/10\/BAT2-scaled.jpg\"><\/a>Dimarts 28 d\u2019octubre a les 18:45 de la tarda, l\u2019equip de tutors de 2n de Batxillerat, juntament amb la coordinadora-orientadora i l\u2019equip directiu del centre, van rebre les fam\u00edlies d&#8217;aquest nivell.<\/p>\n<p>Nerea Moya (Coordinadora i orientadora)<\/p>\n<p>2n Batx. A: Esther Canales<\/p>\n<p>2n Batx. B: Antonio Lahoz<\/p>\n<p>2n\u00a0 Batx.&hellip;  <a href=\"https:\/\/agora.xtec.cat\/ins-intermunicipal\/general\/reunions-amb-families-de-2n-de-batxillerat\/\" title=\"Read Reunions amb fam\u00edlies de 2n de Batxillerat\">Llegeix m\u00e9s\u00bb<\/a><\/p>\n","protected":false},"author":11,"featured_media":5314,"comment_status":"closed","ping_status":"open","sticky":false,"template":"","format":"standard","meta":{"_bbp_topic_count":0,"_bbp_reply_count":0,"_bbp_total_topic_count":0,"_bbp_total_reply_count":0,"_bbp_voice_count":0,"_bbp_anonymous_reply_count":0,"_bbp_topic_count_hidden":0,"_bbp_reply_count_hidden":0,"_bbp_forum_subforum_count":0,"footnotes":""},"categories":[107,8,1,29],"tags":[],"class_list":["post-5313","post","type-post","status-publish","format-standard","has-post-thumbnail","hentry","category-bat2","category-bat","category-general","category-portada"],"post_mailing_queue_ids":[],"_links":{"self":[{"href":"https:\/\/agora.xtec.cat\/ins-intermunicipal\/wp-json\/wp\/v2\/posts\/5313","targetHints":{"allow":["GET"]}}],"collection":[{"href":"https:\/\/agora.xtec.cat\/ins-intermunicipal\/wp-json\/wp\/v2\/posts"}],"about":[{"href":"https:\/\/agora.xtec.cat\/ins-intermunicipal\/wp-json\/wp\/v2\/types\/post"}],"author":[{"embeddable":true,"href":"https:\/\/agora.xtec.cat\/ins-intermunicipal\/wp-json\/wp\/v2\/users\/11"}],"replies":[{"embeddable":true,"href":"https:\/\/agora.xtec.cat\/ins-intermunicipal\/wp-json\/wp\/v2\/comments?post=5313"}],"version-history":[{"count":1,"href":"https:\/\/agora.xtec.cat\/ins-intermunicipal\/wp-json\/wp\/v2\/posts\/5313\/revisions"}],"predecessor-version":[{"id":5315,"href":"https:\/\/agora.xtec.cat\/ins-intermunicipal\/wp-json\/wp\/v2\/posts\/5313\/revisions\/5315"}],"wp:featuredmedia":[{"embeddable":true,"href":"https:\/\/agora.xtec.cat\/ins-intermunicipal\/wp-json\/wp\/v2\/media\/5314"}],"wp:attachment":[{"href":"https:\/\/agora.xtec.cat\/ins-intermunicipal\/wp-json\/wp\/v2\/media?parent=5313"}],"wp:term":[{"taxonomy":"category","embeddable":true,"href":"https:\/\/agora.xtec.cat\/ins-intermunicipal\/wp-json\/wp\/v2\/categories?post=5313"},{"taxonomy":"post_tag","embeddable":true,"href":"https:\/\/agora.xtec.cat\/ins-intermunicipal\/wp-json\/wp\/v2\/tags?post=5313"}],"curies":[{"name":"wp","href":"https:\/\/api.w.org\/{rel}","templated":true}]}}