{"id":5269,"date":"2025-10-27T21:49:43","date_gmt":"2025-10-27T20:49:43","guid":{"rendered":"https:\/\/agora.xtec.cat\/ins-intermunicipal\/?p=5269"},"modified":"2025-10-27T21:53:50","modified_gmt":"2025-10-27T20:53:50","slug":"minut-de-silenci-en-memoria-de-sandra-pena","status":"publish","type":"post","link":"https:\/\/agora.xtec.cat\/ins-intermunicipal\/general\/minut-de-silenci-en-memoria-de-sandra-pena\/","title":{"rendered":"Minut de silenci en mem\u00f2ria de Sandra Pe\u00f1a"},"content":{"rendered":"<p><a href=\"https:\/\/agora.xtec.cat\/ins-intermunicipal\/general\/minut-de-silenci-en-memoria-de-sandra-pena\/attachment\/imagen-de-whatsapp-2025-10-27-a-las-18-57-37_a0125005\/\" rel=\"attachment wp-att-5270\"><img loading=\"lazy\" decoding=\"async\" class=\"size-medium wp-image-5270 alignright\" src=\"https:\/\/agora.xtec.cat\/ins-intermunicipal\/wp-content\/uploads\/usu2220\/2025\/10\/Imagen-de-WhatsApp-2025-10-27-a-las-18.57.37_a0125005-300x225.jpg\" alt=\"\" width=\"300\" height=\"225\" srcset=\"https:\/\/agora.xtec.cat\/ins-intermunicipal\/wp-content\/uploads\/usu2220\/2025\/10\/Imagen-de-WhatsApp-2025-10-27-a-las-18.57.37_a0125005-300x225.jpg 300w, https:\/\/agora.xtec.cat\/ins-intermunicipal\/wp-content\/uploads\/usu2220\/2025\/10\/Imagen-de-WhatsApp-2025-10-27-a-las-18.57.37_a0125005-1024x768.jpg 1024w, https:\/\/agora.xtec.cat\/ins-intermunicipal\/wp-content\/uploads\/usu2220\/2025\/10\/Imagen-de-WhatsApp-2025-10-27-a-las-18.57.37_a0125005-768x576.jpg 768w, https:\/\/agora.xtec.cat\/ins-intermunicipal\/wp-content\/uploads\/usu2220\/2025\/10\/Imagen-de-WhatsApp-2025-10-27-a-las-18.57.37_a0125005-1536x1152.jpg 1536w, https:\/\/agora.xtec.cat\/ins-intermunicipal\/wp-content\/uploads\/usu2220\/2025\/10\/Imagen-de-WhatsApp-2025-10-27-a-las-18.57.37_a0125005-200x150.jpg 200w, https:\/\/agora.xtec.cat\/ins-intermunicipal\/wp-content\/uploads\/usu2220\/2025\/10\/Imagen-de-WhatsApp-2025-10-27-a-las-18.57.37_a0125005.jpg 1600w\" sizes=\"auto, (max-width: 300px) 100vw, 300px\" \/><\/a><a href=\"https:\/\/agora.xtec.cat\/ins-intermunicipal\/general\/minut-de-silenci-en-memoria-de-sandra-pena\/attachment\/imagen-de-whatsapp-2025-10-27-a-las-18-57-37_050074b4\/\" rel=\"attachment wp-att-5272\"><img loading=\"lazy\" decoding=\"async\" class=\"size-medium wp-image-5272 alignright\" src=\"https:\/\/agora.xtec.cat\/ins-intermunicipal\/wp-content\/uploads\/usu2220\/2025\/10\/Imagen-de-WhatsApp-2025-10-27-a-las-18.57.37_050074b4-300x225.jpg\" alt=\"\" width=\"300\" height=\"225\" srcset=\"https:\/\/agora.xtec.cat\/ins-intermunicipal\/wp-content\/uploads\/usu2220\/2025\/10\/Imagen-de-WhatsApp-2025-10-27-a-las-18.57.37_050074b4-300x225.jpg 300w, https:\/\/agora.xtec.cat\/ins-intermunicipal\/wp-content\/uploads\/usu2220\/2025\/10\/Imagen-de-WhatsApp-2025-10-27-a-las-18.57.37_050074b4-1024x768.jpg 1024w, https:\/\/agora.xtec.cat\/ins-intermunicipal\/wp-content\/uploads\/usu2220\/2025\/10\/Imagen-de-WhatsApp-2025-10-27-a-las-18.57.37_050074b4-768x576.jpg 768w, https:\/\/agora.xtec.cat\/ins-intermunicipal\/wp-content\/uploads\/usu2220\/2025\/10\/Imagen-de-WhatsApp-2025-10-27-a-las-18.57.37_050074b4-1536x1152.jpg 1536w, https:\/\/agora.xtec.cat\/ins-intermunicipal\/wp-content\/uploads\/usu2220\/2025\/10\/Imagen-de-WhatsApp-2025-10-27-a-las-18.57.37_050074b4-200x150.jpg 200w, https:\/\/agora.xtec.cat\/ins-intermunicipal\/wp-content\/uploads\/usu2220\/2025\/10\/Imagen-de-WhatsApp-2025-10-27-a-las-18.57.37_050074b4.jpg 1600w\" sizes=\"auto, (max-width: 300px) 100vw, 300px\" \/><\/a>L&#8217;alumnat de Formaci\u00f3 Professional s&#8217;ha aplegat aquesta tarda al pati de l&#8217;institut Intermunicipal del Pened\u00e8s per llegir un comunicat de rebuig a l&#8217;assetjament escolar i fer un minut de silenci en mem\u00f2ria de la jove sevillana, Sandra Pe\u00f1a, que el passat 14 d&#8217;octubre es llevava la vida amb nom\u00e9s 14 anys despr\u00e9s de denunciar que patia <em>bullying<\/em>.<\/p>\n<p>L&#8217;alumnat ha volgut al\u00e7ar la veu i recordar que darrere de la Sandra hi ha un munt de noms al nostre voltant que tamb\u00e9 han patit assetjament. El comunicat que s&#8217;ha llegit afegia un missatge clar que reprodu\u00efm: &#8220;Si alguna vegada sents que no pots m\u00e9s, recorda que nom\u00e9s \u00e9s una etapa de la vida, que acabar\u00e0, i que sempre hi ha alg\u00fa disposat a escoltar-te i ajudar-te. No est\u00e0s sol ni sola. Som joves, tenim un futur al davant. Tinguem consci\u00e8ncia i empatia: ajudem aquella persona t\u00edmida, defensem qui \u00e9s assetjat, i no deixem que m\u00e9s nens o nenes com la Sandra es perdin una cosa tan meravellosa com viure&#8221;.<\/p>\n<p>El comunicat ha concl\u00f2s recordant que &#8220;aquest minut de silenci ser\u00e0 la nostra manera de dir: en aquest institut, no ens fiquem amb els altres, ens respectem&#8221;.<\/p>\n","protected":false},"excerpt":{"rendered":"<p><a href=\"https:\/\/agora.xtec.cat\/ins-intermunicipal\/general\/minut-de-silenci-en-memoria-de-sandra-pena\/attachment\/imagen-de-whatsapp-2025-10-27-a-las-18-57-37_a0125005\/\" rel=\"attachment wp-att-5270\"><\/a><a href=\"https:\/\/agora.xtec.cat\/ins-intermunicipal\/general\/minut-de-silenci-en-memoria-de-sandra-pena\/attachment\/imagen-de-whatsapp-2025-10-27-a-las-18-57-37_050074b4\/\" rel=\"attachment wp-att-5272\"><\/a>L&#8217;alumnat de Formaci\u00f3 Professional s&#8217;ha aplegat aquesta tarda al pati de l&#8217;institut Intermunicipal del Pened\u00e8s per llegir un comunicat de rebuig a l&#8217;assetjament escolar i fer un minut de silenci en mem\u00f2ria de la jove sevillana, Sandra Pe\u00f1a, que&hellip;  <a href=\"https:\/\/agora.xtec.cat\/ins-intermunicipal\/general\/minut-de-silenci-en-memoria-de-sandra-pena\/\" title=\"Read Minut de silenci en mem\u00f2ria de Sandra Pe\u00f1a\">Llegeix m\u00e9s\u00bb<\/a><\/p>\n","protected":false},"author":8,"featured_media":5270,"comment_status":"closed","ping_status":"open","sticky":false,"template":"","format":"standard","meta":{"_bbp_topic_count":0,"_bbp_reply_count":0,"_bbp_total_topic_count":0,"_bbp_total_reply_count":0,"_bbp_voice_count":0,"_bbp_anonymous_reply_count":0,"_bbp_topic_count_hidden":0,"_bbp_reply_count_hidden":0,"_bbp_forum_subforum_count":0,"footnotes":""},"categories":[30,1,29],"tags":[],"class_list":["post-5269","post","type-post","status-publish","format-standard","has-post-thumbnail","hentry","category-formacio-professional","category-general","category-portada"],"post_mailing_queue_ids":[],"_links":{"self":[{"href":"https:\/\/agora.xtec.cat\/ins-intermunicipal\/wp-json\/wp\/v2\/posts\/5269","targetHints":{"allow":["GET"]}}],"collection":[{"href":"https:\/\/agora.xtec.cat\/ins-intermunicipal\/wp-json\/wp\/v2\/posts"}],"about":[{"href":"https:\/\/agora.xtec.cat\/ins-intermunicipal\/wp-json\/wp\/v2\/types\/post"}],"author":[{"embeddable":true,"href":"https:\/\/agora.xtec.cat\/ins-intermunicipal\/wp-json\/wp\/v2\/users\/8"}],"replies":[{"embeddable":true,"href":"https:\/\/agora.xtec.cat\/ins-intermunicipal\/wp-json\/wp\/v2\/comments?post=5269"}],"version-history":[{"count":3,"href":"https:\/\/agora.xtec.cat\/ins-intermunicipal\/wp-json\/wp\/v2\/posts\/5269\/revisions"}],"predecessor-version":[{"id":5275,"href":"https:\/\/agora.xtec.cat\/ins-intermunicipal\/wp-json\/wp\/v2\/posts\/5269\/revisions\/5275"}],"wp:featuredmedia":[{"embeddable":true,"href":"https:\/\/agora.xtec.cat\/ins-intermunicipal\/wp-json\/wp\/v2\/media\/5270"}],"wp:attachment":[{"href":"https:\/\/agora.xtec.cat\/ins-intermunicipal\/wp-json\/wp\/v2\/media?parent=5269"}],"wp:term":[{"taxonomy":"category","embeddable":true,"href":"https:\/\/agora.xtec.cat\/ins-intermunicipal\/wp-json\/wp\/v2\/categories?post=5269"},{"taxonomy":"post_tag","embeddable":true,"href":"https:\/\/agora.xtec.cat\/ins-intermunicipal\/wp-json\/wp\/v2\/tags?post=5269"}],"curies":[{"name":"wp","href":"https:\/\/api.w.org\/{rel}","templated":true}]}}