{"id":5263,"date":"2025-10-22T17:09:10","date_gmt":"2025-10-22T15:09:10","guid":{"rendered":"https:\/\/agora.xtec.cat\/ins-intermunicipal\/?p=5263"},"modified":"2025-10-22T17:09:10","modified_gmt":"2025-10-22T15:09:10","slug":"ofertes-de-feina-a-lalt-penedes-17-doctubre","status":"publish","type":"post","link":"https:\/\/agora.xtec.cat\/ins-intermunicipal\/formacio-professional\/feina-fp\/ofertes-de-feina-a-lalt-penedes-17-doctubre\/","title":{"rendered":"Ofertes de feina a l&#8217;Alt Pened\u00e8s 17 d&#8217;octubre"},"content":{"rendered":"<p>Compartim amb vosaltres <a href=\"https:\/\/drive.google.com\/file\/d\/1kjXusfePhue_JDafwBz9hrUGJ6iyiEkj\/view?usp=sharing\">les ofertes de feina actualitzades<\/a> que l\u2019Oficina Municipal del Treball de Vilafranca del Pened\u00e8s ens ha preparat. Trobareu vacants vinculades als estudis que tenim a l\u2019Institut Intermunicipal del Pened\u00e8s. L\u2019oficina ens informa tamb\u00e9 sobre <a href=\"https:\/\/drive.google.com\/file\/d\/1houBYrlrmAM8IgyHoLgUj0wv1ba-mxAR\/view?usp=drive_link\">com s\u2019ha de procedir<\/a> per formalitzar les inscripcions.<\/p>\n<p>Tamb\u00e9 ens comunica <a href=\"https:\/\/drive.google.com\/file\/d\/1wYp0m80pKemY_lGqREiicf8ITzBdUaVq\/view?usp=drive_link\">els cursos o c\u00e0psules formatives<\/a> que ofereixen al mes d\u2019octubre.<\/p>\n<p>Us deixem tamb\u00e9 una petita explicaci\u00f3 del contingut de les c\u00e0psules per si us interessa.<\/p>\n<p>24\/10\/2025: N\u00d2MINA &amp; CONTRACTE: TOT EL QU\u00c8 HAS DE SABER<\/p>\n<p>L\u2019objectiu d\u2019aquesta sessi\u00f3 \u00e9s oferir coneixements sobre les relacions contractuals amb l\u2019empresa. Con\u00e8ixer els documents i procediments que es gestionen en l\u2019\u00e0mbit laboral, especialment l\u2019estructura i els continguts de les n\u00f2mines, aix\u00ed com els diferents tipus de contractes, \u00e9s clau per interactuar correctament en el m\u00f3n laboral.<\/p>\n","protected":false},"excerpt":{"rendered":"<p>Compartim amb vosaltres <a href=\"https:\/\/drive.google.com\/file\/d\/1kjXusfePhue_JDafwBz9hrUGJ6iyiEkj\/view?usp=sharing\">les ofertes de feina actualitzades<\/a> que l\u2019Oficina Municipal del Treball de Vilafranca del Pened\u00e8s ens ha preparat. Trobareu vacants vinculades als estudis que tenim a l\u2019Institut Intermunicipal del Pened\u00e8s. L\u2019oficina ens informa tamb\u00e9 sobre <a href=\"https:\/\/drive.google.com\/file\/d\/1houBYrlrmAM8IgyHoLgUj0wv1ba-mxAR\/view?usp=drive_link\">com s\u2019ha de procedir<\/a> per formalitzar&hellip;  <a href=\"https:\/\/agora.xtec.cat\/ins-intermunicipal\/formacio-professional\/feina-fp\/ofertes-de-feina-a-lalt-penedes-17-doctubre\/\" title=\"Read Ofertes de feina a l&#8217;Alt Pened\u00e8s 17 d&#8217;octubre\">Llegeix m\u00e9s\u00bb<\/a><\/p>\n","protected":false},"author":8,"featured_media":0,"comment_status":"closed","ping_status":"open","sticky":false,"template":"","format":"standard","meta":{"_bbp_topic_count":0,"_bbp_reply_count":0,"_bbp_total_topic_count":0,"_bbp_total_reply_count":0,"_bbp_voice_count":0,"_bbp_anonymous_reply_count":0,"_bbp_topic_count_hidden":0,"_bbp_reply_count_hidden":0,"_bbp_forum_subforum_count":0,"footnotes":""},"categories":[189],"tags":[],"class_list":["post-5263","post","type-post","status-publish","format-standard","hentry","category-feina-fp"],"post_mailing_queue_ids":[],"_links":{"self":[{"href":"https:\/\/agora.xtec.cat\/ins-intermunicipal\/wp-json\/wp\/v2\/posts\/5263","targetHints":{"allow":["GET"]}}],"collection":[{"href":"https:\/\/agora.xtec.cat\/ins-intermunicipal\/wp-json\/wp\/v2\/posts"}],"about":[{"href":"https:\/\/agora.xtec.cat\/ins-intermunicipal\/wp-json\/wp\/v2\/types\/post"}],"author":[{"embeddable":true,"href":"https:\/\/agora.xtec.cat\/ins-intermunicipal\/wp-json\/wp\/v2\/users\/8"}],"replies":[{"embeddable":true,"href":"https:\/\/agora.xtec.cat\/ins-intermunicipal\/wp-json\/wp\/v2\/comments?post=5263"}],"version-history":[{"count":1,"href":"https:\/\/agora.xtec.cat\/ins-intermunicipal\/wp-json\/wp\/v2\/posts\/5263\/revisions"}],"predecessor-version":[{"id":5264,"href":"https:\/\/agora.xtec.cat\/ins-intermunicipal\/wp-json\/wp\/v2\/posts\/5263\/revisions\/5264"}],"wp:attachment":[{"href":"https:\/\/agora.xtec.cat\/ins-intermunicipal\/wp-json\/wp\/v2\/media?parent=5263"}],"wp:term":[{"taxonomy":"category","embeddable":true,"href":"https:\/\/agora.xtec.cat\/ins-intermunicipal\/wp-json\/wp\/v2\/categories?post=5263"},{"taxonomy":"post_tag","embeddable":true,"href":"https:\/\/agora.xtec.cat\/ins-intermunicipal\/wp-json\/wp\/v2\/tags?post=5263"}],"curies":[{"name":"wp","href":"https:\/\/api.w.org\/{rel}","templated":true}]}}