{"id":5258,"date":"2025-10-21T10:24:34","date_gmt":"2025-10-21T08:24:34","guid":{"rendered":"https:\/\/agora.xtec.cat\/ins-intermunicipal\/?p=5258"},"modified":"2025-10-21T10:37:38","modified_gmt":"2025-10-21T08:37:38","slug":"iniciem-el-projecte-solidart","status":"publish","type":"post","link":"https:\/\/agora.xtec.cat\/ins-intermunicipal\/general\/iniciem-el-projecte-solidart\/","title":{"rendered":"Iniciem el projecte Solidart"},"content":{"rendered":"<p><a href=\"https:\/\/agora.xtec.cat\/ins-intermunicipal\/wp-content\/uploads\/usu2220\/2025\/10\/Solidart1.jpg\"><img loading=\"lazy\" decoding=\"async\" class=\"size-medium wp-image-5257 alignright\" src=\"https:\/\/agora.xtec.cat\/ins-intermunicipal\/wp-content\/uploads\/usu2220\/2025\/10\/Solidart1-300x251.jpg\" alt=\"\" width=\"300\" height=\"251\" srcset=\"https:\/\/agora.xtec.cat\/ins-intermunicipal\/wp-content\/uploads\/usu2220\/2025\/10\/Solidart1-300x250.jpg 300w, https:\/\/agora.xtec.cat\/ins-intermunicipal\/wp-content\/uploads\/usu2220\/2025\/10\/Solidart1-768x641.jpg 768w, https:\/\/agora.xtec.cat\/ins-intermunicipal\/wp-content\/uploads\/usu2220\/2025\/10\/Solidart1.jpg 776w\" sizes=\"auto, (max-width: 300px) 100vw, 300px\" \/><\/a><b>Qu\u00e8 \u00e9s Solidart?<\/b><\/p>\n<p><span style=\"font-weight: 400;\">Tal com el nom indica, \u00e9s un projecte de l&#8217;institut que combina art i solidaritat, i que porten a terme alumnes de 3r d&#8217;ESO.\u00a0<\/span><\/p>\n<p><span style=\"font-weight: 400;\">A trav\u00e9s d&#8217;aquest projecte, l&#8217;alumnat apr\u00e8n a crear obres d&#8217;art, a muntar un esdeveniment i a organitzar una subhasta per recollir diners que es destinaran a algun projecte social.<\/span><\/p>\n<p><b>Quin \u00e9s l\u2019objectiu del projecte?<\/b><\/p>\n<p><span style=\"font-weight: 400;\">La finalitat d\u2019aquest projecte \u00e9s dur a terme una subhasta al final de curs per recollir diners i destinar-los una entitat solid\u00e0ria.<\/span><\/p>\n<p><span style=\"font-weight: 400;\">L&#8217;objectiu d&#8217;aquest primer trimestre \u00e9s iniciar el projecte i decidir quina entitat ser\u00e0 la que rebr\u00e0 l&#8217;aportaci\u00f3 solid\u00e0ria.<\/span><\/p>\n<p><span style=\"font-weight: 400;\">Al segon trimestre, es realitzar\u00e0 una exposici\u00f3 sobre dones artistes i l&#8217;alumnat ser\u00e0 l&#8217;encarregat d&#8217;organitzar i gestionar les visites guiades per a la resta de l&#8217;iinstitut. <\/span><\/p>\n<p><span style=\"font-weight: 400;\">Un \u00faltim objectiu \u00e9s aprendre a organitzar una subhasta ben\u00e8fica amb l&#8217;objectiu de recaptar diners per a l&#8217;entitat que els alumnes del projecte hauran escollit.\u00a0<\/span><\/p>\n<p><b>Qu\u00e8 hem fet fins ara?<\/b><\/p>\n<p><span style=\"font-weight: 400;\">L&#8217;alumnat s&#8217;ha agrupat en equips que representen diferents entitats. Cada equip prepara un v\u00eddeo on s&#8217;explica qu\u00e8 fa aquesta entitat i per qu\u00e8 \u00e9s una bona candidata a ser la protagonista de la subhasta d&#8217;aquest curs.\u00a0<\/span><\/p>\n<p><span style=\"font-weight: 400;\">La decisi\u00f3 es pren entre tot l&#8217;alumnat participant en el projecte, aix\u00ed com en votacions obertes a la resta de membres de la comunitat educativa.<\/span><\/p>\n<p><b>Col\u00b7laboraci\u00f3 amb Mas Alborn\u00e0<\/b><\/p>\n<p><span style=\"font-weight: 400;\"><a href=\"https:\/\/agora.xtec.cat\/ins-intermunicipal\/wp-content\/uploads\/usu2220\/2025\/10\/WhatsApp-Image-2025-10-18-at-13.04.36.jpeg\"><img loading=\"lazy\" decoding=\"async\" class=\"size-medium wp-image-5260 alignright\" src=\"https:\/\/agora.xtec.cat\/ins-intermunicipal\/wp-content\/uploads\/usu2220\/2025\/10\/WhatsApp-Image-2025-10-18-at-13.04.36-300x225.jpeg\" alt=\"\" width=\"300\" height=\"225\" srcset=\"https:\/\/agora.xtec.cat\/ins-intermunicipal\/wp-content\/uploads\/usu2220\/2025\/10\/WhatsApp-Image-2025-10-18-at-13.04.36-300x225.jpeg 300w, https:\/\/agora.xtec.cat\/ins-intermunicipal\/wp-content\/uploads\/usu2220\/2025\/10\/WhatsApp-Image-2025-10-18-at-13.04.36-1024x768.jpeg 1024w, https:\/\/agora.xtec.cat\/ins-intermunicipal\/wp-content\/uploads\/usu2220\/2025\/10\/WhatsApp-Image-2025-10-18-at-13.04.36-768x576.jpeg 768w, https:\/\/agora.xtec.cat\/ins-intermunicipal\/wp-content\/uploads\/usu2220\/2025\/10\/WhatsApp-Image-2025-10-18-at-13.04.36-1536x1152.jpeg 1536w, https:\/\/agora.xtec.cat\/ins-intermunicipal\/wp-content\/uploads\/usu2220\/2025\/10\/WhatsApp-Image-2025-10-18-at-13.04.36-200x150.jpeg 200w, https:\/\/agora.xtec.cat\/ins-intermunicipal\/wp-content\/uploads\/usu2220\/2025\/10\/WhatsApp-Image-2025-10-18-at-13.04.36.jpeg 2048w\" sizes=\"auto, (max-width: 300px) 100vw, 300px\" \/><\/a>En aquest projecte es fa una primera col\u00b7laboraci\u00f3 amb Mas Alborn\u00e0, entitat amb la qual col\u00b7laborem des de fa 2 anys. Aquesta va ser l&#8217;entitat escollida per a la subhasta del curs 23-24. Amb ells, crearem una obra conjunta per a la subhasta de final de curs. <\/span><\/p>\n<p><span style=\"font-weight: 400;\">Fa uns dies, membres de Mas Alborn\u00e0 ens van explicar la seva funci\u00f3, com treballen,etc. Aquest primer contacte va ser molt interessant, ja que e<\/span><span style=\"font-weight: 400;\">s dediquen a donar l&#8217;oportunitat de treballar a persones amb discapacitat.<\/span><\/p>\n<p><b>AJUDA\u2019NS A ESCOLLIR L\u2019ENTITAT BENEFICI\u00c0RIA DE SOLIDART 25-26<\/b><\/p>\n<p><span style=\"font-weight: 400;\">Us convidem que vingueu a votar i participar per decidir l\u2019entitat guanyadora.<\/span><\/p>\n<p><b>Com podreu votar? <\/b><span style=\"font-weight: 400;\">La manera com podreu votar ser\u00e0 venint al centre, a la Sala d\u2019Actes per veure la projecci\u00f3 dels v\u00eddeos:<\/span><\/p>\n<ul>\n<li style=\"font-weight: 400;\" aria-level=\"1\"><span style=\"font-weight: 400;\">SESSI\u00d3 1: dilluns 11 de novembre de 11h a 12h<\/span><\/li>\n<li style=\"font-weight: 400;\" aria-level=\"1\"><span style=\"font-weight: 400;\">SESSI\u00d3 2: dilluns 11 de novembre de 13:30h &#8211; 14:40h<\/span><\/li>\n<li style=\"font-weight: 400;\" aria-level=\"1\"><span style=\"font-weight: 400;\">SESSI\u00d3 3: divendres 14 de novembre de 11h a 12h.<\/span><\/li>\n<\/ul>\n","protected":false},"excerpt":{"rendered":"<p><a href=\"https:\/\/agora.xtec.cat\/ins-intermunicipal\/wp-content\/uploads\/usu2220\/2025\/10\/Solidart1.jpg\"><\/a>Qu\u00e8 \u00e9s Solidart?<br \/>\nTal com el nom indica, \u00e9s un projecte de l&#8217;institut que combina art i solidaritat, i que porten a terme alumnes de 3r d&#8217;ESO.\u00a0<br \/>\nA trav\u00e9s d&#8217;aquest projecte, l&#8217;alumnat apr\u00e8n a crear obres d&#8217;art, a muntar un esdeveniment i a organitzar una subhasta&hellip;  <a href=\"https:\/\/agora.xtec.cat\/ins-intermunicipal\/general\/iniciem-el-projecte-solidart\/\" title=\"Read Iniciem el projecte Solidart\">Llegeix m\u00e9s\u00bb<\/a><\/p>\n","protected":false},"author":11,"featured_media":5257,"comment_status":"closed","ping_status":"open","sticky":false,"template":"","format":"standard","meta":{"_bbp_topic_count":0,"_bbp_reply_count":0,"_bbp_total_topic_count":0,"_bbp_total_reply_count":0,"_bbp_voice_count":0,"_bbp_anonymous_reply_count":0,"_bbp_topic_count_hidden":0,"_bbp_reply_count_hidden":0,"_bbp_forum_subforum_count":0,"footnotes":""},"categories":[6,3,1,29],"tags":[],"class_list":["post-5258","post","type-post","status-publish","format-standard","has-post-thumbnail","hentry","category-3eso","category-eso","category-general","category-portada"],"post_mailing_queue_ids":[],"_links":{"self":[{"href":"https:\/\/agora.xtec.cat\/ins-intermunicipal\/wp-json\/wp\/v2\/posts\/5258","targetHints":{"allow":["GET"]}}],"collection":[{"href":"https:\/\/agora.xtec.cat\/ins-intermunicipal\/wp-json\/wp\/v2\/posts"}],"about":[{"href":"https:\/\/agora.xtec.cat\/ins-intermunicipal\/wp-json\/wp\/v2\/types\/post"}],"author":[{"embeddable":true,"href":"https:\/\/agora.xtec.cat\/ins-intermunicipal\/wp-json\/wp\/v2\/users\/11"}],"replies":[{"embeddable":true,"href":"https:\/\/agora.xtec.cat\/ins-intermunicipal\/wp-json\/wp\/v2\/comments?post=5258"}],"version-history":[{"count":3,"href":"https:\/\/agora.xtec.cat\/ins-intermunicipal\/wp-json\/wp\/v2\/posts\/5258\/revisions"}],"predecessor-version":[{"id":5262,"href":"https:\/\/agora.xtec.cat\/ins-intermunicipal\/wp-json\/wp\/v2\/posts\/5258\/revisions\/5262"}],"wp:featuredmedia":[{"embeddable":true,"href":"https:\/\/agora.xtec.cat\/ins-intermunicipal\/wp-json\/wp\/v2\/media\/5257"}],"wp:attachment":[{"href":"https:\/\/agora.xtec.cat\/ins-intermunicipal\/wp-json\/wp\/v2\/media?parent=5258"}],"wp:term":[{"taxonomy":"category","embeddable":true,"href":"https:\/\/agora.xtec.cat\/ins-intermunicipal\/wp-json\/wp\/v2\/categories?post=5258"},{"taxonomy":"post_tag","embeddable":true,"href":"https:\/\/agora.xtec.cat\/ins-intermunicipal\/wp-json\/wp\/v2\/tags?post=5258"}],"curies":[{"name":"wp","href":"https:\/\/api.w.org\/{rel}","templated":true}]}}