{"id":5243,"date":"2025-10-16T11:56:12","date_gmt":"2025-10-16T09:56:12","guid":{"rendered":"https:\/\/agora.xtec.cat\/ins-intermunicipal\/?p=5243"},"modified":"2025-10-16T11:56:44","modified_gmt":"2025-10-16T09:56:44","slug":"reunio-amb-les-families-de-4t-deso","status":"publish","type":"post","link":"https:\/\/agora.xtec.cat\/ins-intermunicipal\/general\/reunio-amb-les-families-de-4t-deso\/","title":{"rendered":"Reuni\u00f3 amb les fam\u00edlies de 4t d&#8217;ESO"},"content":{"rendered":"<p><a href=\"https:\/\/agora.xtec.cat\/ins-intermunicipal\/wp-content\/uploads\/usu2220\/2025\/10\/IMG-20251015-WA0013.jpg\"><img loading=\"lazy\" decoding=\"async\" class=\"alignnone size-medium wp-image-5237\" src=\"https:\/\/agora.xtec.cat\/ins-intermunicipal\/wp-content\/uploads\/usu2220\/2025\/10\/IMG-20251015-WA0013-300x169.jpg\" alt=\"\" width=\"300\" height=\"169\" srcset=\"https:\/\/agora.xtec.cat\/ins-intermunicipal\/wp-content\/uploads\/usu2220\/2025\/10\/IMG-20251015-WA0013-300x169.jpg 300w, https:\/\/agora.xtec.cat\/ins-intermunicipal\/wp-content\/uploads\/usu2220\/2025\/10\/IMG-20251015-WA0013-1024x576.jpg 1024w, https:\/\/agora.xtec.cat\/ins-intermunicipal\/wp-content\/uploads\/usu2220\/2025\/10\/IMG-20251015-WA0013-768x432.jpg 768w, https:\/\/agora.xtec.cat\/ins-intermunicipal\/wp-content\/uploads\/usu2220\/2025\/10\/IMG-20251015-WA0013-1536x864.jpg 1536w, https:\/\/agora.xtec.cat\/ins-intermunicipal\/wp-content\/uploads\/usu2220\/2025\/10\/IMG-20251015-WA0013.jpg 1600w\" sizes=\"auto, (max-width: 300px) 100vw, 300px\" \/><\/a><\/p>\n<p><span style=\"font-weight: 400;\">Dimarts 14 d\u2019octubre a les 18:45 de la tarda, l\u2019equip de tutors de 4t<\/span><span style=\"font-weight: 400;\"> d\u2019ESO, juntament amb el coordinador, l\u2019orientadora i l\u2019equip directiu del centre, van rebre les fam\u00edlies d&#8217;aquest nivell.<\/span><\/p>\n<table style=\"height: 300px; width: 58.3185%;\">\n<tbody>\n<tr>\n<td style=\"height: 1,3;\"><span style=\"font-weight: 400;\">F\u00e8lix Pardo (coordinador) \/ Marta S\u00e0ez (orientadora)<\/span><\/td>\n<\/tr>\n<tr>\n<td><span style=\"font-weight: 400;\">4t ESO A: Ignasi Morales<\/span><\/td>\n<\/tr>\n<tr>\n<td><span style=\"font-weight: 400;\">4t ESO B: Maite Rosell<\/span><\/td>\n<\/tr>\n<tr>\n<td><span style=\"font-weight: 400;\">4t ESO C: Oriol Torrents<\/span><\/td>\n<\/tr>\n<tr>\n<td><span style=\"font-weight: 400;\">4t ESO D: Eunice Linares<\/span><\/td>\n<\/tr>\n<tr>\n<td><span style=\"font-weight: 400;\">4t ESO E: Pere Roig<\/span><\/td>\n<\/tr>\n<tr>\n<td><span style=\"font-weight: 400;\">4t ESO F: Marta Casals<\/span><\/td>\n<\/tr>\n<\/tbody>\n<\/table>\n<p><span style=\"font-weight: 400;\">La trobada va consistir en una reuni\u00f3 inicial conjunta, en la qual tant l\u2019equip directiu com el coordinador i l\u2019orientadora van donar informaci\u00f3 de car\u00e0cter general, i una reuni\u00f3 m\u00e9s personalitzada amb el tutor\/a a l\u2019aula corresponent de cada grup.\u00a0<\/span><\/p>\n<p>L&#8217;AMPA tamb\u00e9 es va presentar. Van explicar les seves funcions i les col\u00b7laboracions amb el centre. Recordeu que trobareu m\u00e9s informaci\u00f3 en el seu <a href=\"https:\/\/agora.xtec.cat\/ins-intermunicipal\/ampa\/\" target=\"_blank\" rel=\"noopener\">apartat de la web<\/a>.<\/p>\n<p><span style=\"font-weight: 400;\">Podeu trobar la presentaci\u00f3 general en el <a href=\"https:\/\/drive.google.com\/file\/d\/1j656LdvXUtvMjG_OcWPv_v9hs22GqRD5\/view?usp=drive_link\" target=\"_blank\" rel=\"noopener\">seg\u00fcent enlla\u00e7<\/a>.<\/span><\/p>\n","protected":false},"excerpt":{"rendered":"<p><a href=\"https:\/\/agora.xtec.cat\/ins-intermunicipal\/wp-content\/uploads\/usu2220\/2025\/10\/IMG-20251015-WA0013.jpg\"><\/a><br \/>\nDimarts 14 d\u2019octubre a les 18:45 de la tarda, l\u2019equip de tutors de 4t d\u2019ESO, juntament amb el coordinador, l\u2019orientadora i l\u2019equip directiu del centre, van rebre les fam\u00edlies d&#8217;aquest nivell.<\/p>\n<p>F\u00e8lix Pardo (coordinador) \/ Marta S\u00e0ez (orientadora)<\/p>\n<p>4t ESO A: Ignasi Morales<\/p>\n<p>4t ESO B: Maite&hellip;  <a href=\"https:\/\/agora.xtec.cat\/ins-intermunicipal\/general\/reunio-amb-les-families-de-4t-deso\/\" title=\"Read Reuni\u00f3 amb les fam\u00edlies de 4t d&#8217;ESO\">Llegeix m\u00e9s\u00bb<\/a><\/p>\n","protected":false},"author":11,"featured_media":5237,"comment_status":"closed","ping_status":"open","sticky":false,"template":"","format":"standard","meta":{"_bbp_topic_count":0,"_bbp_reply_count":0,"_bbp_total_topic_count":0,"_bbp_total_reply_count":0,"_bbp_voice_count":0,"_bbp_anonymous_reply_count":0,"_bbp_topic_count_hidden":0,"_bbp_reply_count_hidden":0,"_bbp_forum_subforum_count":0,"footnotes":""},"categories":[3,1,29],"tags":[],"class_list":["post-5243","post","type-post","status-publish","format-standard","has-post-thumbnail","hentry","category-eso","category-general","category-portada"],"post_mailing_queue_ids":[],"_links":{"self":[{"href":"https:\/\/agora.xtec.cat\/ins-intermunicipal\/wp-json\/wp\/v2\/posts\/5243","targetHints":{"allow":["GET"]}}],"collection":[{"href":"https:\/\/agora.xtec.cat\/ins-intermunicipal\/wp-json\/wp\/v2\/posts"}],"about":[{"href":"https:\/\/agora.xtec.cat\/ins-intermunicipal\/wp-json\/wp\/v2\/types\/post"}],"author":[{"embeddable":true,"href":"https:\/\/agora.xtec.cat\/ins-intermunicipal\/wp-json\/wp\/v2\/users\/11"}],"replies":[{"embeddable":true,"href":"https:\/\/agora.xtec.cat\/ins-intermunicipal\/wp-json\/wp\/v2\/comments?post=5243"}],"version-history":[{"count":3,"href":"https:\/\/agora.xtec.cat\/ins-intermunicipal\/wp-json\/wp\/v2\/posts\/5243\/revisions"}],"predecessor-version":[{"id":5248,"href":"https:\/\/agora.xtec.cat\/ins-intermunicipal\/wp-json\/wp\/v2\/posts\/5243\/revisions\/5248"}],"wp:featuredmedia":[{"embeddable":true,"href":"https:\/\/agora.xtec.cat\/ins-intermunicipal\/wp-json\/wp\/v2\/media\/5237"}],"wp:attachment":[{"href":"https:\/\/agora.xtec.cat\/ins-intermunicipal\/wp-json\/wp\/v2\/media?parent=5243"}],"wp:term":[{"taxonomy":"category","embeddable":true,"href":"https:\/\/agora.xtec.cat\/ins-intermunicipal\/wp-json\/wp\/v2\/categories?post=5243"},{"taxonomy":"post_tag","embeddable":true,"href":"https:\/\/agora.xtec.cat\/ins-intermunicipal\/wp-json\/wp\/v2\/tags?post=5243"}],"curies":[{"name":"wp","href":"https:\/\/api.w.org\/{rel}","templated":true}]}}