{"id":5224,"date":"2025-10-14T11:05:18","date_gmt":"2025-10-14T09:05:18","guid":{"rendered":"https:\/\/agora.xtec.cat\/ins-intermunicipal\/?p=5224"},"modified":"2025-10-14T11:11:27","modified_gmt":"2025-10-14T09:11:27","slug":"linter-a-la-fira-exit","status":"publish","type":"post","link":"https:\/\/agora.xtec.cat\/ins-intermunicipal\/general\/linter-a-la-fira-exit\/","title":{"rendered":"L&#8217;\u00cdnter a la Fira \u00c8xit"},"content":{"rendered":"<p><a href=\"https:\/\/agora.xtec.cat\/ins-intermunicipal\/general\/linter-a-la-fira-exit\/attachment\/imagen-de-whatsapp-2025-10-14-a-las-10-24-18_f0c165bc\/\" rel=\"attachment wp-att-5225\"><img loading=\"lazy\" decoding=\"async\" class=\"size-medium wp-image-5225 alignright\" src=\"https:\/\/agora.xtec.cat\/ins-intermunicipal\/wp-content\/uploads\/usu2220\/2025\/10\/Imagen-de-WhatsApp-2025-10-14-a-las-10.24.18_f0c165bc-300x225.jpg\" alt=\"\" width=\"300\" height=\"225\" srcset=\"https:\/\/agora.xtec.cat\/ins-intermunicipal\/wp-content\/uploads\/usu2220\/2025\/10\/Imagen-de-WhatsApp-2025-10-14-a-las-10.24.18_f0c165bc-300x225.jpg 300w, https:\/\/agora.xtec.cat\/ins-intermunicipal\/wp-content\/uploads\/usu2220\/2025\/10\/Imagen-de-WhatsApp-2025-10-14-a-las-10.24.18_f0c165bc-1024x768.jpg 1024w, https:\/\/agora.xtec.cat\/ins-intermunicipal\/wp-content\/uploads\/usu2220\/2025\/10\/Imagen-de-WhatsApp-2025-10-14-a-las-10.24.18_f0c165bc-768x576.jpg 768w, https:\/\/agora.xtec.cat\/ins-intermunicipal\/wp-content\/uploads\/usu2220\/2025\/10\/Imagen-de-WhatsApp-2025-10-14-a-las-10.24.18_f0c165bc-1536x1152.jpg 1536w, https:\/\/agora.xtec.cat\/ins-intermunicipal\/wp-content\/uploads\/usu2220\/2025\/10\/Imagen-de-WhatsApp-2025-10-14-a-las-10.24.18_f0c165bc-200x150.jpg 200w, https:\/\/agora.xtec.cat\/ins-intermunicipal\/wp-content\/uploads\/usu2220\/2025\/10\/Imagen-de-WhatsApp-2025-10-14-a-las-10.24.18_f0c165bc.jpg 1600w\" sizes=\"auto, (max-width: 300px) 100vw, 300px\" \/><\/a>L&#8217;IES Intermunicipal del Pened\u00e8s participa avui i dijous a la Fira \u00c8xit, la fira de les professionals del Pened\u00e8s, al pavell\u00f3 firal de Vilafranca del Pened\u00e8s on centres educatius, institucions i empreses mostren sortides laborals i l&#8217;oferta de formaci\u00f3 professional que hi ha a l&#8217;Alt Pened\u00e8s. El nostre centre compta amb un estand amb informaci\u00f3 de l&#8217;oferta formativa que oferim i amb un equip de docents que van fent torns perqu\u00e8 sempre hi hagi alg\u00fa per informar les fam\u00edlies i futurs alumnes que s&#8217;hi apropin.<\/p>\n<p>La <a href=\"https:\/\/exit.vilafranca.cat\/\">Fira \u00c8xit<\/a> compta amb un ampli programa d&#8217;activitats perqu\u00e8 els joves de la nostra comarca puguin dissenyar el seu futur amb una bona base formativa.<\/p>\n<p>Agra\u00efm, des d&#8217;aqu\u00ed, la feina dels docents que, de forma volunt\u00e0ria i desinteressada, estan participant aquests dies en la fira per mostrar l&#8217;oferta formativa del centre:<\/p>\n<ul style=\"list-style-type: circle;\">\n<li>CFPM de Gesti\u00f3 Administrativa<\/li>\n<li>CFPS d\u2019Administraci\u00f3 i Finances<\/li>\n<li>PFI d\u2019Auxiliar en Centres Sanitaris<a href=\"https:\/\/agora.xtec.cat\/ins-intermunicipal\/general\/linter-a-la-fira-exit\/attachment\/imagen-de-whatsapp-2025-10-14-a-las-09-44-45_c6f3e08a\/\" rel=\"attachment wp-att-5226\"><img loading=\"lazy\" decoding=\"async\" class=\"size-medium wp-image-5226 alignright\" src=\"https:\/\/agora.xtec.cat\/ins-intermunicipal\/wp-content\/uploads\/usu2220\/2025\/10\/Imagen-de-WhatsApp-2025-10-14-a-las-09.44.45_c6f3e08a-300x135.jpg\" alt=\"\" width=\"300\" height=\"135\" srcset=\"https:\/\/agora.xtec.cat\/ins-intermunicipal\/wp-content\/uploads\/usu2220\/2025\/10\/Imagen-de-WhatsApp-2025-10-14-a-las-09.44.45_c6f3e08a-300x135.jpg 300w, https:\/\/agora.xtec.cat\/ins-intermunicipal\/wp-content\/uploads\/usu2220\/2025\/10\/Imagen-de-WhatsApp-2025-10-14-a-las-09.44.45_c6f3e08a-1024x461.jpg 1024w, https:\/\/agora.xtec.cat\/ins-intermunicipal\/wp-content\/uploads\/usu2220\/2025\/10\/Imagen-de-WhatsApp-2025-10-14-a-las-09.44.45_c6f3e08a-768x346.jpg 768w, https:\/\/agora.xtec.cat\/ins-intermunicipal\/wp-content\/uploads\/usu2220\/2025\/10\/Imagen-de-WhatsApp-2025-10-14-a-las-09.44.45_c6f3e08a-1536x691.jpg 1536w, https:\/\/agora.xtec.cat\/ins-intermunicipal\/wp-content\/uploads\/usu2220\/2025\/10\/Imagen-de-WhatsApp-2025-10-14-a-las-09.44.45_c6f3e08a.jpg 1600w\" sizes=\"auto, (max-width: 300px) 100vw, 300px\" \/><\/a><\/li>\n<li>CFPM de Farm\u00e0cia i Parafarm\u00e0cia<\/li>\n<li>CFPM d\u2019Atenci\u00f3 a Persones en Situaci\u00f3 de Depend\u00e8ncia<\/li>\n<li>CFPS d\u2019Educaci\u00f3 Infantil<\/li>\n<li>CFPS d\u2019Integraci\u00f3 Social<\/li>\n<\/ul>\n<p>&nbsp;<\/p>\n","protected":false},"excerpt":{"rendered":"<p><a href=\"https:\/\/agora.xtec.cat\/ins-intermunicipal\/general\/linter-a-la-fira-exit\/attachment\/imagen-de-whatsapp-2025-10-14-a-las-10-24-18_f0c165bc\/\" rel=\"attachment wp-att-5225\"><\/a>L&#8217;IES Intermunicipal del Pened\u00e8s participa avui i dijous a la Fira \u00c8xit, la fira de les professionals del Pened\u00e8s, al pavell\u00f3 firal de Vilafranca del Pened\u00e8s on centres educatius, institucions i empreses mostren sortides laborals i l&#8217;oferta de formaci\u00f3 professional que hi&hellip;  <a href=\"https:\/\/agora.xtec.cat\/ins-intermunicipal\/general\/linter-a-la-fira-exit\/\" title=\"Read L&#8217;\u00cdnter a la Fira \u00c8xit\">Llegeix m\u00e9s\u00bb<\/a><\/p>\n","protected":false},"author":8,"featured_media":5225,"comment_status":"closed","ping_status":"open","sticky":false,"template":"","format":"standard","meta":{"_bbp_topic_count":0,"_bbp_reply_count":0,"_bbp_total_topic_count":0,"_bbp_total_reply_count":0,"_bbp_voice_count":0,"_bbp_anonymous_reply_count":0,"_bbp_topic_count_hidden":0,"_bbp_reply_count_hidden":0,"_bbp_forum_subforum_count":0,"footnotes":""},"categories":[30,1,29],"tags":[],"class_list":["post-5224","post","type-post","status-publish","format-standard","has-post-thumbnail","hentry","category-formacio-professional","category-general","category-portada"],"post_mailing_queue_ids":[],"_links":{"self":[{"href":"https:\/\/agora.xtec.cat\/ins-intermunicipal\/wp-json\/wp\/v2\/posts\/5224","targetHints":{"allow":["GET"]}}],"collection":[{"href":"https:\/\/agora.xtec.cat\/ins-intermunicipal\/wp-json\/wp\/v2\/posts"}],"about":[{"href":"https:\/\/agora.xtec.cat\/ins-intermunicipal\/wp-json\/wp\/v2\/types\/post"}],"author":[{"embeddable":true,"href":"https:\/\/agora.xtec.cat\/ins-intermunicipal\/wp-json\/wp\/v2\/users\/8"}],"replies":[{"embeddable":true,"href":"https:\/\/agora.xtec.cat\/ins-intermunicipal\/wp-json\/wp\/v2\/comments?post=5224"}],"version-history":[{"count":5,"href":"https:\/\/agora.xtec.cat\/ins-intermunicipal\/wp-json\/wp\/v2\/posts\/5224\/revisions"}],"predecessor-version":[{"id":5231,"href":"https:\/\/agora.xtec.cat\/ins-intermunicipal\/wp-json\/wp\/v2\/posts\/5224\/revisions\/5231"}],"wp:featuredmedia":[{"embeddable":true,"href":"https:\/\/agora.xtec.cat\/ins-intermunicipal\/wp-json\/wp\/v2\/media\/5225"}],"wp:attachment":[{"href":"https:\/\/agora.xtec.cat\/ins-intermunicipal\/wp-json\/wp\/v2\/media?parent=5224"}],"wp:term":[{"taxonomy":"category","embeddable":true,"href":"https:\/\/agora.xtec.cat\/ins-intermunicipal\/wp-json\/wp\/v2\/categories?post=5224"},{"taxonomy":"post_tag","embeddable":true,"href":"https:\/\/agora.xtec.cat\/ins-intermunicipal\/wp-json\/wp\/v2\/tags?post=5224"}],"curies":[{"name":"wp","href":"https:\/\/api.w.org\/{rel}","templated":true}]}}