{"id":5136,"date":"2025-09-22T12:05:33","date_gmt":"2025-09-22T10:05:33","guid":{"rendered":"https:\/\/agora.xtec.cat\/ins-intermunicipal\/?p=5136"},"modified":"2025-09-22T12:36:48","modified_gmt":"2025-09-22T10:36:48","slug":"nou-mobiliari-al-taller-de-farmacia","status":"publish","type":"post","link":"https:\/\/agora.xtec.cat\/ins-intermunicipal\/general\/nou-mobiliari-al-taller-de-farmacia\/","title":{"rendered":"Nou mobiliari al taller de Farm\u00e0cia"},"content":{"rendered":"<p>L&#8217;Institut Intermunicipal continua millorant el seu mobiliari. El taller del cicle formatiu de grau mitj\u00e0 de Farm\u00e0cia i Parafarm\u00e0cia estrena noves taules i cadires.<\/p>\n<p><a href=\"https:\/\/agora.xtec.cat\/ins-intermunicipal\/wp-content\/uploads\/usu2220\/2025\/09\/Imagen-de-WhatsApp-2025-09-22-a-las-11.54.01_72c71f0e.jpg\"><img loading=\"lazy\" decoding=\"async\" class=\"alignnone size-medium wp-image-5137\" src=\"https:\/\/agora.xtec.cat\/ins-intermunicipal\/wp-content\/uploads\/usu2220\/2025\/09\/Imagen-de-WhatsApp-2025-09-22-a-las-11.54.01_72c71f0e-300x169.jpg\" alt=\"\" width=\"300\" height=\"169\" srcset=\"https:\/\/agora.xtec.cat\/ins-intermunicipal\/wp-content\/uploads\/usu2220\/2025\/09\/Imagen-de-WhatsApp-2025-09-22-a-las-11.54.01_72c71f0e-300x169.jpg 300w, https:\/\/agora.xtec.cat\/ins-intermunicipal\/wp-content\/uploads\/usu2220\/2025\/09\/Imagen-de-WhatsApp-2025-09-22-a-las-11.54.01_72c71f0e-1024x576.jpg 1024w, https:\/\/agora.xtec.cat\/ins-intermunicipal\/wp-content\/uploads\/usu2220\/2025\/09\/Imagen-de-WhatsApp-2025-09-22-a-las-11.54.01_72c71f0e-768x432.jpg 768w, https:\/\/agora.xtec.cat\/ins-intermunicipal\/wp-content\/uploads\/usu2220\/2025\/09\/Imagen-de-WhatsApp-2025-09-22-a-las-11.54.01_72c71f0e-1536x864.jpg 1536w, https:\/\/agora.xtec.cat\/ins-intermunicipal\/wp-content\/uploads\/usu2220\/2025\/09\/Imagen-de-WhatsApp-2025-09-22-a-las-11.54.01_72c71f0e.jpg 1600w\" sizes=\"auto, (max-width: 300px) 100vw, 300px\" \/><\/a><\/p>\n","protected":false},"excerpt":{"rendered":"<p>L&#8217;Institut Intermunicipal continua millorant el seu mobiliari. El taller del cicle formatiu de grau mitj\u00e0 de Farm\u00e0cia i Parafarm\u00e0cia estrena noves taules i cadires.<br \/>\n<a href=\"https:\/\/agora.xtec.cat\/ins-intermunicipal\/wp-content\/uploads\/usu2220\/2025\/09\/Imagen-de-WhatsApp-2025-09-22-a-las-11.54.01_72c71f0e.jpg\"><\/a><\/p>\n","protected":false},"author":8,"featured_media":5137,"comment_status":"closed","ping_status":"open","sticky":false,"template":"","format":"standard","meta":{"_bbp_topic_count":0,"_bbp_reply_count":0,"_bbp_total_topic_count":0,"_bbp_total_reply_count":0,"_bbp_voice_count":0,"_bbp_anonymous_reply_count":0,"_bbp_topic_count_hidden":0,"_bbp_reply_count_hidden":0,"_bbp_forum_subforum_count":0,"footnotes":""},"categories":[30,1,29],"tags":[],"class_list":["post-5136","post","type-post","status-publish","format-standard","has-post-thumbnail","hentry","category-formacio-professional","category-general","category-portada"],"post_mailing_queue_ids":[],"_links":{"self":[{"href":"https:\/\/agora.xtec.cat\/ins-intermunicipal\/wp-json\/wp\/v2\/posts\/5136","targetHints":{"allow":["GET"]}}],"collection":[{"href":"https:\/\/agora.xtec.cat\/ins-intermunicipal\/wp-json\/wp\/v2\/posts"}],"about":[{"href":"https:\/\/agora.xtec.cat\/ins-intermunicipal\/wp-json\/wp\/v2\/types\/post"}],"author":[{"embeddable":true,"href":"https:\/\/agora.xtec.cat\/ins-intermunicipal\/wp-json\/wp\/v2\/users\/8"}],"replies":[{"embeddable":true,"href":"https:\/\/agora.xtec.cat\/ins-intermunicipal\/wp-json\/wp\/v2\/comments?post=5136"}],"version-history":[{"count":2,"href":"https:\/\/agora.xtec.cat\/ins-intermunicipal\/wp-json\/wp\/v2\/posts\/5136\/revisions"}],"predecessor-version":[{"id":5139,"href":"https:\/\/agora.xtec.cat\/ins-intermunicipal\/wp-json\/wp\/v2\/posts\/5136\/revisions\/5139"}],"wp:featuredmedia":[{"embeddable":true,"href":"https:\/\/agora.xtec.cat\/ins-intermunicipal\/wp-json\/wp\/v2\/media\/5137"}],"wp:attachment":[{"href":"https:\/\/agora.xtec.cat\/ins-intermunicipal\/wp-json\/wp\/v2\/media?parent=5136"}],"wp:term":[{"taxonomy":"category","embeddable":true,"href":"https:\/\/agora.xtec.cat\/ins-intermunicipal\/wp-json\/wp\/v2\/categories?post=5136"},{"taxonomy":"post_tag","embeddable":true,"href":"https:\/\/agora.xtec.cat\/ins-intermunicipal\/wp-json\/wp\/v2\/tags?post=5136"}],"curies":[{"name":"wp","href":"https:\/\/api.w.org\/{rel}","templated":true}]}}