{"id":5133,"date":"2025-09-22T11:57:20","date_gmt":"2025-09-22T09:57:20","guid":{"rendered":"https:\/\/agora.xtec.cat\/ins-intermunicipal\/?p=5133"},"modified":"2025-09-22T11:57:20","modified_gmt":"2025-09-22T09:57:20","slug":"curs-de-monitor-de-lleure-a-lindex","status":"publish","type":"post","link":"https:\/\/agora.xtec.cat\/ins-intermunicipal\/formacio-professional\/feina-fp\/curs-de-monitor-de-lleure-a-lindex\/","title":{"rendered":"Curs de monitor de lleure a l&#8217;\u00cdndex"},"content":{"rendered":"<div>El servei de Joventut de l&#8217;Ajuntament de Sant Sadurn\u00ed d&#8217;Anoia, l&#8217;\u00cdndex, informa que obren inscripcions pel curs de monitor\/a de lleure. Us deixem la informaci\u00f3 per si us interessa. <a href=\"https:\/\/agora.xtec.cat\/ins-intermunicipal\/wp-content\/uploads\/usu2220\/2025\/09\/Monis-IG.png\"><img loading=\"lazy\" decoding=\"async\" class=\"size-medium wp-image-5134 alignright\" src=\"https:\/\/agora.xtec.cat\/ins-intermunicipal\/wp-content\/uploads\/usu2220\/2025\/09\/Monis-IG-300x300.png\" alt=\"\" width=\"300\" height=\"300\" srcset=\"https:\/\/agora.xtec.cat\/ins-intermunicipal\/wp-content\/uploads\/usu2220\/2025\/09\/Monis-IG-300x300.png 300w, https:\/\/agora.xtec.cat\/ins-intermunicipal\/wp-content\/uploads\/usu2220\/2025\/09\/Monis-IG-1024x1024.png 1024w, https:\/\/agora.xtec.cat\/ins-intermunicipal\/wp-content\/uploads\/usu2220\/2025\/09\/Monis-IG-150x150.png 150w, https:\/\/agora.xtec.cat\/ins-intermunicipal\/wp-content\/uploads\/usu2220\/2025\/09\/Monis-IG-768x768.png 768w, https:\/\/agora.xtec.cat\/ins-intermunicipal\/wp-content\/uploads\/usu2220\/2025\/09\/Monis-IG.png 1080w\" sizes=\"auto, (max-width: 300px) 100vw, 300px\" \/><\/a><\/div>\n<div><\/div>\n<div><img decoding=\"async\" class=\"an1\" draggable=\"false\" src=\"https:\/\/fonts.gstatic.com\/s\/e\/notoemoji\/16.0\/1f5d3\/72.png\" alt=\"\ud83d\uddd3\" data-emoji=\"\ud83d\uddd3\" aria-label=\"\ud83d\uddd3\" \/>\u00a0<b>Del 20 de desembre de 2025 al 10 de gener de 2026. Consulteu el calendari.<\/b><\/div>\n<div><img decoding=\"async\" class=\"an1\" draggable=\"false\" src=\"https:\/\/fonts.gstatic.com\/s\/e\/notoemoji\/16.0\/1f552\/72.png\" alt=\"\ud83d\udd52\" data-emoji=\"\ud83d\udd52\" aria-label=\"\ud83d\udd52\" \/>\u00a0Dilluns, dimarts, divendres i dissabte de 09:00 h a 13:00 h i de 14:00 h a 18:00 h<\/div>\n<div><img decoding=\"async\" class=\"an1\" draggable=\"false\" src=\"https:\/\/fonts.gstatic.com\/s\/e\/notoemoji\/16.0\/1f552\/72.png\" alt=\"\ud83d\udd52\" data-emoji=\"\ud83d\udd52\" aria-label=\"\ud83d\udd52\" \/>\u00a0Dimecres i diumenge de 09:00 h a 13:00 h<\/div>\n<div><img decoding=\"async\" class=\"an1\" draggable=\"false\" src=\"https:\/\/fonts.gstatic.com\/s\/e\/notoemoji\/16.0\/1f4cd\/72.png\" alt=\"\ud83d\udccd\" data-emoji=\"\ud83d\udccd\" aria-label=\"\ud83d\udccd\" \/>\u00a0\u00cdndex &#8211; Servei de Joventut. C\/ de Pompeu Fabra, 34, 08770 Sant Sadurn\u00ed d&#8217;Anoia.<\/div>\n<div><img decoding=\"async\" class=\"an1\" draggable=\"false\" src=\"https:\/\/fonts.gstatic.com\/s\/e\/notoemoji\/16.0\/1f6b6_200d_27a1_fe0f\/72.png\" alt=\"\ud83d\udeb6\u200d\u27a1\ufe0f\" data-emoji=\"\ud83d\udeb6\u200d\u27a1\ufe0f\" aria-label=\"\ud83d\udeb6\u200d\u27a1\ufe0f\" \/>\u00a0Modalitat: presencial<\/div>\n<div><img decoding=\"async\" class=\"an1\" draggable=\"false\" src=\"https:\/\/fonts.gstatic.com\/s\/e\/notoemoji\/16.0\/1f393\/72.png\" alt=\"\ud83c\udf93\" data-emoji=\"\ud83c\udf93\" aria-label=\"\ud83c\udf93\" \/>\u00a0<b>Titulaci\u00f3 oficial<\/b>\u00a0reconeguda per la Direcci\u00f3 General de Joventut<\/div>\n<div><\/div>\n<div>Inscripcions a:\u00a0<u><a id=\"m_261111282786507884OWAc4ecdd2e-ecd8-176a-20aa-4b7e3ac3c587\" href=\"https:\/\/www.dinamo.cat\/agenda-dactivitats\/curs-de-monitors-es-de-lleure-a-sant-sadurni-danoia\" target=\"_blank\" rel=\"noopener\" data-saferedirecturl=\"https:\/\/www.google.com\/url?q=https:\/\/www.dinamo.cat\/agenda-dactivitats\/curs-de-monitors-es-de-lleure-a-sant-sadurni-danoia&amp;source=gmail&amp;ust=1758619264665000&amp;usg=AOvVaw3H0RCYlgd0Np4hMAHrGSdJ\">https:\/\/www.dinamo.cat\/agenda-<wbr \/>dactivitats\/curs-de-monitors-<wbr \/>es-de-lleure-a-sant-sadurni-<wbr \/>danoia<\/a><\/u><\/div>\n","protected":false},"excerpt":{"rendered":"<p>El servei de Joventut de l&#8217;Ajuntament de Sant Sadurn\u00ed d&#8217;Anoia, l&#8217;\u00cdndex, informa que obren inscripcions pel curs de monitor\/a de lleure. Us deixem la informaci\u00f3 per si us interessa. <a href=\"https:\/\/agora.xtec.cat\/ins-intermunicipal\/wp-content\/uploads\/usu2220\/2025\/09\/Monis-IG.png\"><\/a><\/p>\n<p>\u00a0Del 20 de desembre de 2025 al 10 de gener de 2026. Consulteu el calendari.<br \/>\n\u00a0Dilluns,&hellip;  <a href=\"https:\/\/agora.xtec.cat\/ins-intermunicipal\/formacio-professional\/feina-fp\/curs-de-monitor-de-lleure-a-lindex\/\" title=\"Read Curs de monitor de lleure a l&#8217;\u00cdndex\">Llegeix m\u00e9s\u00bb<\/a><\/p>\n","protected":false},"author":8,"featured_media":5134,"comment_status":"closed","ping_status":"open","sticky":false,"template":"","format":"standard","meta":{"_bbp_topic_count":0,"_bbp_reply_count":0,"_bbp_total_topic_count":0,"_bbp_total_reply_count":0,"_bbp_voice_count":0,"_bbp_anonymous_reply_count":0,"_bbp_topic_count_hidden":0,"_bbp_reply_count_hidden":0,"_bbp_forum_subforum_count":0,"footnotes":""},"categories":[189],"tags":[],"class_list":["post-5133","post","type-post","status-publish","format-standard","has-post-thumbnail","hentry","category-feina-fp"],"post_mailing_queue_ids":[],"_links":{"self":[{"href":"https:\/\/agora.xtec.cat\/ins-intermunicipal\/wp-json\/wp\/v2\/posts\/5133","targetHints":{"allow":["GET"]}}],"collection":[{"href":"https:\/\/agora.xtec.cat\/ins-intermunicipal\/wp-json\/wp\/v2\/posts"}],"about":[{"href":"https:\/\/agora.xtec.cat\/ins-intermunicipal\/wp-json\/wp\/v2\/types\/post"}],"author":[{"embeddable":true,"href":"https:\/\/agora.xtec.cat\/ins-intermunicipal\/wp-json\/wp\/v2\/users\/8"}],"replies":[{"embeddable":true,"href":"https:\/\/agora.xtec.cat\/ins-intermunicipal\/wp-json\/wp\/v2\/comments?post=5133"}],"version-history":[{"count":1,"href":"https:\/\/agora.xtec.cat\/ins-intermunicipal\/wp-json\/wp\/v2\/posts\/5133\/revisions"}],"predecessor-version":[{"id":5135,"href":"https:\/\/agora.xtec.cat\/ins-intermunicipal\/wp-json\/wp\/v2\/posts\/5133\/revisions\/5135"}],"wp:featuredmedia":[{"embeddable":true,"href":"https:\/\/agora.xtec.cat\/ins-intermunicipal\/wp-json\/wp\/v2\/media\/5134"}],"wp:attachment":[{"href":"https:\/\/agora.xtec.cat\/ins-intermunicipal\/wp-json\/wp\/v2\/media?parent=5133"}],"wp:term":[{"taxonomy":"category","embeddable":true,"href":"https:\/\/agora.xtec.cat\/ins-intermunicipal\/wp-json\/wp\/v2\/categories?post=5133"},{"taxonomy":"post_tag","embeddable":true,"href":"https:\/\/agora.xtec.cat\/ins-intermunicipal\/wp-json\/wp\/v2\/tags?post=5133"}],"curies":[{"name":"wp","href":"https:\/\/api.w.org\/{rel}","templated":true}]}}