{"id":5055,"date":"2025-07-02T10:01:07","date_gmt":"2025-07-02T08:01:07","guid":{"rendered":"https:\/\/agora.xtec.cat\/ins-intermunicipal\/?p=5055"},"modified":"2025-09-30T18:20:49","modified_gmt":"2025-09-30T16:20:49","slug":"calendari-escolar-curs-2025-26","status":"publish","type":"post","link":"https:\/\/agora.xtec.cat\/ins-intermunicipal\/general\/calendari-escolar-curs-2025-26\/","title":{"rendered":"Calendari Escolar &#8211; Curs 2025\/26 (ESO, BAT i FP)"},"content":{"rendered":"<p>Us adjuntem una actualitzaci\u00f3 del calendari escolar per aquest curs 2025\/26, amb els dies festius i els de lliure disposici\u00f3 del centre. En el cas d&#8217;ESO i Batxillerat, la data final del tercer trimestre \u00e9s provisional. El podeu descarregar a continuaci\u00f3: <a href=\"https:\/\/agora.xtec.cat\/ins-intermunicipal\/wp-content\/uploads\/usu2220\/2025\/09\/Calendari-curs-ESO-BAT.pdf\" target=\"_blank\" rel=\"noopener\">ESO\/BAT<\/a> i <a href=\"https:\/\/agora.xtec.cat\/ins-intermunicipal\/wp-content\/uploads\/usu2220\/2025\/09\/Calendari-curs-FP.pdf\" target=\"_blank\" rel=\"noopener\">FP<\/a>.<\/p>\n<p><a href=\"https:\/\/agora.xtec.cat\/ins-intermunicipal\/wp-content\/uploads\/usu2220\/2025\/07\/Calendari-curs-ESO-BAT_page-0001.jpg\"><img loading=\"lazy\" decoding=\"async\" class=\"alignnone size-large wp-image-5125\" src=\"https:\/\/agora.xtec.cat\/ins-intermunicipal\/wp-content\/uploads\/usu2220\/2025\/07\/Calendari-curs-ESO-BAT_page-0001-724x1024.jpg\" alt=\"\" width=\"724\" height=\"1024\" srcset=\"https:\/\/agora.xtec.cat\/ins-intermunicipal\/wp-content\/uploads\/usu2220\/2025\/07\/Calendari-curs-ESO-BAT_page-0001-724x1024.jpg 724w, https:\/\/agora.xtec.cat\/ins-intermunicipal\/wp-content\/uploads\/usu2220\/2025\/07\/Calendari-curs-ESO-BAT_page-0001-212x300.jpg 212w, https:\/\/agora.xtec.cat\/ins-intermunicipal\/wp-content\/uploads\/usu2220\/2025\/07\/Calendari-curs-ESO-BAT_page-0001-768x1086.jpg 768w, https:\/\/agora.xtec.cat\/ins-intermunicipal\/wp-content\/uploads\/usu2220\/2025\/07\/Calendari-curs-ESO-BAT_page-0001-1086x1536.jpg 1086w, https:\/\/agora.xtec.cat\/ins-intermunicipal\/wp-content\/uploads\/usu2220\/2025\/07\/Calendari-curs-ESO-BAT_page-0001.jpg 1241w\" sizes=\"auto, (max-width: 724px) 100vw, 724px\" \/><\/a> <a href=\"https:\/\/agora.xtec.cat\/ins-intermunicipal\/wp-content\/uploads\/usu2220\/2025\/07\/Calendari-curs-ESO-BAT_page-0002.jpg\"><img loading=\"lazy\" decoding=\"async\" class=\"alignnone size-large wp-image-5126\" src=\"https:\/\/agora.xtec.cat\/ins-intermunicipal\/wp-content\/uploads\/usu2220\/2025\/07\/Calendari-curs-ESO-BAT_page-0002-724x1024.jpg\" alt=\"\" width=\"724\" height=\"1024\" srcset=\"https:\/\/agora.xtec.cat\/ins-intermunicipal\/wp-content\/uploads\/usu2220\/2025\/07\/Calendari-curs-ESO-BAT_page-0002-724x1024.jpg 724w, https:\/\/agora.xtec.cat\/ins-intermunicipal\/wp-content\/uploads\/usu2220\/2025\/07\/Calendari-curs-ESO-BAT_page-0002-212x300.jpg 212w, https:\/\/agora.xtec.cat\/ins-intermunicipal\/wp-content\/uploads\/usu2220\/2025\/07\/Calendari-curs-ESO-BAT_page-0002-768x1086.jpg 768w, https:\/\/agora.xtec.cat\/ins-intermunicipal\/wp-content\/uploads\/usu2220\/2025\/07\/Calendari-curs-ESO-BAT_page-0002-1086x1536.jpg 1086w, https:\/\/agora.xtec.cat\/ins-intermunicipal\/wp-content\/uploads\/usu2220\/2025\/07\/Calendari-curs-ESO-BAT_page-0002.jpg 1241w\" sizes=\"auto, (max-width: 724px) 100vw, 724px\" \/><\/a> <a href=\"https:\/\/agora.xtec.cat\/ins-intermunicipal\/wp-content\/uploads\/usu2220\/2025\/07\/Calendari-curs-FP_page-0001.jpg\"><img loading=\"lazy\" decoding=\"async\" class=\"alignnone size-large wp-image-5127\" src=\"https:\/\/agora.xtec.cat\/ins-intermunicipal\/wp-content\/uploads\/usu2220\/2025\/07\/Calendari-curs-FP_page-0001-724x1024.jpg\" alt=\"\" width=\"724\" height=\"1024\" srcset=\"https:\/\/agora.xtec.cat\/ins-intermunicipal\/wp-content\/uploads\/usu2220\/2025\/07\/Calendari-curs-FP_page-0001-724x1024.jpg 724w, https:\/\/agora.xtec.cat\/ins-intermunicipal\/wp-content\/uploads\/usu2220\/2025\/07\/Calendari-curs-FP_page-0001-212x300.jpg 212w, https:\/\/agora.xtec.cat\/ins-intermunicipal\/wp-content\/uploads\/usu2220\/2025\/07\/Calendari-curs-FP_page-0001-768x1086.jpg 768w, https:\/\/agora.xtec.cat\/ins-intermunicipal\/wp-content\/uploads\/usu2220\/2025\/07\/Calendari-curs-FP_page-0001-1086x1536.jpg 1086w, https:\/\/agora.xtec.cat\/ins-intermunicipal\/wp-content\/uploads\/usu2220\/2025\/07\/Calendari-curs-FP_page-0001.jpg 1241w\" sizes=\"auto, (max-width: 724px) 100vw, 724px\" \/><\/a><\/p>\n<p>&nbsp;<\/p>\n<p>&nbsp;<\/p>\n","protected":false},"excerpt":{"rendered":"<p>Us adjuntem una actualitzaci\u00f3 del calendari escolar per aquest curs 2025\/26, amb els dies festius i els de lliure disposici\u00f3 del centre. En el cas d&#8217;ESO i Batxillerat, la data final del tercer trimestre \u00e9s provisional. El podeu descarregar a continuaci\u00f3: <a href=\"https:\/\/agora.xtec.cat\/ins-intermunicipal\/wp-content\/uploads\/usu2220\/2025\/09\/Calendari-curs-ESO-BAT.pdf\" target=\"_blank\" rel=\"noopener\">ESO\/BAT<\/a>&hellip;  <a href=\"https:\/\/agora.xtec.cat\/ins-intermunicipal\/general\/calendari-escolar-curs-2025-26\/\" title=\"Read Calendari Escolar &#8211; Curs 2025\/26 (ESO, BAT i FP)\">Llegeix m\u00e9s\u00bb<\/a><\/p>\n","protected":false},"author":6,"featured_media":5125,"comment_status":"closed","ping_status":"open","sticky":false,"template":"","format":"standard","meta":{"_bbp_topic_count":0,"_bbp_reply_count":0,"_bbp_total_topic_count":0,"_bbp_total_reply_count":0,"_bbp_voice_count":0,"_bbp_anonymous_reply_count":0,"_bbp_topic_count_hidden":0,"_bbp_reply_count_hidden":0,"_bbp_forum_subforum_count":0,"footnotes":""},"categories":[30,1,29],"tags":[],"class_list":["post-5055","post","type-post","status-publish","format-standard","has-post-thumbnail","hentry","category-formacio-professional","category-general","category-portada"],"post_mailing_queue_ids":[],"_links":{"self":[{"href":"https:\/\/agora.xtec.cat\/ins-intermunicipal\/wp-json\/wp\/v2\/posts\/5055","targetHints":{"allow":["GET"]}}],"collection":[{"href":"https:\/\/agora.xtec.cat\/ins-intermunicipal\/wp-json\/wp\/v2\/posts"}],"about":[{"href":"https:\/\/agora.xtec.cat\/ins-intermunicipal\/wp-json\/wp\/v2\/types\/post"}],"author":[{"embeddable":true,"href":"https:\/\/agora.xtec.cat\/ins-intermunicipal\/wp-json\/wp\/v2\/users\/6"}],"replies":[{"embeddable":true,"href":"https:\/\/agora.xtec.cat\/ins-intermunicipal\/wp-json\/wp\/v2\/comments?post=5055"}],"version-history":[{"count":5,"href":"https:\/\/agora.xtec.cat\/ins-intermunicipal\/wp-json\/wp\/v2\/posts\/5055\/revisions"}],"predecessor-version":[{"id":5129,"href":"https:\/\/agora.xtec.cat\/ins-intermunicipal\/wp-json\/wp\/v2\/posts\/5055\/revisions\/5129"}],"wp:featuredmedia":[{"embeddable":true,"href":"https:\/\/agora.xtec.cat\/ins-intermunicipal\/wp-json\/wp\/v2\/media\/5125"}],"wp:attachment":[{"href":"https:\/\/agora.xtec.cat\/ins-intermunicipal\/wp-json\/wp\/v2\/media?parent=5055"}],"wp:term":[{"taxonomy":"category","embeddable":true,"href":"https:\/\/agora.xtec.cat\/ins-intermunicipal\/wp-json\/wp\/v2\/categories?post=5055"},{"taxonomy":"post_tag","embeddable":true,"href":"https:\/\/agora.xtec.cat\/ins-intermunicipal\/wp-json\/wp\/v2\/tags?post=5055"}],"curies":[{"name":"wp","href":"https:\/\/api.w.org\/{rel}","templated":true}]}}