{"id":5021,"date":"2025-06-23T09:27:04","date_gmt":"2025-06-23T07:27:04","guid":{"rendered":"https:\/\/agora.xtec.cat\/ins-intermunicipal\/?p=5021"},"modified":"2025-06-23T09:27:04","modified_gmt":"2025-06-23T07:27:04","slug":"lemocionari-siei-2023-2025","status":"publish","type":"post","link":"https:\/\/agora.xtec.cat\/ins-intermunicipal\/general\/lemocionari-siei-2023-2025\/","title":{"rendered":"L&#8217;emocionari, SIEI 2023-2025"},"content":{"rendered":"<p style=\"text-align: justify;\">Durant dos anys, les noies i els nois del SIEI han viatjat al m\u00f3n de les emocions i els sentiments. Ho han fet a trav\u00e9s de la lectura de textos, observant il\u00b7lustracions, dibuixant i fent manualitats, escoltant m\u00fasica, mirant curts animats, compartint viv\u00e8ncies personals i, tamb\u00e9, ideant i protagonitzant petites escenes teatrals. Aquest v\u00eddeo que ens presenten \u00e9s un bon resum de com han treballat les emocions.<\/p>\n<p style=\"text-align: center;\"><iframe loading=\"lazy\" src=\"\/\/www.youtube.com\/embed\/GUFPccdJSbA?si=duM_G3AkRRYJoG22\" width=\"560\" height=\"314\" allowfullscreen=\"allowfullscreen\"><\/iframe><\/p>\n","protected":false},"excerpt":{"rendered":"<p>Durant dos anys, les noies i els nois del SIEI han viatjat al m\u00f3n de les emocions i els sentiments. Ho han fet a trav\u00e9s de la lectura de textos, observant il\u00b7lustracions, dibuixant i fent manualitats, escoltant m\u00fasica, mirant curts animats, compartint viv\u00e8ncies personals i,&hellip;  <a href=\"https:\/\/agora.xtec.cat\/ins-intermunicipal\/general\/lemocionari-siei-2023-2025\/\" title=\"Read L&#8217;emocionari, SIEI 2023-2025\">Llegeix m\u00e9s\u00bb<\/a><\/p>\n","protected":false},"author":7,"featured_media":5024,"comment_status":"closed","ping_status":"open","sticky":false,"template":"","format":"standard","meta":{"_bbp_topic_count":0,"_bbp_reply_count":0,"_bbp_total_topic_count":0,"_bbp_total_reply_count":0,"_bbp_voice_count":0,"_bbp_anonymous_reply_count":0,"_bbp_topic_count_hidden":0,"_bbp_reply_count_hidden":0,"_bbp_forum_subforum_count":0,"footnotes":""},"categories":[3,1,29],"tags":[767,770,768,769],"class_list":["post-5021","post","type-post","status-publish","format-standard","has-post-thumbnail","hentry","category-eso","category-general","category-portada","tag-emocions","tag-lemocionari","tag-sentiments","tag-siei-2023-2025"],"post_mailing_queue_ids":[],"_links":{"self":[{"href":"https:\/\/agora.xtec.cat\/ins-intermunicipal\/wp-json\/wp\/v2\/posts\/5021","targetHints":{"allow":["GET"]}}],"collection":[{"href":"https:\/\/agora.xtec.cat\/ins-intermunicipal\/wp-json\/wp\/v2\/posts"}],"about":[{"href":"https:\/\/agora.xtec.cat\/ins-intermunicipal\/wp-json\/wp\/v2\/types\/post"}],"author":[{"embeddable":true,"href":"https:\/\/agora.xtec.cat\/ins-intermunicipal\/wp-json\/wp\/v2\/users\/7"}],"replies":[{"embeddable":true,"href":"https:\/\/agora.xtec.cat\/ins-intermunicipal\/wp-json\/wp\/v2\/comments?post=5021"}],"version-history":[{"count":3,"href":"https:\/\/agora.xtec.cat\/ins-intermunicipal\/wp-json\/wp\/v2\/posts\/5021\/revisions"}],"predecessor-version":[{"id":5031,"href":"https:\/\/agora.xtec.cat\/ins-intermunicipal\/wp-json\/wp\/v2\/posts\/5021\/revisions\/5031"}],"wp:featuredmedia":[{"embeddable":true,"href":"https:\/\/agora.xtec.cat\/ins-intermunicipal\/wp-json\/wp\/v2\/media\/5024"}],"wp:attachment":[{"href":"https:\/\/agora.xtec.cat\/ins-intermunicipal\/wp-json\/wp\/v2\/media?parent=5021"}],"wp:term":[{"taxonomy":"category","embeddable":true,"href":"https:\/\/agora.xtec.cat\/ins-intermunicipal\/wp-json\/wp\/v2\/categories?post=5021"},{"taxonomy":"post_tag","embeddable":true,"href":"https:\/\/agora.xtec.cat\/ins-intermunicipal\/wp-json\/wp\/v2\/tags?post=5021"}],"curies":[{"name":"wp","href":"https:\/\/api.w.org\/{rel}","templated":true}]}}