{"id":4954,"date":"2025-06-17T10:31:10","date_gmt":"2025-06-17T08:31:10","guid":{"rendered":"https:\/\/agora.xtec.cat\/ins-intermunicipal\/?p=4954"},"modified":"2025-06-17T10:31:10","modified_gmt":"2025-06-17T08:31:10","slug":"solidart-recapta-800e-per-ampert","status":"publish","type":"post","link":"https:\/\/agora.xtec.cat\/ins-intermunicipal\/general\/solidart-recapta-800e-per-ampert\/","title":{"rendered":"SolidArt recapta 800\u20ac per Ampert"},"content":{"rendered":"<p style=\"text-align: justify;\"><em><span style=\"color: #000000;\">El nostre alumne Mart\u00ed Atserias de 3r d&#8217;ESO ha redactat una cr\u00f2nica de la subhasta en benefici d&#8217;<a href=\"https:\/\/www.ampert.org\/10751\/\" target=\"_blank\" rel=\"noopener\">AMPERT<\/a> que s&#8217;ha fet per tancar el projecte <a href=\"https:\/\/agora.xtec.cat\/ins-intermunicipal\/general\/solidart-2024-2025\/\" target=\"_blank\" rel=\"noopener\">SolidArt<\/a> d&#8217;aquest curs. La podeu llegir a continuaci\u00f3:\u00a0<\/span><\/em><\/p>\n<h3 class=\"western\" style=\"text-align: justify;\"><span style=\"font-family: Arial, sans-serif;\"><span style=\"font-size: medium;\">HEM AJUDAT AMPERT AMB UN DONATIU DE 800\u20ac RECAPTATS DURANT LA SUBHASTA DE SOLIDART DEL PASSAT 6 DE JUNY!<\/span><\/span><\/h3>\n<p style=\"text-align: justify;\"><span style=\"font-family: Arial, sans-serif;\"><span style=\"font-size: medium;\">Hem arribat a la recta final del curs, i des del projecte <\/span><\/span><span style=\"font-family: Arial, sans-serif;\"><span style=\"font-size: medium;\">Solidart <\/span><\/span><span style=\"font-family: Arial, sans-serif;\"><span style=\"font-size: medium;\">ens vam preparar per a la subhasta que hem estat tot l\u2019any esperant.<\/span><\/span><\/p>\n<p style=\"text-align: justify;\"><span style=\"font-family: Arial, sans-serif;\"><span style=\"font-size: medium;\">Per animar les fam\u00edlies i els residents de Sant Sadurn\u00ed a participar-hi, vam organitzar una gimcana interactiva i divertida que els guiava pel poble amb l\u2019objectiu d\u2019observar i admirar les obres exposades als aparadors.<\/span><\/span><\/p>\n<p style=\"text-align: justify;\"><span style=\"font-family: Arial, sans-serif;\"><span style=\"font-size: medium;\">A classe vam simular la subhasta per con\u00e8ixer i assajar els diferents rols implicats: subhastadors, apuntadors, tresorers, hostes i cambrers. Tots ten\u00edem moltes ganes de fer-ho b\u00e9 i recaptar el m\u00e0xim possible per ajudar Ampert.<\/span><\/span><\/p>\n<p style=\"text-align: justify;\"><span style=\"font-family: Arial, sans-serif;\"><span style=\"font-size: medium;\">Finalment, despr\u00e9s d\u2019un curs sencer de feina, els estudiants de 3r d\u2019ESO de l\u2019Institut Intermunicipal del Pened\u00e8s vam celebrar l\u2019acte de la subhasta el passat <\/span><\/span><span style=\"font-family: Arial, sans-serif;\"><span style=\"font-size: medium;\">6 de juny a les 19h<\/span><\/span><span style=\"font-family: Arial, sans-serif;\"><span style=\"font-size: medium;\">, al p\u00e0rquing del centre. La subhasta va durar dues hores i tamb\u00e9 vam aprofitar per inaugurar el mural realitzat pels alumnes de 4t d\u2019ESO de l\u2019optativa d\u2019Expressi\u00f3 Art\u00edstica.<\/span><\/span><\/p>\n<p style=\"text-align: justify;\"><span style=\"font-family: Arial, sans-serif;\"><span style=\"font-size: medium;\">A l\u2019acte hi van participar l\u2019Ajuntament de Sant Sadurn\u00ed, Som Sant Sadurn\u00ed, Ampert, una representaci\u00f3 de l\u2019alumnat de 4t d\u2019ESO i tot l\u2019alumnat de 3r d\u2019ESO.<\/span><\/span><\/p>\n<p style=\"text-align: justify;\"><span style=\"font-family: Arial, sans-serif;\"><span style=\"font-size: medium;\">Durant la subhasta vam aconseguir recaptar <\/span><\/span><span style=\"font-family: Arial, sans-serif;\"><span style=\"font-size: medium;\">800\u202f\u20ac <\/span><\/span><span style=\"font-family: Arial, sans-serif;\"><span style=\"font-size: medium;\">amb la venda de m\u00e9s de 50 obres exposades. L\u2019obra m\u00e9s valorada va ser una reinterpretaci\u00f3 en puntillisme del fam\u00f3s gravat\u00a0<\/span><\/span><em><span style=\"font-family: Arial, sans-serif;\"><span style=\"font-size: medium;\">La gran onada de Kanagawa <\/span><\/span><\/em><span style=\"font-size: 1em; font-family: Arial, sans-serif;\"><span style=\"font-size: medium;\">de <\/span><\/span><span style=\"font-family: Arial, sans-serif;\"><span style=\"font-size: medium;\">Katsushika Hokusai <\/span><\/span><span style=\"font-size: 1em; font-family: Arial, sans-serif;\"><span style=\"font-size: medium;\">que es va vendre per <\/span><\/span><span style=\"font-family: Arial, sans-serif;\"><span style=\"font-size: medium;\">55\u202f\u20ac<\/span><\/span><span style=\"font-size: 1em; font-family: Arial, sans-serif;\"><span style=\"font-size: medium;\">!<\/span><\/span><\/p>\n<p style=\"text-align: justify;\"><span style=\"font-family: Arial, sans-serif;\"><span style=\"font-size: medium;\">Estem molt agra\u00efts i satisfets de com va anar l\u2019acte. Esperem que totes les persones que us vau endur una de les nostres obres estigueu contentes amb la vostra compra, i us recordem que vau col\u00b7laborar amb una molt bona causa: ajudar l\u2019entitat <\/span><\/span><span style=\"font-family: Arial, sans-serif;\"><span style=\"font-size: medium;\">Ampert<\/span><\/span><span style=\"font-family: Arial, sans-serif;\"><span style=\"font-size: medium;\">!<\/span><\/span><\/p>\n<p style=\"text-align: justify;\"><span style=\"font-family: Arial, sans-serif;\"><span style=\"font-size: medium;\">Amb aix\u00f2, arribem al final de curs. Ara toca gaudir de les vacances i preparar-nos pel curs vinent. De totes maneres, podem caminar amb el cap ben alt i sentir-nos molt orgullosos de la feina feta.<\/span><\/span><\/p>\n<p style=\"text-align: justify;\"><span style=\"font-family: Arial, sans-serif;\"><span style=\"font-size: medium;\">Gr\u00e0cies una vegada m\u00e9s!<\/span><\/span><\/p>\n<p><a href=\"https:\/\/agora.xtec.cat\/ins-intermunicipal\/wp-content\/uploads\/usu2220\/2025\/06\/SOLIDART-3.jpg\"><img loading=\"lazy\" decoding=\"async\" class=\"alignnone wp-image-4956 \" src=\"https:\/\/agora.xtec.cat\/ins-intermunicipal\/wp-content\/uploads\/usu2220\/2025\/06\/SOLIDART-3-300x200.jpg\" alt=\"\" width=\"279\" height=\"186\" srcset=\"https:\/\/agora.xtec.cat\/ins-intermunicipal\/wp-content\/uploads\/usu2220\/2025\/06\/SOLIDART-3-300x200.jpg 300w, https:\/\/agora.xtec.cat\/ins-intermunicipal\/wp-content\/uploads\/usu2220\/2025\/06\/SOLIDART-3-768x512.jpg 768w, https:\/\/agora.xtec.cat\/ins-intermunicipal\/wp-content\/uploads\/usu2220\/2025\/06\/SOLIDART-3.jpg 900w\" sizes=\"auto, (max-width: 279px) 100vw, 279px\" \/><\/a><a href=\"https:\/\/agora.xtec.cat\/ins-intermunicipal\/wp-content\/uploads\/usu2220\/2025\/06\/SOLIDART-5.jpg\"><img loading=\"lazy\" decoding=\"async\" class=\"alignnone wp-image-4957 \" src=\"https:\/\/agora.xtec.cat\/ins-intermunicipal\/wp-content\/uploads\/usu2220\/2025\/06\/SOLIDART-5-300x200.jpg\" alt=\"\" width=\"278\" height=\"185\" srcset=\"https:\/\/agora.xtec.cat\/ins-intermunicipal\/wp-content\/uploads\/usu2220\/2025\/06\/SOLIDART-5-300x200.jpg 300w, https:\/\/agora.xtec.cat\/ins-intermunicipal\/wp-content\/uploads\/usu2220\/2025\/06\/SOLIDART-5-768x512.jpg 768w, https:\/\/agora.xtec.cat\/ins-intermunicipal\/wp-content\/uploads\/usu2220\/2025\/06\/SOLIDART-5.jpg 900w\" sizes=\"auto, (max-width: 278px) 100vw, 278px\" \/><\/a><a href=\"https:\/\/agora.xtec.cat\/ins-intermunicipal\/wp-content\/uploads\/usu2220\/2025\/06\/SOLIDART-8.jpg\"><img loading=\"lazy\" decoding=\"async\" class=\"alignnone wp-image-4958 \" src=\"https:\/\/agora.xtec.cat\/ins-intermunicipal\/wp-content\/uploads\/usu2220\/2025\/06\/SOLIDART-8-300x200.jpg\" alt=\"\" width=\"276\" height=\"184\" srcset=\"https:\/\/agora.xtec.cat\/ins-intermunicipal\/wp-content\/uploads\/usu2220\/2025\/06\/SOLIDART-8-300x200.jpg 300w, https:\/\/agora.xtec.cat\/ins-intermunicipal\/wp-content\/uploads\/usu2220\/2025\/06\/SOLIDART-8-768x512.jpg 768w, https:\/\/agora.xtec.cat\/ins-intermunicipal\/wp-content\/uploads\/usu2220\/2025\/06\/SOLIDART-8.jpg 900w\" sizes=\"auto, (max-width: 276px) 100vw, 276px\" \/><\/a><\/p>\n<p>&nbsp;<\/p>\n","protected":false},"excerpt":{"rendered":"<p>El nostre alumne Mart\u00ed Atserias de 3r d&#8217;ESO ha redactat una cr\u00f2nica de la subhasta en benefici d&#8217;<a href=\"https:\/\/www.ampert.org\/10751\/\" target=\"_blank\" rel=\"noopener\">AMPERT<\/a> que s&#8217;ha fet per tancar el projecte <a href=\"https:\/\/agora.xtec.cat\/ins-intermunicipal\/general\/solidart-2024-2025\/\" target=\"_blank\" rel=\"noopener\">SolidArt<\/a> d&#8217;aquest curs. La podeu llegir a continuaci\u00f3:\u00a0<br \/>\nHEM AJUDAT AMPERT AMB UN DONATIU DE&hellip;  <a href=\"https:\/\/agora.xtec.cat\/ins-intermunicipal\/general\/solidart-recapta-800e-per-ampert\/\" title=\"Read SolidArt recapta 800\u20ac per Ampert\">Llegeix m\u00e9s\u00bb<\/a><\/p>\n","protected":false},"author":7,"featured_media":4957,"comment_status":"closed","ping_status":"open","sticky":false,"template":"","format":"standard","meta":{"_bbp_topic_count":0,"_bbp_reply_count":0,"_bbp_total_topic_count":0,"_bbp_total_reply_count":0,"_bbp_voice_count":0,"_bbp_anonymous_reply_count":0,"_bbp_topic_count_hidden":0,"_bbp_reply_count_hidden":0,"_bbp_forum_subforum_count":0,"footnotes":""},"categories":[6,7,3,1,29],"tags":[584,460,473],"class_list":["post-4954","post","type-post","status-publish","format-standard","has-post-thumbnail","hentry","category-3eso","category-4eso","category-eso","category-general","category-portada","tag-ampert","tag-solidart","tag-subhasta"],"post_mailing_queue_ids":[],"_links":{"self":[{"href":"https:\/\/agora.xtec.cat\/ins-intermunicipal\/wp-json\/wp\/v2\/posts\/4954","targetHints":{"allow":["GET"]}}],"collection":[{"href":"https:\/\/agora.xtec.cat\/ins-intermunicipal\/wp-json\/wp\/v2\/posts"}],"about":[{"href":"https:\/\/agora.xtec.cat\/ins-intermunicipal\/wp-json\/wp\/v2\/types\/post"}],"author":[{"embeddable":true,"href":"https:\/\/agora.xtec.cat\/ins-intermunicipal\/wp-json\/wp\/v2\/users\/7"}],"replies":[{"embeddable":true,"href":"https:\/\/agora.xtec.cat\/ins-intermunicipal\/wp-json\/wp\/v2\/comments?post=4954"}],"version-history":[{"count":3,"href":"https:\/\/agora.xtec.cat\/ins-intermunicipal\/wp-json\/wp\/v2\/posts\/4954\/revisions"}],"predecessor-version":[{"id":4960,"href":"https:\/\/agora.xtec.cat\/ins-intermunicipal\/wp-json\/wp\/v2\/posts\/4954\/revisions\/4960"}],"wp:featuredmedia":[{"embeddable":true,"href":"https:\/\/agora.xtec.cat\/ins-intermunicipal\/wp-json\/wp\/v2\/media\/4957"}],"wp:attachment":[{"href":"https:\/\/agora.xtec.cat\/ins-intermunicipal\/wp-json\/wp\/v2\/media?parent=4954"}],"wp:term":[{"taxonomy":"category","embeddable":true,"href":"https:\/\/agora.xtec.cat\/ins-intermunicipal\/wp-json\/wp\/v2\/categories?post=4954"},{"taxonomy":"post_tag","embeddable":true,"href":"https:\/\/agora.xtec.cat\/ins-intermunicipal\/wp-json\/wp\/v2\/tags?post=4954"}],"curies":[{"name":"wp","href":"https:\/\/api.w.org\/{rel}","templated":true}]}}