{"id":4936,"date":"2025-06-16T10:58:57","date_gmt":"2025-06-16T08:58:57","guid":{"rendered":"https:\/\/agora.xtec.cat\/ins-intermunicipal\/?p=4936"},"modified":"2025-06-16T10:58:57","modified_gmt":"2025-06-16T08:58:57","slug":"estrena-amb-exit-de-les-pau-a-linter","status":"publish","type":"post","link":"https:\/\/agora.xtec.cat\/ins-intermunicipal\/general\/estrena-amb-exit-de-les-pau-a-linter\/","title":{"rendered":"Estrena amb \u00e8xit de les PAU a l\u2019\u00cdnter"},"content":{"rendered":"<p><a style=\"color: #2795b6; text-align: justify;\" href=\"https:\/\/agora.xtec.cat\/ins-intermunicipal\/wp-content\/uploads\/usu2220\/2025\/06\/6f345c91-e947-4049-9349-0aae5c6a7e52.png\"><img loading=\"lazy\" decoding=\"async\" class=\"alignleft wp-image-4913 size-medium\" src=\"https:\/\/agora.xtec.cat\/ins-intermunicipal\/wp-content\/uploads\/usu2220\/2025\/06\/6f345c91-e947-4049-9349-0aae5c6a7e52-300x225.png\" alt=\"\" width=\"300\" height=\"225\" srcset=\"https:\/\/agora.xtec.cat\/ins-intermunicipal\/wp-content\/uploads\/usu2220\/2025\/06\/6f345c91-e947-4049-9349-0aae5c6a7e52-300x225.png 300w, https:\/\/agora.xtec.cat\/ins-intermunicipal\/wp-content\/uploads\/usu2220\/2025\/06\/6f345c91-e947-4049-9349-0aae5c6a7e52-768x576.png 768w, https:\/\/agora.xtec.cat\/ins-intermunicipal\/wp-content\/uploads\/usu2220\/2025\/06\/6f345c91-e947-4049-9349-0aae5c6a7e52-200x150.png 200w, https:\/\/agora.xtec.cat\/ins-intermunicipal\/wp-content\/uploads\/usu2220\/2025\/06\/6f345c91-e947-4049-9349-0aae5c6a7e52.png 800w\" sizes=\"auto, (max-width: 300px) 100vw, 300px\" \/><\/a><\/p>\n<p align=\"justify\">Les Proves d\u2019Acc\u00e9s a la Universitat (PAU) nom\u00e9s s\u2019havien fet en una ocasi\u00f3 i de manera excepcional durant la pand\u00e8mia de la COVID-19 al nostre institut. Enguany, per\u00f2, i despr\u00e9s d\u2019haver-ho demanat a l\u2019Oficina d\u2019Acc\u00e9s a la Universitat, es va autoritzar l\u2019Institut Intermunicipal del Pened\u00e8s per a ser seu d\u2019un dels tribunals de les PAU de manera regular.<\/p>\n<p align=\"justify\">Ara que els alumnes ja han acabat les proves, podem dir que tot ha anat de manera molt satisfact\u00f2ria i que cap dels 216 alumnes que s\u2019han examinat ha hagut de patir cap incident. Estem segurs que tal com ha manifestat la presidenta del tribunal, el fet d\u2019examinar-se en un entorn conegut o proper ha rebaixat el nivell d\u2019estr\u00e8s de les noies i nois procedents del Col\u00b7legi Sant Josep, dels instituts de Gelida i de Masquefa i del nostre.<\/p>\n<p align=\"justify\">A m\u00e9s de tots aquests alumnes que hem acollit aquests dies, per les PAU a l\u2019Intermunicipal s\u2019han mobilitzat, entre membres del tribunal, vocals de centre i personal de l\u2019Intermunicipal, 35 persones que han garantit que tot funcion\u00e9s correctament. En aquest <a href=\"https:\/\/www.instagram.com\/reel\/DK88PCrJ7zR\/?utm_source=ig_web_copy_link&amp;igsh=MW9na3FqazMwNmV1eA==\" target=\"_blank\" rel=\"noopener\">enlla\u00e7 de R\u00e0dio Sant Sadurn\u00ed<\/a> podreu escoltar les valoracions finals de la presidenta del tribunal que com nosaltres est\u00e0 molt satisfeta de com s\u2019ha resolt tot el proc\u00e9s.<\/p>\n<p align=\"justify\">Ara ens queda, nom\u00e9s, desitjar que tots els alumnes assoleixin les qualificacions que els permetin accedir als estudis que volen fer.<\/p>\n","protected":false},"excerpt":{"rendered":"<p><a style=\"color: #2795b6; text-align: justify;\" href=\"https:\/\/agora.xtec.cat\/ins-intermunicipal\/wp-content\/uploads\/usu2220\/2025\/06\/6f345c91-e947-4049-9349-0aae5c6a7e52.png\"><\/a><br \/>\nLes Proves d\u2019Acc\u00e9s a la Universitat (PAU) nom\u00e9s s\u2019havien fet en una ocasi\u00f3 i de manera excepcional durant la pand\u00e8mia de la COVID-19 al nostre institut. Enguany, per\u00f2, i despr\u00e9s d\u2019haver-ho demanat a l\u2019Oficina d\u2019Acc\u00e9s a la Universitat, es va&hellip;  <a href=\"https:\/\/agora.xtec.cat\/ins-intermunicipal\/general\/estrena-amb-exit-de-les-pau-a-linter\/\" title=\"Read Estrena amb \u00e8xit de les PAU a l\u2019\u00cdnter\">Llegeix m\u00e9s\u00bb<\/a><\/p>\n","protected":false},"author":7,"featured_media":4913,"comment_status":"closed","ping_status":"open","sticky":false,"template":"","format":"standard","meta":{"_bbp_topic_count":0,"_bbp_reply_count":0,"_bbp_total_topic_count":0,"_bbp_total_reply_count":0,"_bbp_voice_count":0,"_bbp_anonymous_reply_count":0,"_bbp_topic_count_hidden":0,"_bbp_reply_count_hidden":0,"_bbp_forum_subforum_count":0,"footnotes":""},"categories":[107,8,1,29],"tags":[336,747,746,578,281],"class_list":["post-4936","post","type-post","status-publish","format-standard","has-post-thumbnail","hentry","category-bat2","category-bat","category-general","category-portada","tag-collegi-sant-josep","tag-institut-de-masquefa","tag-institut-gelida","tag-pau-2025","tag-tribunal"],"post_mailing_queue_ids":[],"_links":{"self":[{"href":"https:\/\/agora.xtec.cat\/ins-intermunicipal\/wp-json\/wp\/v2\/posts\/4936","targetHints":{"allow":["GET"]}}],"collection":[{"href":"https:\/\/agora.xtec.cat\/ins-intermunicipal\/wp-json\/wp\/v2\/posts"}],"about":[{"href":"https:\/\/agora.xtec.cat\/ins-intermunicipal\/wp-json\/wp\/v2\/types\/post"}],"author":[{"embeddable":true,"href":"https:\/\/agora.xtec.cat\/ins-intermunicipal\/wp-json\/wp\/v2\/users\/7"}],"replies":[{"embeddable":true,"href":"https:\/\/agora.xtec.cat\/ins-intermunicipal\/wp-json\/wp\/v2\/comments?post=4936"}],"version-history":[{"count":6,"href":"https:\/\/agora.xtec.cat\/ins-intermunicipal\/wp-json\/wp\/v2\/posts\/4936\/revisions"}],"predecessor-version":[{"id":4942,"href":"https:\/\/agora.xtec.cat\/ins-intermunicipal\/wp-json\/wp\/v2\/posts\/4936\/revisions\/4942"}],"wp:featuredmedia":[{"embeddable":true,"href":"https:\/\/agora.xtec.cat\/ins-intermunicipal\/wp-json\/wp\/v2\/media\/4913"}],"wp:attachment":[{"href":"https:\/\/agora.xtec.cat\/ins-intermunicipal\/wp-json\/wp\/v2\/media?parent=4936"}],"wp:term":[{"taxonomy":"category","embeddable":true,"href":"https:\/\/agora.xtec.cat\/ins-intermunicipal\/wp-json\/wp\/v2\/categories?post=4936"},{"taxonomy":"post_tag","embeddable":true,"href":"https:\/\/agora.xtec.cat\/ins-intermunicipal\/wp-json\/wp\/v2\/tags?post=4936"}],"curies":[{"name":"wp","href":"https:\/\/api.w.org\/{rel}","templated":true}]}}