{"id":4912,"date":"2025-06-11T12:46:20","date_gmt":"2025-06-11T10:46:20","guid":{"rendered":"https:\/\/agora.xtec.cat\/ins-intermunicipal\/?p=4912"},"modified":"2025-06-11T15:50:04","modified_gmt":"2025-06-11T13:50:04","slug":"comencen-les-pau-a-linter","status":"publish","type":"post","link":"https:\/\/agora.xtec.cat\/ins-intermunicipal\/general\/comencen-les-pau-a-linter\/","title":{"rendered":"Comencen les PAU a l&#8217;\u00cdnter"},"content":{"rendered":"<p align=\"justify\"><span style=\"color: #222222;\"><span style=\"font-family: Arial, Helvetica, sans-serif;\"><span style=\"font-size: medium;\"><a href=\"https:\/\/agora.xtec.cat\/ins-intermunicipal\/wp-content\/uploads\/usu2220\/2025\/06\/6f345c91-e947-4049-9349-0aae5c6a7e52.png\"><img loading=\"lazy\" decoding=\"async\" class=\"alignleft wp-image-4913 size-medium\" src=\"https:\/\/agora.xtec.cat\/ins-intermunicipal\/wp-content\/uploads\/usu2220\/2025\/06\/6f345c91-e947-4049-9349-0aae5c6a7e52-300x225.png\" alt=\"\" width=\"300\" height=\"225\" srcset=\"https:\/\/agora.xtec.cat\/ins-intermunicipal\/wp-content\/uploads\/usu2220\/2025\/06\/6f345c91-e947-4049-9349-0aae5c6a7e52-300x225.png 300w, https:\/\/agora.xtec.cat\/ins-intermunicipal\/wp-content\/uploads\/usu2220\/2025\/06\/6f345c91-e947-4049-9349-0aae5c6a7e52-768x576.png 768w, https:\/\/agora.xtec.cat\/ins-intermunicipal\/wp-content\/uploads\/usu2220\/2025\/06\/6f345c91-e947-4049-9349-0aae5c6a7e52-200x150.png 200w, https:\/\/agora.xtec.cat\/ins-intermunicipal\/wp-content\/uploads\/usu2220\/2025\/06\/6f345c91-e947-4049-9349-0aae5c6a7e52.png 800w\" sizes=\"auto, (max-width: 300px) 100vw, 300px\" \/><\/a>Sense cap entrebanc, avui han comen\u00e7at tamb\u00e9 a l\u2019Institut Intermunicipal del Pened\u00e8s les PAU 2025. Aquest mat\u00ed hem acollit \u00a0216 alumnes procedents de quatre centres, concretament de l\u2019Institut de Gelida, de l\u2019Institut de Masquefa, del Col\u00b7legi Sant Josep i de l\u2019Institut Intermunicipal del Pened\u00e8s, aquests dos \u00faltims de Sant Sadurn\u00ed d\u2019Anoia.<\/span><\/span><\/span><\/p>\n<p align=\"justify\">Des de R\u00e0dio Sant Sadurn\u00ed ho expliquen <a href=\"https:\/\/www.facebook.com\/reel\/4068264500081999\" target=\"_blank\" rel=\"noopener\">aqu\u00ed<\/a> i <a href=\"https:\/\/www.facebook.com\/share\/r\/16qCPQu6n3\/\" target=\"_blank\" rel=\"noopener\">aqu\u00ed<\/a>.<\/p>\n<p align=\"justify\">Desitgem a tots els alumnes que passin les PAU el millor possible i que assoleixin unes bones qualificacions!<\/p>\n","protected":false},"excerpt":{"rendered":"<p><a href=\"https:\/\/agora.xtec.cat\/ins-intermunicipal\/wp-content\/uploads\/usu2220\/2025\/06\/6f345c91-e947-4049-9349-0aae5c6a7e52.png\"><\/a>Sense cap entrebanc, avui han comen\u00e7at tamb\u00e9 a l\u2019Institut Intermunicipal del Pened\u00e8s les PAU 2025. Aquest mat\u00ed hem acollit \u00a0216 alumnes procedents de quatre centres, concretament de l\u2019Institut de Gelida, de l\u2019Institut de Masquefa, del Col\u00b7legi Sant Josep i de l\u2019Institut Intermunicipal del Pened\u00e8s,&hellip;  <a href=\"https:\/\/agora.xtec.cat\/ins-intermunicipal\/general\/comencen-les-pau-a-linter\/\" title=\"Read Comencen les PAU a l&#8217;\u00cdnter\">Llegeix m\u00e9s\u00bb<\/a><\/p>\n","protected":false},"author":7,"featured_media":4913,"comment_status":"closed","ping_status":"open","sticky":false,"template":"","format":"standard","meta":{"_bbp_topic_count":0,"_bbp_reply_count":0,"_bbp_total_topic_count":0,"_bbp_total_reply_count":0,"_bbp_voice_count":0,"_bbp_anonymous_reply_count":0,"_bbp_topic_count_hidden":0,"_bbp_reply_count_hidden":0,"_bbp_forum_subforum_count":0,"footnotes":""},"categories":[107,8,1,29],"tags":[336,747,746,578],"class_list":["post-4912","post","type-post","status-publish","format-standard","has-post-thumbnail","hentry","category-bat2","category-bat","category-general","category-portada","tag-collegi-sant-josep","tag-institut-de-masquefa","tag-institut-gelida","tag-pau-2025"],"post_mailing_queue_ids":[],"_links":{"self":[{"href":"https:\/\/agora.xtec.cat\/ins-intermunicipal\/wp-json\/wp\/v2\/posts\/4912","targetHints":{"allow":["GET"]}}],"collection":[{"href":"https:\/\/agora.xtec.cat\/ins-intermunicipal\/wp-json\/wp\/v2\/posts"}],"about":[{"href":"https:\/\/agora.xtec.cat\/ins-intermunicipal\/wp-json\/wp\/v2\/types\/post"}],"author":[{"embeddable":true,"href":"https:\/\/agora.xtec.cat\/ins-intermunicipal\/wp-json\/wp\/v2\/users\/7"}],"replies":[{"embeddable":true,"href":"https:\/\/agora.xtec.cat\/ins-intermunicipal\/wp-json\/wp\/v2\/comments?post=4912"}],"version-history":[{"count":4,"href":"https:\/\/agora.xtec.cat\/ins-intermunicipal\/wp-json\/wp\/v2\/posts\/4912\/revisions"}],"predecessor-version":[{"id":4917,"href":"https:\/\/agora.xtec.cat\/ins-intermunicipal\/wp-json\/wp\/v2\/posts\/4912\/revisions\/4917"}],"wp:featuredmedia":[{"embeddable":true,"href":"https:\/\/agora.xtec.cat\/ins-intermunicipal\/wp-json\/wp\/v2\/media\/4913"}],"wp:attachment":[{"href":"https:\/\/agora.xtec.cat\/ins-intermunicipal\/wp-json\/wp\/v2\/media?parent=4912"}],"wp:term":[{"taxonomy":"category","embeddable":true,"href":"https:\/\/agora.xtec.cat\/ins-intermunicipal\/wp-json\/wp\/v2\/categories?post=4912"},{"taxonomy":"post_tag","embeddable":true,"href":"https:\/\/agora.xtec.cat\/ins-intermunicipal\/wp-json\/wp\/v2\/tags?post=4912"}],"curies":[{"name":"wp","href":"https:\/\/api.w.org\/{rel}","templated":true}]}}