{"id":4872,"date":"2025-06-09T08:54:37","date_gmt":"2025-06-09T06:54:37","guid":{"rendered":"https:\/\/agora.xtec.cat\/ins-intermunicipal\/?p=4872"},"modified":"2025-06-09T08:54:37","modified_gmt":"2025-06-09T06:54:37","slug":"acte-de-presentacio-dels-projectes-cientifics-de-4t-deso","status":"publish","type":"post","link":"https:\/\/agora.xtec.cat\/ins-intermunicipal\/general\/acte-de-presentacio-dels-projectes-cientifics-de-4t-deso\/","title":{"rendered":"Acte de presentaci\u00f3 dels projectes cient\u00edfics de 4t d\u2019ESO"},"content":{"rendered":"<p align=\"justify\"><span style=\"color: #222222;\"><span style=\"font-family: Arial, sans-serif;\"><span style=\"font-size: large;\">L&#8217;<a href=\"https:\/\/vedrunasantsadurni.cat\/escola\/\" target=\"_blank\" rel=\"noopener\">Escola Vedruna <\/a><\/span><\/span><\/span><span style=\"color: #222222;\"><span style=\"font-family: Arial, sans-serif;\"><span style=\"font-size: large;\">de Sant Sadurn\u00ed d\u2019Anoia <\/span><\/span><\/span><span style=\"color: #222222;\"><span style=\"font-family: Arial, sans-serif;\"><span style=\"font-size: large;\">i <\/span><\/span><\/span><span style=\"color: #222222;\"><span style=\"font-family: Arial, sans-serif;\"><span style=\"font-size: large;\">l\u2019<\/span><\/span><\/span><span style=\"color: #222222;\"><span style=\"font-family: Arial, sans-serif;\"><span style=\"font-size: large;\">Institut <\/span><\/span><\/span><span style=\"color: #222222;\"><span style=\"font-family: Arial, sans-serif;\"><span style=\"font-size: large;\">Intermunicipal del Pened\u00e8s<\/span><\/span><\/span> <span style=\"color: #222222;\"><span style=\"font-family: Arial, sans-serif;\"><span style=\"font-size: large;\">h<\/span><\/span><\/span><span style=\"color: #222222;\"><span style=\"font-family: Arial, sans-serif;\"><span style=\"font-size: large;\">an<\/span><\/span><\/span><span style=\"color: #222222;\"><span style=\"font-family: Arial, sans-serif;\"><span style=\"font-size: large;\"> organitzat un acte a la <\/span><\/span><\/span><span style=\"color: #222222;\"><span style=\"font-family: Arial, sans-serif;\"><span style=\"font-size: large;\"><b>Capella de l\u2019\u00cdndex de Sant Sadurn\u00ed d\u2019Anoia<\/b><\/span><\/span><\/span> <span style=\"color: #222222;\"><span style=\"font-family: Arial, sans-serif;\"><span style=\"font-size: large;\">(C\/ Pompeu Fabra, 34) el dissabte <\/span><\/span><\/span><span style=\"color: #222222;\"><span style=\"font-family: Arial, sans-serif;\"><span style=\"font-size: large;\"><b>14 de juny d\u201911:00 h a 13:00 h <\/b><\/span><\/span><\/span><span style=\"color: #222222;\"><span style=\"font-family: Arial, sans-serif;\"><span style=\"font-size: large;\">per presentar els productes finals dels respectius projectes cient\u00edfics que es fan a 4t d\u2019ESO.<\/span><\/span><\/span><\/p>\n<p align=\"justify\"><span style=\"font-family: Arial, sans-serif; font-size: large;\">Amb l\u2019objectiu de crear una base de dades que s\u2019actualitzi en el temps i sigui accessible per a la comunitat cient\u00edfica, e<\/span><span style=\"color: #222222;\"><span style=\"font-family: Arial, sans-serif;\"><span style=\"font-size: large;\">ls alumnes han estudiat les diferents poblacions d\u2019orenetes, de vespa asi\u00e0tica i de l\u00edquens a Sant Sadurn\u00ed d\u2019Anoia. A m\u00e9s, han participat en el <a href=\"https:\/\/www.projecterius.cat\/front\" target=\"_blank\" rel=\"noopener\">Projecte Rius<\/a>, realitzant les campanyes de seguiment de tardor i primavera a la riera de Lavern\u00f3. Durant la jornada, els equips de voluntaris de cada projecte presentaran els resultats obtinguts.<\/span><\/span><\/span><\/p>\n<p align=\"justify\"><span style=\"color: #222222;\"><span style=\"font-family: Arial, sans-serif;\"><span style=\"font-size: large;\">Aprofitant l&#8217;avinentesa, un grup de 1r d\u2019ESO de l\u2019Escola Vedruna exposar\u00e0 el projecte Natura Viva dins del marc de Ci\u00e8ncia Ciutadana.\u00a0<\/span><\/span><\/span><\/p>\n<p align=\"justify\"><span style=\"color: #222222;\"><span style=\"font-family: Arial, sans-serif;\"><span style=\"font-size: large;\">Aquest acte posa fi a un seguit d\u2019activitats que diferents entitats, escoles i l\u2019Ajuntament de Sant Sadurn\u00ed d\u2019Anoia han organitzat en el marc de la Setmana de la Natura 2025.<\/span><\/span><\/span><\/p>\n<p align=\"justify\"><span style=\"color: #222222;\"><span style=\"font-family: Arial, sans-serif;\"><span style=\"font-size: large;\">Per aquest motiu, us fem extensiva la invitaci\u00f3 a l\u2019acte i us animem a venir per con\u00e8ixer de primera m\u00e0 l\u2019entorn natural que ens envolta. Despr\u00e9s de les pon\u00e8ncies, s\u2019oferir\u00e0 un piscolabis per a tots els assistents. <\/span><\/span><\/span><span style=\"color: #222222;\"><span style=\"font-family: Arial, sans-serif;\"><span style=\"font-size: large;\">Us hi esperem!<\/span><\/span><\/span><\/p>\n<p align=\"justify\"><a href=\"https:\/\/agora.xtec.cat\/ins-intermunicipal\/wp-content\/uploads\/usu2220\/2025\/06\/Logotip_ADF.png\"><img loading=\"lazy\" decoding=\"async\" class=\"alignleft wp-image-4875 size-thumbnail\" src=\"https:\/\/agora.xtec.cat\/ins-intermunicipal\/wp-content\/uploads\/usu2220\/2025\/06\/Logotip_ADF-150x150.png\" alt=\"\" width=\"150\" height=\"150\" \/><\/a> <a href=\"https:\/\/agora.xtec.cat\/ins-intermunicipal\/wp-content\/uploads\/usu2220\/2025\/06\/Logotip_Ajuntament_SantSadurni.png\"><img loading=\"lazy\" decoding=\"async\" class=\"alignleft wp-image-4876 size-medium\" src=\"https:\/\/agora.xtec.cat\/ins-intermunicipal\/wp-content\/uploads\/usu2220\/2025\/06\/Logotip_Ajuntament_SantSadurni-300x200.png\" alt=\"\" width=\"300\" height=\"200\" srcset=\"https:\/\/agora.xtec.cat\/ins-intermunicipal\/wp-content\/uploads\/usu2220\/2025\/06\/Logotip_Ajuntament_SantSadurni-300x200.png 300w, https:\/\/agora.xtec.cat\/ins-intermunicipal\/wp-content\/uploads\/usu2220\/2025\/06\/Logotip_Ajuntament_SantSadurni-1024x683.png 1024w, https:\/\/agora.xtec.cat\/ins-intermunicipal\/wp-content\/uploads\/usu2220\/2025\/06\/Logotip_Ajuntament_SantSadurni-768x512.png 768w, https:\/\/agora.xtec.cat\/ins-intermunicipal\/wp-content\/uploads\/usu2220\/2025\/06\/Logotip_Ajuntament_SantSadurni.png 1200w\" sizes=\"auto, (max-width: 300px) 100vw, 300px\" \/><\/a> <a href=\"https:\/\/agora.xtec.cat\/ins-intermunicipal\/wp-content\/uploads\/usu2220\/2025\/06\/Logotip_AssiciacioHabitats.png\"><img loading=\"lazy\" decoding=\"async\" class=\"size-full wp-image-4877 alignleft\" src=\"https:\/\/agora.xtec.cat\/ins-intermunicipal\/wp-content\/uploads\/usu2220\/2025\/06\/Logotip_AssiciacioHabitats.png\" alt=\"\" width=\"225\" height=\"225\" srcset=\"https:\/\/agora.xtec.cat\/ins-intermunicipal\/wp-content\/uploads\/usu2220\/2025\/06\/Logotip_AssiciacioHabitats.png 225w, https:\/\/agora.xtec.cat\/ins-intermunicipal\/wp-content\/uploads\/usu2220\/2025\/06\/Logotip_AssiciacioHabitats-150x150.png 150w\" sizes=\"auto, (max-width: 225px) 100vw, 225px\" \/><\/a> <a href=\"https:\/\/agora.xtec.cat\/ins-intermunicipal\/wp-content\/uploads\/usu2220\/2025\/06\/logotip_CREAF.png\"><img loading=\"lazy\" decoding=\"async\" class=\"alignleft wp-image-4878 size-medium\" src=\"https:\/\/agora.xtec.cat\/ins-intermunicipal\/wp-content\/uploads\/usu2220\/2025\/06\/logotip_CREAF-300x111.png\" alt=\"\" width=\"300\" height=\"111\" srcset=\"https:\/\/agora.xtec.cat\/ins-intermunicipal\/wp-content\/uploads\/usu2220\/2025\/06\/logotip_CREAF-300x111.png 300w, https:\/\/agora.xtec.cat\/ins-intermunicipal\/wp-content\/uploads\/usu2220\/2025\/06\/logotip_CREAF-768x284.png 768w, https:\/\/agora.xtec.cat\/ins-intermunicipal\/wp-content\/uploads\/usu2220\/2025\/06\/logotip_CREAF.png 810w\" sizes=\"auto, (max-width: 300px) 100vw, 300px\" \/><\/a> <a href=\"https:\/\/agora.xtec.cat\/ins-intermunicipal\/wp-content\/uploads\/usu2220\/2025\/06\/Logotip_ICO.png\"><img loading=\"lazy\" decoding=\"async\" class=\"alignleft wp-image-4879 size-thumbnail\" src=\"https:\/\/agora.xtec.cat\/ins-intermunicipal\/wp-content\/uploads\/usu2220\/2025\/06\/Logotip_ICO-150x150.png\" alt=\"\" width=\"150\" height=\"150\" srcset=\"https:\/\/agora.xtec.cat\/ins-intermunicipal\/wp-content\/uploads\/usu2220\/2025\/06\/Logotip_ICO-150x150.png 150w, https:\/\/agora.xtec.cat\/ins-intermunicipal\/wp-content\/uploads\/usu2220\/2025\/06\/Logotip_ICO-300x300.png 300w, https:\/\/agora.xtec.cat\/ins-intermunicipal\/wp-content\/uploads\/usu2220\/2025\/06\/Logotip_ICO.png 320w\" sizes=\"auto, (max-width: 150px) 100vw, 150px\" \/><\/a><\/p>\n<p><a href=\"https:\/\/agora.xtec.cat\/ins-intermunicipal\/wp-content\/uploads\/usu2220\/2025\/06\/Logotip-entorns_Fons-blanc.png\"><img loading=\"lazy\" decoding=\"async\" class=\"alignleft wp-image-4874 size-medium\" src=\"https:\/\/agora.xtec.cat\/ins-intermunicipal\/wp-content\/uploads\/usu2220\/2025\/06\/Logotip-entorns_Fons-blanc-300x163.png\" alt=\"\" width=\"300\" height=\"163\" srcset=\"https:\/\/agora.xtec.cat\/ins-intermunicipal\/wp-content\/uploads\/usu2220\/2025\/06\/Logotip-entorns_Fons-blanc-300x163.png 300w, https:\/\/agora.xtec.cat\/ins-intermunicipal\/wp-content\/uploads\/usu2220\/2025\/06\/Logotip-entorns_Fons-blanc.png 500w\" sizes=\"auto, (max-width: 300px) 100vw, 300px\" \/><\/a><\/p>\n","protected":false},"excerpt":{"rendered":"<p>L&#8217;<a href=\"https:\/\/vedrunasantsadurni.cat\/escola\/\" target=\"_blank\" rel=\"noopener\">Escola Vedruna <\/a>de Sant Sadurn\u00ed d\u2019Anoia i l\u2019Institut Intermunicipal del Pened\u00e8s han organitzat un acte a la Capella de l\u2019\u00cdndex de Sant Sadurn\u00ed d\u2019Anoia (C\/ Pompeu Fabra, 34) el dissabte 14 de juny d\u201911:00 h a 13:00 h per presentar els productes&hellip;  <a href=\"https:\/\/agora.xtec.cat\/ins-intermunicipal\/general\/acte-de-presentacio-dels-projectes-cientifics-de-4t-deso\/\" title=\"Read Acte de presentaci\u00f3 dels projectes cient\u00edfics de 4t d\u2019ESO\">Llegeix m\u00e9s\u00bb<\/a><\/p>\n","protected":false},"author":7,"featured_media":4874,"comment_status":"closed","ping_status":"open","sticky":false,"template":"","format":"standard","meta":{"_bbp_topic_count":0,"_bbp_reply_count":0,"_bbp_total_topic_count":0,"_bbp_total_reply_count":0,"_bbp_voice_count":0,"_bbp_anonymous_reply_count":0,"_bbp_topic_count_hidden":0,"_bbp_reply_count_hidden":0,"_bbp_forum_subforum_count":0,"footnotes":""},"categories":[7,3,1,29],"tags":[739,706,738,648,485,740,737,545,741],"class_list":["post-4872","post","type-post","status-publish","format-standard","has-post-thumbnail","hentry","category-4eso","category-eso","category-general","category-portada","tag-adf","tag-ajuntament-de-sant-sadurni-danoia","tag-associacio-habitats","tag-creaf","tag-entorns-de-natura","tag-escola-vedruna","tag-ico","tag-projecte-rius","tag-setmana-de-la-natura-2025"],"post_mailing_queue_ids":[],"_links":{"self":[{"href":"https:\/\/agora.xtec.cat\/ins-intermunicipal\/wp-json\/wp\/v2\/posts\/4872","targetHints":{"allow":["GET"]}}],"collection":[{"href":"https:\/\/agora.xtec.cat\/ins-intermunicipal\/wp-json\/wp\/v2\/posts"}],"about":[{"href":"https:\/\/agora.xtec.cat\/ins-intermunicipal\/wp-json\/wp\/v2\/types\/post"}],"author":[{"embeddable":true,"href":"https:\/\/agora.xtec.cat\/ins-intermunicipal\/wp-json\/wp\/v2\/users\/7"}],"replies":[{"embeddable":true,"href":"https:\/\/agora.xtec.cat\/ins-intermunicipal\/wp-json\/wp\/v2\/comments?post=4872"}],"version-history":[{"count":2,"href":"https:\/\/agora.xtec.cat\/ins-intermunicipal\/wp-json\/wp\/v2\/posts\/4872\/revisions"}],"predecessor-version":[{"id":4880,"href":"https:\/\/agora.xtec.cat\/ins-intermunicipal\/wp-json\/wp\/v2\/posts\/4872\/revisions\/4880"}],"wp:featuredmedia":[{"embeddable":true,"href":"https:\/\/agora.xtec.cat\/ins-intermunicipal\/wp-json\/wp\/v2\/media\/4874"}],"wp:attachment":[{"href":"https:\/\/agora.xtec.cat\/ins-intermunicipal\/wp-json\/wp\/v2\/media?parent=4872"}],"wp:term":[{"taxonomy":"category","embeddable":true,"href":"https:\/\/agora.xtec.cat\/ins-intermunicipal\/wp-json\/wp\/v2\/categories?post=4872"},{"taxonomy":"post_tag","embeddable":true,"href":"https:\/\/agora.xtec.cat\/ins-intermunicipal\/wp-json\/wp\/v2\/tags?post=4872"}],"curies":[{"name":"wp","href":"https:\/\/api.w.org\/{rel}","templated":true}]}}