{"id":4864,"date":"2025-06-05T09:06:56","date_gmt":"2025-06-05T07:06:56","guid":{"rendered":"https:\/\/agora.xtec.cat\/ins-intermunicipal\/?p=4864"},"modified":"2025-06-05T09:07:25","modified_gmt":"2025-06-05T07:07:25","slug":"6-de-juny-subhasta-benefica-del-projecte-solidart","status":"publish","type":"post","link":"https:\/\/agora.xtec.cat\/ins-intermunicipal\/general\/6-de-juny-subhasta-benefica-del-projecte-solidart\/","title":{"rendered":"6 de juny: subhasta ben\u00e8fica del Projecte SolidArt"},"content":{"rendered":"<p align=\"justify\"><span style=\"font-family: Arial, sans-serif;\"><a href=\"https:\/\/agora.xtec.cat\/ins-intermunicipal\/wp-content\/uploads\/usu2220\/2025\/06\/CARTELL-SOLIDART-SUBHASTA-25-scaled-e1749107082116.jpg\"><img loading=\"lazy\" decoding=\"async\" class=\"alignleft wp-image-4865 size-medium\" src=\"https:\/\/agora.xtec.cat\/ins-intermunicipal\/wp-content\/uploads\/usu2220\/2025\/06\/CARTELL-SOLIDART-SUBHASTA-25-212x300.jpg\" alt=\"\" width=\"212\" height=\"300\" \/><\/a>L&#8217;alumnat de 3r d&#8217;ESO ens recorda que aquest divendres 6 de juny a les 7 de la tarda ens esperen a l&#8217;aparcament del Centre per inaugurar el mural que han pintat els alumnes d&#8217;Expressi\u00f3 Art\u00edstica de 4t d&#8217;ESO i per fer la <strong>subhasta ben\u00e8fica<\/strong> final del projecte SolidArt.<\/span><\/p>\n<p align=\"justify\"><span style=\"font-family: Arial, sans-serif;\"><a href=\"https:\/\/agora.xtec.cat\/ins-intermunicipal\/general\/solidart-2024-2025\/\" target=\"_blank\" rel=\"noopener\">SolidArt<\/a> \u00e9s una iniciativa que e<\/span><span style=\"font-family: Arial, sans-serif;\">l<\/span><span style=\"font-family: Arial, sans-serif;\">s ha perm\u00e8s utilitzar l\u2019art per ajudar una entitat solid\u00e0ria, en aquest cas <\/span><span style=\"font-family: Arial, sans-serif;\">l\u2019entitat escollida ha estat <\/span><span style=\"font-family: Arial, sans-serif;\"><a href=\"https:\/\/www.ampert.org\/\" target=\"_blank\" rel=\"noopener\">AMPERT<\/a>, l\u2019associaci\u00f3 que acompanya pacients oncol\u00f2gics i les seves fam\u00edlies durant tot el proc\u00e9s <\/span><span style=\"font-family: Arial, sans-serif;\">de la malaltia. Per tant<\/span><span style=\"font-family: Arial, sans-serif;\">, <\/span><span style=\"font-family: Arial, sans-serif;\">els diners recollits a la subhasta<\/span> <span style=\"font-family: Arial, sans-serif;\">de les creacions art\u00edstiques <\/span><span style=\"font-family: Arial, sans-serif;\">aniran destinats <\/span><span style=\"font-family: Arial, sans-serif;\">a AMPERT.<\/span><\/p>\n<p align=\"justify\"><span style=\"font-family: Arial, sans-serif;\">Aquest divendres <\/span><span style=\"font-family: Arial, sans-serif;\">es donar\u00e0<\/span><span style=\"font-family: Arial, sans-serif;\"> per acabat el projecte <\/span><span style=\"font-family: Arial, sans-serif;\">SolidArt<\/span><span style=\"font-family: Arial, sans-serif;\"> i <\/span><span style=\"font-family: Arial, sans-serif;\">ens hi conviden a anar-hi i participar en la subhasta a m\u00e9s de<\/span><span style=\"font-family: Arial, sans-serif;\"> gaudir de l<\/span><span style=\"font-family: Arial, sans-serif;\">es obres <\/span><span style=\"font-family: Arial, sans-serif;\">art<\/span><span style=\"font-family: Arial, sans-serif;\">\u00edstiques<\/span><span style=\"font-family: Arial, sans-serif;\"> crea<\/span><span style=\"font-family: Arial, sans-serif;\">des pels alumnes i<\/span><span style=\"font-family: Arial, sans-serif;\"> col\u00b7laborar en <\/span><span style=\"font-family: Arial, sans-serif;\">una<\/span><span style=\"font-family: Arial, sans-serif;\"> bonica iniciativa. Us hi espere<\/span><span style=\"font-family: Arial, sans-serif;\">n<\/span><span style=\"font-family: Arial, sans-serif;\"> amb molta il\u00b7lusi\u00f3!<\/span><\/p>\n","protected":false},"excerpt":{"rendered":"<p><a href=\"https:\/\/agora.xtec.cat\/ins-intermunicipal\/wp-content\/uploads\/usu2220\/2025\/06\/CARTELL-SOLIDART-SUBHASTA-25-scaled-e1749107082116.jpg\"><\/a>L&#8217;alumnat de 3r d&#8217;ESO ens recorda que aquest divendres 6 de juny a les 7 de la tarda ens esperen a l&#8217;aparcament del Centre per inaugurar el mural que han pintat els alumnes d&#8217;Expressi\u00f3 Art\u00edstica de 4t d&#8217;ESO i per fer la subhasta ben\u00e8fica&hellip;  <a href=\"https:\/\/agora.xtec.cat\/ins-intermunicipal\/general\/6-de-juny-subhasta-benefica-del-projecte-solidart\/\" title=\"Read 6 de juny: subhasta ben\u00e8fica del Projecte SolidArt\">Llegeix m\u00e9s\u00bb<\/a><\/p>\n","protected":false},"author":7,"featured_media":4865,"comment_status":"closed","ping_status":"open","sticky":false,"template":"","format":"standard","meta":{"_bbp_topic_count":0,"_bbp_reply_count":0,"_bbp_total_topic_count":0,"_bbp_total_reply_count":0,"_bbp_voice_count":0,"_bbp_anonymous_reply_count":0,"_bbp_topic_count_hidden":0,"_bbp_reply_count_hidden":0,"_bbp_forum_subforum_count":0,"footnotes":""},"categories":[6,7,3,1,29],"tags":[584,479,473],"class_list":["post-4864","post","type-post","status-publish","format-standard","has-post-thumbnail","hentry","category-3eso","category-4eso","category-eso","category-general","category-portada","tag-ampert","tag-projecte-solidart","tag-subhasta"],"post_mailing_queue_ids":[],"_links":{"self":[{"href":"https:\/\/agora.xtec.cat\/ins-intermunicipal\/wp-json\/wp\/v2\/posts\/4864","targetHints":{"allow":["GET"]}}],"collection":[{"href":"https:\/\/agora.xtec.cat\/ins-intermunicipal\/wp-json\/wp\/v2\/posts"}],"about":[{"href":"https:\/\/agora.xtec.cat\/ins-intermunicipal\/wp-json\/wp\/v2\/types\/post"}],"author":[{"embeddable":true,"href":"https:\/\/agora.xtec.cat\/ins-intermunicipal\/wp-json\/wp\/v2\/users\/7"}],"replies":[{"embeddable":true,"href":"https:\/\/agora.xtec.cat\/ins-intermunicipal\/wp-json\/wp\/v2\/comments?post=4864"}],"version-history":[{"count":2,"href":"https:\/\/agora.xtec.cat\/ins-intermunicipal\/wp-json\/wp\/v2\/posts\/4864\/revisions"}],"predecessor-version":[{"id":4867,"href":"https:\/\/agora.xtec.cat\/ins-intermunicipal\/wp-json\/wp\/v2\/posts\/4864\/revisions\/4867"}],"wp:featuredmedia":[{"embeddable":true,"href":"https:\/\/agora.xtec.cat\/ins-intermunicipal\/wp-json\/wp\/v2\/media\/4865"}],"wp:attachment":[{"href":"https:\/\/agora.xtec.cat\/ins-intermunicipal\/wp-json\/wp\/v2\/media?parent=4864"}],"wp:term":[{"taxonomy":"category","embeddable":true,"href":"https:\/\/agora.xtec.cat\/ins-intermunicipal\/wp-json\/wp\/v2\/categories?post=4864"},{"taxonomy":"post_tag","embeddable":true,"href":"https:\/\/agora.xtec.cat\/ins-intermunicipal\/wp-json\/wp\/v2\/tags?post=4864"}],"curies":[{"name":"wp","href":"https:\/\/api.w.org\/{rel}","templated":true}]}}