{"id":4854,"date":"2025-06-05T08:28:39","date_gmt":"2025-06-05T06:28:39","guid":{"rendered":"https:\/\/agora.xtec.cat\/ins-intermunicipal\/?p=4854"},"modified":"2025-06-05T08:29:26","modified_gmt":"2025-06-05T06:29:26","slug":"continua-el-pla-de-lectura-municipal","status":"publish","type":"post","link":"https:\/\/agora.xtec.cat\/ins-intermunicipal\/general\/continua-el-pla-de-lectura-municipal\/","title":{"rendered":"Continua el Pla de Lectura Municipal"},"content":{"rendered":"<p align=\"justify\"><span style=\"color: #000000;\"><span style=\"font-family: Arial, sans-serif;\"><span style=\"font-size: medium;\"><a href=\"https:\/\/agora.xtec.cat\/ins-intermunicipal\/wp-content\/uploads\/usu2220\/2025\/06\/SALA-ADULTS-2-e1749104799796.jpg\"><img loading=\"lazy\" decoding=\"async\" class=\"alignleft wp-image-4856 \" src=\"https:\/\/agora.xtec.cat\/ins-intermunicipal\/wp-content\/uploads\/usu2220\/2025\/06\/SALA-ADULTS-2-300x169.jpg\" alt=\"\" width=\"396\" height=\"223\" \/><\/a>Dins el Pla de Lectura Municipal de Sant Sadurn\u00ed d&#8217;Anoia, i per donar continu\u00eftat a la feina comen\u00e7ada el <\/span><\/span><\/span><a href=\"https:\/\/agora.xtec.cat\/ins-intermunicipal\/general\/linstitut-intermunicipal-amb-el-pla-de-lectura-municipal\/\"><span style=\"color: #000080;\"><span style=\"font-family: Arial, sans-serif;\"><span style=\"font-size: medium;\"><u>dimarts 1 d&#8217;abril<\/u><\/span><\/span><\/span><\/a><span style=\"color: #000000;\"><span style=\"font-family: Arial, sans-serif;\"><span style=\"font-size: medium;\">, un cop revisades les propostes rebudes en relaci\u00f3 a la promoci\u00f3 i foment de la lectura, durant el mes de juny es convoca la segona tanda de reunions per treballar en quatre l\u00ednies estrat\u00e8giques que vertebraran el pla, que s\u00f3n:\u00a0<\/span><\/span><\/span><\/p>\n<p align=\"justify\"><span style=\"color: #000000;\"><span style=\"font-family: Arial, sans-serif;\"><span style=\"font-size: medium;\">&#8211; Fer de la lectura un acte compartit entre edats i col\u00b7lectius diversos.<\/span><\/span><\/span><\/p>\n<p align=\"justify\"><span style=\"color: #000000;\"><span style=\"font-family: Arial, sans-serif;\"><span style=\"font-size: medium;\">&#8211; Donar valor al fons, als autors i als talents locals.<\/span><\/span><\/span><\/p>\n<p align=\"justify\"><span style=\"color: #000000;\"><span style=\"font-family: Arial, sans-serif;\"><span style=\"font-size: medium;\">&#8211; Estendre la pres\u00e8ncia de la lectura per fomentar l\u2019h\u00e0bit lector de tots els habitants.<\/span><\/span><\/span><\/p>\n<p align=\"justify\"><span style=\"color: #000000;\"><span style=\"font-family: Arial, sans-serif;\"><span style=\"font-size: medium;\">&#8211; Potenciar l\u2019aprenentatge continuat al llarg de totes les etapes vitals.<\/span><\/span><\/span><\/p>\n<p align=\"justify\"><span style=\"color: #000000;\"><span style=\"font-family: Arial, sans-serif;\"><span style=\"font-size: medium;\">Aquestes quatre l\u00ednies de treball tenen com a objectiu incloure totes les activitats que ja es duen a terme i impulsar noves activitats que hi estiguin relacionades; alhora, totes tindran una mirada que vetllar\u00e0 per la inclusi\u00f3, la igualtat i el foment de la llengua catalana, i seran tan intergeneracionals com sigui possible.<\/span><\/span><\/span><\/p>\n<p align=\"justify\"><span style=\"color: #000000;\"><span style=\"font-family: Arial, sans-serif;\"><span style=\"font-size: medium;\">En aquestes sessions, l\u2019Institut Intermunicipal del Pened\u00e8s hi participa, amb professorat d\u2019ESO, batxillerat i FP, juntament amb altres institucions i entitats del municipi.<\/span><\/span><\/span><\/p>\n<p align=\"justify\">\n","protected":false},"excerpt":{"rendered":"<p><a href=\"https:\/\/agora.xtec.cat\/ins-intermunicipal\/wp-content\/uploads\/usu2220\/2025\/06\/SALA-ADULTS-2-e1749104799796.jpg\"><\/a>Dins el Pla de Lectura Municipal de Sant Sadurn\u00ed d&#8217;Anoia, i per donar continu\u00eftat a la feina comen\u00e7ada el <a href=\"https:\/\/agora.xtec.cat\/ins-intermunicipal\/general\/linstitut-intermunicipal-amb-el-pla-de-lectura-municipal\/\">dimarts 1 d&#8217;abril<\/a>, un cop revisades les propostes rebudes en relaci\u00f3 a la promoci\u00f3 i foment de la lectura, durant el mes de juny&hellip;  <a href=\"https:\/\/agora.xtec.cat\/ins-intermunicipal\/general\/continua-el-pla-de-lectura-municipal\/\" title=\"Read Continua el Pla de Lectura Municipal\">Llegeix m\u00e9s\u00bb<\/a><\/p>\n","protected":false},"author":7,"featured_media":4856,"comment_status":"closed","ping_status":"open","sticky":false,"template":"","format":"standard","meta":{"_bbp_topic_count":0,"_bbp_reply_count":0,"_bbp_total_topic_count":0,"_bbp_total_reply_count":0,"_bbp_voice_count":0,"_bbp_anonymous_reply_count":0,"_bbp_topic_count_hidden":0,"_bbp_reply_count_hidden":0,"_bbp_forum_subforum_count":0,"footnotes":""},"categories":[8,3,30,1,29],"tags":[270,664],"class_list":["post-4854","post","type-post","status-publish","format-standard","has-post-thumbnail","hentry","category-bat","category-eso","category-formacio-professional","category-general","category-portada","tag-lectura","tag-pla-de-lectura-municipal"],"post_mailing_queue_ids":[],"_links":{"self":[{"href":"https:\/\/agora.xtec.cat\/ins-intermunicipal\/wp-json\/wp\/v2\/posts\/4854","targetHints":{"allow":["GET"]}}],"collection":[{"href":"https:\/\/agora.xtec.cat\/ins-intermunicipal\/wp-json\/wp\/v2\/posts"}],"about":[{"href":"https:\/\/agora.xtec.cat\/ins-intermunicipal\/wp-json\/wp\/v2\/types\/post"}],"author":[{"embeddable":true,"href":"https:\/\/agora.xtec.cat\/ins-intermunicipal\/wp-json\/wp\/v2\/users\/7"}],"replies":[{"embeddable":true,"href":"https:\/\/agora.xtec.cat\/ins-intermunicipal\/wp-json\/wp\/v2\/comments?post=4854"}],"version-history":[{"count":4,"href":"https:\/\/agora.xtec.cat\/ins-intermunicipal\/wp-json\/wp\/v2\/posts\/4854\/revisions"}],"predecessor-version":[{"id":4859,"href":"https:\/\/agora.xtec.cat\/ins-intermunicipal\/wp-json\/wp\/v2\/posts\/4854\/revisions\/4859"}],"wp:featuredmedia":[{"embeddable":true,"href":"https:\/\/agora.xtec.cat\/ins-intermunicipal\/wp-json\/wp\/v2\/media\/4856"}],"wp:attachment":[{"href":"https:\/\/agora.xtec.cat\/ins-intermunicipal\/wp-json\/wp\/v2\/media?parent=4854"}],"wp:term":[{"taxonomy":"category","embeddable":true,"href":"https:\/\/agora.xtec.cat\/ins-intermunicipal\/wp-json\/wp\/v2\/categories?post=4854"},{"taxonomy":"post_tag","embeddable":true,"href":"https:\/\/agora.xtec.cat\/ins-intermunicipal\/wp-json\/wp\/v2\/tags?post=4854"}],"curies":[{"name":"wp","href":"https:\/\/api.w.org\/{rel}","templated":true}]}}