{"id":4849,"date":"2025-06-04T13:41:12","date_gmt":"2025-06-04T11:41:12","guid":{"rendered":"https:\/\/agora.xtec.cat\/ins-intermunicipal\/?p=4849"},"modified":"2025-06-18T09:34:04","modified_gmt":"2025-06-18T07:34:04","slug":"horari-especial-de-classes-eso-bat-del-9-al-20-de-juny-2025","status":"publish","type":"post","link":"https:\/\/agora.xtec.cat\/ins-intermunicipal\/eso\/horari-especial-de-classes-eso-bat-del-9-al-20-de-juny-2025\/","title":{"rendered":"Horari especial de classes ESO\/BAT del 9 al 20 de juny 2025"},"content":{"rendered":"<p>Benvolgudes fam\u00edlies ESO i BAT,<\/p>\n<p>Us comuniquem que del dilluns 9 de juny al divendres 20 de juny en el centre farem horari redu\u00eft que ser\u00e0 el seg\u00fcent:<\/p>\n<ul>\n<li>Del 9 al 19 de juny de 08:30 a 13:00<\/li>\n<li>20 de juny de 8:30 a 10:00<\/li>\n<\/ul>\n<p>Teniu en compte si us plau que l&#8217;horari de transport escolar s&#8217;adaptar\u00e0 a aquestes franges hor\u00e0ries especials.<\/p>\n<p>Qualsevol pregunta no dubteu a contactar amb nosaltres.<\/p>\n<p>Equip Directiu<br \/>\nInstitut Intermunicipal del Pened\u00e8s<\/p>\n","protected":false},"excerpt":{"rendered":"<p>Benvolgudes fam\u00edlies ESO i BAT,<br \/>\nUs comuniquem que del dilluns 9 de juny al divendres 20 de juny en el centre farem horari redu\u00eft que ser\u00e0 el seg\u00fcent:<\/p>\n<ul>\n<li>Del 9 al 19 de juny de 08:30 a 13:00<\/li>\n<li>20 de juny de 8:30 a 10:00<\/li>\n<\/ul>\n<p>Teniu en compte si&hellip;  <a href=\"https:\/\/agora.xtec.cat\/ins-intermunicipal\/eso\/horari-especial-de-classes-eso-bat-del-9-al-20-de-juny-2025\/\" title=\"Read Horari especial de classes ESO\/BAT del 9 al 20 de juny 2025\">Llegeix m\u00e9s\u00bb<\/a><\/p>\n","protected":false},"author":6,"featured_media":4850,"comment_status":"closed","ping_status":"open","sticky":false,"template":"","format":"standard","meta":{"_bbp_topic_count":0,"_bbp_reply_count":0,"_bbp_total_topic_count":0,"_bbp_total_reply_count":0,"_bbp_voice_count":0,"_bbp_anonymous_reply_count":0,"_bbp_topic_count_hidden":0,"_bbp_reply_count_hidden":0,"_bbp_forum_subforum_count":0,"footnotes":""},"categories":[8,3,29],"tags":[],"class_list":["post-4849","post","type-post","status-publish","format-standard","has-post-thumbnail","hentry","category-bat","category-eso","category-portada"],"post_mailing_queue_ids":[],"_links":{"self":[{"href":"https:\/\/agora.xtec.cat\/ins-intermunicipal\/wp-json\/wp\/v2\/posts\/4849","targetHints":{"allow":["GET"]}}],"collection":[{"href":"https:\/\/agora.xtec.cat\/ins-intermunicipal\/wp-json\/wp\/v2\/posts"}],"about":[{"href":"https:\/\/agora.xtec.cat\/ins-intermunicipal\/wp-json\/wp\/v2\/types\/post"}],"author":[{"embeddable":true,"href":"https:\/\/agora.xtec.cat\/ins-intermunicipal\/wp-json\/wp\/v2\/users\/6"}],"replies":[{"embeddable":true,"href":"https:\/\/agora.xtec.cat\/ins-intermunicipal\/wp-json\/wp\/v2\/comments?post=4849"}],"version-history":[{"count":1,"href":"https:\/\/agora.xtec.cat\/ins-intermunicipal\/wp-json\/wp\/v2\/posts\/4849\/revisions"}],"predecessor-version":[{"id":4851,"href":"https:\/\/agora.xtec.cat\/ins-intermunicipal\/wp-json\/wp\/v2\/posts\/4849\/revisions\/4851"}],"wp:featuredmedia":[{"embeddable":true,"href":"https:\/\/agora.xtec.cat\/ins-intermunicipal\/wp-json\/wp\/v2\/media\/4850"}],"wp:attachment":[{"href":"https:\/\/agora.xtec.cat\/ins-intermunicipal\/wp-json\/wp\/v2\/media?parent=4849"}],"wp:term":[{"taxonomy":"category","embeddable":true,"href":"https:\/\/agora.xtec.cat\/ins-intermunicipal\/wp-json\/wp\/v2\/categories?post=4849"},{"taxonomy":"post_tag","embeddable":true,"href":"https:\/\/agora.xtec.cat\/ins-intermunicipal\/wp-json\/wp\/v2\/tags?post=4849"}],"curies":[{"name":"wp","href":"https:\/\/api.w.org\/{rel}","templated":true}]}}