{"id":4841,"date":"2025-06-02T15:19:45","date_gmt":"2025-06-02T13:19:45","guid":{"rendered":"https:\/\/agora.xtec.cat\/ins-intermunicipal\/?p=4841"},"modified":"2025-06-04T15:11:09","modified_gmt":"2025-06-04T13:11:09","slug":"gerard-farre-assoleix-el-tercer-lloc-a-les-catskill","status":"publish","type":"post","link":"https:\/\/agora.xtec.cat\/ins-intermunicipal\/general\/gerard-farre-assoleix-el-tercer-lloc-a-les-catskill\/","title":{"rendered":"Gerard Farr\u00e9 assoleix el tercer lloc a les Catskills"},"content":{"rendered":"<p>L&#8217;alumne del CFGM de Farm\u00e0cia i Parafarm\u00e0cia Gerard Farr\u00e9 Jim\u00e9nez, del nostre institut, va assolir dijous passat el tercer lloc de les proves CatSkills del grup de farm\u00e0cia celebrades a l&#8217;IES Baix Camp a Reus. Les proves Catskills s\u00f3n considerades com les olimp\u00edades d&#8217;FP. El jurat va recon\u00e8ixer la seva professionalitat i destresa. En les proves celebrades a Reus hi van participar un total de 10 centres educatius que imparteixen Formaci\u00f3 Professional. Volem felicitar el Gerard per haver de deixar en un excel\u00b7lent lloc el nostre institut i fer valer la nostra qualitat.<\/p>\n<p>Enhorabona!<\/p>\n<p><a href=\"https:\/\/agora.xtec.cat\/ins-intermunicipal\/wp-content\/uploads\/usu2220\/2025\/06\/Imagen-de-WhatsApp-2025-06-02-a-las-13.14.05_b6fdad05.jpg\"><img loading=\"lazy\" decoding=\"async\" class=\"alignnone size-large wp-image-4842\" src=\"https:\/\/agora.xtec.cat\/ins-intermunicipal\/wp-content\/uploads\/usu2220\/2025\/06\/Imagen-de-WhatsApp-2025-06-02-a-las-13.14.05_b6fdad05-1024x771.jpg\" alt=\"\" width=\"1024\" height=\"771\" srcset=\"https:\/\/agora.xtec.cat\/ins-intermunicipal\/wp-content\/uploads\/usu2220\/2025\/06\/Imagen-de-WhatsApp-2025-06-02-a-las-13.14.05_b6fdad05-1024x771.jpg 1024w, https:\/\/agora.xtec.cat\/ins-intermunicipal\/wp-content\/uploads\/usu2220\/2025\/06\/Imagen-de-WhatsApp-2025-06-02-a-las-13.14.05_b6fdad05-300x226.jpg 300w, https:\/\/agora.xtec.cat\/ins-intermunicipal\/wp-content\/uploads\/usu2220\/2025\/06\/Imagen-de-WhatsApp-2025-06-02-a-las-13.14.05_b6fdad05-768x578.jpg 768w, https:\/\/agora.xtec.cat\/ins-intermunicipal\/wp-content\/uploads\/usu2220\/2025\/06\/Imagen-de-WhatsApp-2025-06-02-a-las-13.14.05_b6fdad05-1536x1156.jpg 1536w, https:\/\/agora.xtec.cat\/ins-intermunicipal\/wp-content\/uploads\/usu2220\/2025\/06\/Imagen-de-WhatsApp-2025-06-02-a-las-13.14.05_b6fdad05-200x150.jpg 200w, https:\/\/agora.xtec.cat\/ins-intermunicipal\/wp-content\/uploads\/usu2220\/2025\/06\/Imagen-de-WhatsApp-2025-06-02-a-las-13.14.05_b6fdad05.jpg 1600w\" sizes=\"auto, (max-width: 1024px) 100vw, 1024px\" \/><\/a><\/p>\n","protected":false},"excerpt":{"rendered":"<p>L&#8217;alumne del CFGM de Farm\u00e0cia i Parafarm\u00e0cia Gerard Farr\u00e9 Jim\u00e9nez, del nostre institut, va assolir dijous passat el tercer lloc de les proves CatSkills del grup de farm\u00e0cia celebrades a l&#8217;IES Baix Camp a Reus. Les proves Catskills s\u00f3n considerades com les olimp\u00edades d&#8217;FP. El&hellip;  <a href=\"https:\/\/agora.xtec.cat\/ins-intermunicipal\/general\/gerard-farre-assoleix-el-tercer-lloc-a-les-catskill\/\" title=\"Read Gerard Farr\u00e9 assoleix el tercer lloc a les Catskills\">Llegeix m\u00e9s\u00bb<\/a><\/p>\n","protected":false},"author":8,"featured_media":4842,"comment_status":"closed","ping_status":"closed","sticky":false,"template":"","format":"standard","meta":{"_bbp_topic_count":0,"_bbp_reply_count":0,"_bbp_total_topic_count":0,"_bbp_total_reply_count":0,"_bbp_voice_count":0,"_bbp_anonymous_reply_count":0,"_bbp_topic_count_hidden":0,"_bbp_reply_count_hidden":0,"_bbp_forum_subforum_count":0,"footnotes":""},"categories":[30,1,29,733],"tags":[],"class_list":["post-4841","post","type-post","status-publish","format-standard","has-post-thumbnail","hentry","category-formacio-professional","category-general","category-portada","category-premis"],"post_mailing_queue_ids":[],"_links":{"self":[{"href":"https:\/\/agora.xtec.cat\/ins-intermunicipal\/wp-json\/wp\/v2\/posts\/4841","targetHints":{"allow":["GET"]}}],"collection":[{"href":"https:\/\/agora.xtec.cat\/ins-intermunicipal\/wp-json\/wp\/v2\/posts"}],"about":[{"href":"https:\/\/agora.xtec.cat\/ins-intermunicipal\/wp-json\/wp\/v2\/types\/post"}],"author":[{"embeddable":true,"href":"https:\/\/agora.xtec.cat\/ins-intermunicipal\/wp-json\/wp\/v2\/users\/8"}],"replies":[{"embeddable":true,"href":"https:\/\/agora.xtec.cat\/ins-intermunicipal\/wp-json\/wp\/v2\/comments?post=4841"}],"version-history":[{"count":5,"href":"https:\/\/agora.xtec.cat\/ins-intermunicipal\/wp-json\/wp\/v2\/posts\/4841\/revisions"}],"predecessor-version":[{"id":4847,"href":"https:\/\/agora.xtec.cat\/ins-intermunicipal\/wp-json\/wp\/v2\/posts\/4841\/revisions\/4847"}],"wp:featuredmedia":[{"embeddable":true,"href":"https:\/\/agora.xtec.cat\/ins-intermunicipal\/wp-json\/wp\/v2\/media\/4842"}],"wp:attachment":[{"href":"https:\/\/agora.xtec.cat\/ins-intermunicipal\/wp-json\/wp\/v2\/media?parent=4841"}],"wp:term":[{"taxonomy":"category","embeddable":true,"href":"https:\/\/agora.xtec.cat\/ins-intermunicipal\/wp-json\/wp\/v2\/categories?post=4841"},{"taxonomy":"post_tag","embeddable":true,"href":"https:\/\/agora.xtec.cat\/ins-intermunicipal\/wp-json\/wp\/v2\/tags?post=4841"}],"curies":[{"name":"wp","href":"https:\/\/api.w.org\/{rel}","templated":true}]}}