{"id":4827,"date":"2025-05-29T11:28:36","date_gmt":"2025-05-29T09:28:36","guid":{"rendered":"https:\/\/agora.xtec.cat\/ins-intermunicipal\/?p=4827"},"modified":"2025-05-29T11:28:36","modified_gmt":"2025-05-29T09:28:36","slug":"lasier-parraga-i-librahim-boukmama-a-les-olimpiades-de-dibuix-tecnic","status":"publish","type":"post","link":"https:\/\/agora.xtec.cat\/ins-intermunicipal\/general\/lasier-parraga-i-librahim-boukmama-a-les-olimpiades-de-dibuix-tecnic\/","title":{"rendered":"L&#8217;Asier P\u00e1rraga i l&#8217;Ibrahim Boukmama a les Olimp\u00edades de Dibuix T\u00e8cnic"},"content":{"rendered":"<p style=\"font-weight: 400; text-align: justify;\"><a href=\"https:\/\/agora.xtec.cat\/ins-intermunicipal\/wp-content\/uploads\/usu2220\/2025\/05\/CARTELL_DT_2025-II-Olimpiada-de-Dibuix-Tecnic-de-Catalunya-1-1448x2048-1.png\"><img loading=\"lazy\" decoding=\"async\" class=\"wp-image-4829 size-medium alignleft\" src=\"https:\/\/agora.xtec.cat\/ins-intermunicipal\/wp-content\/uploads\/usu2220\/2025\/05\/CARTELL_DT_2025-II-Olimpiada-de-Dibuix-Tecnic-de-Catalunya-1-1448x2048-1-212x300.png\" alt=\"\" width=\"212\" height=\"300\" srcset=\"https:\/\/agora.xtec.cat\/ins-intermunicipal\/wp-content\/uploads\/usu2220\/2025\/05\/CARTELL_DT_2025-II-Olimpiada-de-Dibuix-Tecnic-de-Catalunya-1-1448x2048-1-212x300.png 212w, https:\/\/agora.xtec.cat\/ins-intermunicipal\/wp-content\/uploads\/usu2220\/2025\/05\/CARTELL_DT_2025-II-Olimpiada-de-Dibuix-Tecnic-de-Catalunya-1-1448x2048-1-724x1024.png 724w, https:\/\/agora.xtec.cat\/ins-intermunicipal\/wp-content\/uploads\/usu2220\/2025\/05\/CARTELL_DT_2025-II-Olimpiada-de-Dibuix-Tecnic-de-Catalunya-1-1448x2048-1-768x1086.png 768w, https:\/\/agora.xtec.cat\/ins-intermunicipal\/wp-content\/uploads\/usu2220\/2025\/05\/CARTELL_DT_2025-II-Olimpiada-de-Dibuix-Tecnic-de-Catalunya-1-1448x2048-1.png 900w\" sizes=\"auto, (max-width: 212px) 100vw, 212px\" \/><\/a>L\u2019Asier P\u00e1<a href=\"https:\/\/agora.xtec.cat\/ins-intermunicipal\/wp-content\/uploads\/usu2220\/2025\/05\/WhatsApp-Image-2025-05-26-at-12.33.02.jpeg\"><img loading=\"lazy\" decoding=\"async\" class=\"wp-image-4828 size-medium alignleft\" src=\"https:\/\/agora.xtec.cat\/ins-intermunicipal\/wp-content\/uploads\/usu2220\/2025\/05\/WhatsApp-Image-2025-05-26-at-12.33.02-248x300.jpeg\" alt=\"\" width=\"248\" height=\"300\" srcset=\"https:\/\/agora.xtec.cat\/ins-intermunicipal\/wp-content\/uploads\/usu2220\/2025\/05\/WhatsApp-Image-2025-05-26-at-12.33.02-248x300.jpeg 248w, https:\/\/agora.xtec.cat\/ins-intermunicipal\/wp-content\/uploads\/usu2220\/2025\/05\/WhatsApp-Image-2025-05-26-at-12.33.02.jpeg 720w\" sizes=\"auto, (max-width: 248px) 100vw, 248px\" \/><\/a>rraga i l\u2019Ibrahim Boukmana, alumnes de 2n de Batxillerat del nostre institut, van participar el passat dissabte 24 de maig a la segona edici\u00f3 de les Olimp\u00edades de Dibuix T\u00e8cnic de Catalunya que es va fer a la Facultat de Belles Arts de la Universitat de Barcelona.<\/p>\n<p style=\"text-align: justify;\">A la p\u00e0gina de les <a href=\"http:\/\/www.olimpiadesdibuix.cat\/olimpiada-2025\/\" target=\"_blank\" rel=\"noopener\">Olimp\u00edades de dibuix<\/a> podeu obtenir la informaci\u00f3 que us calgui sobre aquest activitat.<\/p>\n","protected":false},"excerpt":{"rendered":"<p><a href=\"https:\/\/agora.xtec.cat\/ins-intermunicipal\/wp-content\/uploads\/usu2220\/2025\/05\/CARTELL_DT_2025-II-Olimpiada-de-Dibuix-Tecnic-de-Catalunya-1-1448x2048-1.png\"><\/a>L\u2019Asier P\u00e1<a href=\"https:\/\/agora.xtec.cat\/ins-intermunicipal\/wp-content\/uploads\/usu2220\/2025\/05\/WhatsApp-Image-2025-05-26-at-12.33.02.jpeg\"><\/a>rraga i l\u2019Ibrahim Boukmana, alumnes de 2n de Batxillerat del nostre institut, van participar el passat dissabte 24 de maig a la segona edici\u00f3 de les Olimp\u00edades de Dibuix T\u00e8cnic de Catalunya que es va fer a la Facultat de Belles Arts&hellip;  <a href=\"https:\/\/agora.xtec.cat\/ins-intermunicipal\/general\/lasier-parraga-i-librahim-boukmama-a-les-olimpiades-de-dibuix-tecnic\/\" title=\"Read L&#8217;Asier P\u00e1rraga i l&#8217;Ibrahim Boukmama a les Olimp\u00edades de Dibuix T\u00e8cnic\">Llegeix m\u00e9s\u00bb<\/a><\/p>\n","protected":false},"author":7,"featured_media":4828,"comment_status":"closed","ping_status":"closed","sticky":false,"template":"","format":"standard","meta":{"_bbp_topic_count":0,"_bbp_reply_count":0,"_bbp_total_topic_count":0,"_bbp_total_reply_count":0,"_bbp_voice_count":0,"_bbp_anonymous_reply_count":0,"_bbp_topic_count_hidden":0,"_bbp_reply_count_hidden":0,"_bbp_forum_subforum_count":0,"footnotes":""},"categories":[107,8,1,29],"tags":[727,294,728,729],"class_list":["post-4827","post","type-post","status-publish","format-standard","has-post-thumbnail","hentry","category-bat2","category-bat","category-general","category-portada","tag-asier-parraga","tag-dibuix-tecnic","tag-ibrahim-bouhmama","tag-ii-olimpiada-de-dibuix-tecnic"],"post_mailing_queue_ids":[],"_links":{"self":[{"href":"https:\/\/agora.xtec.cat\/ins-intermunicipal\/wp-json\/wp\/v2\/posts\/4827","targetHints":{"allow":["GET"]}}],"collection":[{"href":"https:\/\/agora.xtec.cat\/ins-intermunicipal\/wp-json\/wp\/v2\/posts"}],"about":[{"href":"https:\/\/agora.xtec.cat\/ins-intermunicipal\/wp-json\/wp\/v2\/types\/post"}],"author":[{"embeddable":true,"href":"https:\/\/agora.xtec.cat\/ins-intermunicipal\/wp-json\/wp\/v2\/users\/7"}],"replies":[{"embeddable":true,"href":"https:\/\/agora.xtec.cat\/ins-intermunicipal\/wp-json\/wp\/v2\/comments?post=4827"}],"version-history":[{"count":3,"href":"https:\/\/agora.xtec.cat\/ins-intermunicipal\/wp-json\/wp\/v2\/posts\/4827\/revisions"}],"predecessor-version":[{"id":4832,"href":"https:\/\/agora.xtec.cat\/ins-intermunicipal\/wp-json\/wp\/v2\/posts\/4827\/revisions\/4832"}],"wp:featuredmedia":[{"embeddable":true,"href":"https:\/\/agora.xtec.cat\/ins-intermunicipal\/wp-json\/wp\/v2\/media\/4828"}],"wp:attachment":[{"href":"https:\/\/agora.xtec.cat\/ins-intermunicipal\/wp-json\/wp\/v2\/media?parent=4827"}],"wp:term":[{"taxonomy":"category","embeddable":true,"href":"https:\/\/agora.xtec.cat\/ins-intermunicipal\/wp-json\/wp\/v2\/categories?post=4827"},{"taxonomy":"post_tag","embeddable":true,"href":"https:\/\/agora.xtec.cat\/ins-intermunicipal\/wp-json\/wp\/v2\/tags?post=4827"}],"curies":[{"name":"wp","href":"https:\/\/api.w.org\/{rel}","templated":true}]}}