{"id":4813,"date":"2025-05-24T11:29:57","date_gmt":"2025-05-24T09:29:57","guid":{"rendered":"https:\/\/agora.xtec.cat\/ins-intermunicipal\/?p=4813"},"modified":"2025-05-24T11:29:57","modified_gmt":"2025-05-24T09:29:57","slug":"sortida-etnobotanica-per-sant-sadurni-danoia","status":"publish","type":"post","link":"https:\/\/agora.xtec.cat\/ins-intermunicipal\/general\/sortida-etnobotanica-per-sant-sadurni-danoia\/","title":{"rendered":"Sortida etnobot\u00e0nica per Sant Sadurn\u00ed d&#8217;Anoia"},"content":{"rendered":"<p>L&#8217;alumnat del CFGM de Farm\u00e0cia i Parafarm\u00e0cia i del PFI del nostre institut va fer fa el passat 13 de maig una sortida etnobot\u00e0nica pels voltants del <a href=\"https:\/\/santsadurni.cat\/pagina.php?id=7615\">Llac Can Codorniu<\/a>. L&#8217;alumnat havia d&#8217;identificar 8 plantes d&#8217;\u00fas medicinal i buscar informaci\u00f3 sobre les propietats que tenen. Va ser una manera de fer una activitat de tancament de curs, caminar plegats en un ambient natural proper i treballar continguts tant del cicle com del PFI.<\/p>\n<p><a href=\"https:\/\/agora.xtec.cat\/ins-intermunicipal\/wp-content\/uploads\/usu2220\/2025\/05\/WhatsApp-Image-2025-05-22-at-12.11.33-1.jpeg\"><img loading=\"lazy\" decoding=\"async\" class=\"alignnone size-large wp-image-4812\" src=\"https:\/\/agora.xtec.cat\/ins-intermunicipal\/wp-content\/uploads\/usu2220\/2025\/05\/WhatsApp-Image-2025-05-22-at-12.11.33-1-1024x461.jpeg\" alt=\"\" width=\"1024\" height=\"461\" srcset=\"https:\/\/agora.xtec.cat\/ins-intermunicipal\/wp-content\/uploads\/usu2220\/2025\/05\/WhatsApp-Image-2025-05-22-at-12.11.33-1-1024x461.jpeg 1024w, https:\/\/agora.xtec.cat\/ins-intermunicipal\/wp-content\/uploads\/usu2220\/2025\/05\/WhatsApp-Image-2025-05-22-at-12.11.33-1-300x135.jpeg 300w, https:\/\/agora.xtec.cat\/ins-intermunicipal\/wp-content\/uploads\/usu2220\/2025\/05\/WhatsApp-Image-2025-05-22-at-12.11.33-1-768x346.jpeg 768w, https:\/\/agora.xtec.cat\/ins-intermunicipal\/wp-content\/uploads\/usu2220\/2025\/05\/WhatsApp-Image-2025-05-22-at-12.11.33-1-1536x691.jpeg 1536w, https:\/\/agora.xtec.cat\/ins-intermunicipal\/wp-content\/uploads\/usu2220\/2025\/05\/WhatsApp-Image-2025-05-22-at-12.11.33-1.jpeg 2000w\" sizes=\"auto, (max-width: 1024px) 100vw, 1024px\" \/><\/a> \u00a0<a href=\"https:\/\/agora.xtec.cat\/ins-intermunicipal\/wp-content\/uploads\/usu2220\/2025\/05\/WhatsApp-Image-2025-05-22-at-12.11.32-2.jpeg\"><img loading=\"lazy\" decoding=\"async\" class=\"alignnone size-large wp-image-4810\" src=\"https:\/\/agora.xtec.cat\/ins-intermunicipal\/wp-content\/uploads\/usu2220\/2025\/05\/WhatsApp-Image-2025-05-22-at-12.11.32-2-1024x461.jpeg\" alt=\"\" width=\"1024\" height=\"461\" srcset=\"https:\/\/agora.xtec.cat\/ins-intermunicipal\/wp-content\/uploads\/usu2220\/2025\/05\/WhatsApp-Image-2025-05-22-at-12.11.32-2-1024x461.jpeg 1024w, https:\/\/agora.xtec.cat\/ins-intermunicipal\/wp-content\/uploads\/usu2220\/2025\/05\/WhatsApp-Image-2025-05-22-at-12.11.32-2-300x135.jpeg 300w, https:\/\/agora.xtec.cat\/ins-intermunicipal\/wp-content\/uploads\/usu2220\/2025\/05\/WhatsApp-Image-2025-05-22-at-12.11.32-2-768x346.jpeg 768w, https:\/\/agora.xtec.cat\/ins-intermunicipal\/wp-content\/uploads\/usu2220\/2025\/05\/WhatsApp-Image-2025-05-22-at-12.11.32-2-1536x691.jpeg 1536w, https:\/\/agora.xtec.cat\/ins-intermunicipal\/wp-content\/uploads\/usu2220\/2025\/05\/WhatsApp-Image-2025-05-22-at-12.11.32-2.jpeg 2000w\" sizes=\"auto, (max-width: 1024px) 100vw, 1024px\" \/><\/a><\/p>\n","protected":false},"excerpt":{"rendered":"<p>L&#8217;alumnat del CFGM de Farm\u00e0cia i Parafarm\u00e0cia i del PFI del nostre institut va fer fa el passat 13 de maig una sortida etnobot\u00e0nica pels voltants del <a href=\"https:\/\/santsadurni.cat\/pagina.php?id=7615\">Llac Can Codorniu<\/a>. L&#8217;alumnat havia d&#8217;identificar 8 plantes d&#8217;\u00fas medicinal i buscar informaci\u00f3 sobre les propietats que&hellip;  <a href=\"https:\/\/agora.xtec.cat\/ins-intermunicipal\/general\/sortida-etnobotanica-per-sant-sadurni-danoia\/\" title=\"Read Sortida etnobot\u00e0nica per Sant Sadurn\u00ed d&#8217;Anoia\">Llegeix m\u00e9s\u00bb<\/a><\/p>\n","protected":false},"author":8,"featured_media":4811,"comment_status":"closed","ping_status":"closed","sticky":false,"template":"","format":"standard","meta":{"_bbp_topic_count":0,"_bbp_reply_count":0,"_bbp_total_topic_count":0,"_bbp_total_reply_count":0,"_bbp_voice_count":0,"_bbp_anonymous_reply_count":0,"_bbp_topic_count_hidden":0,"_bbp_reply_count_hidden":0,"_bbp_forum_subforum_count":0,"footnotes":""},"categories":[30,1,29],"tags":[],"class_list":["post-4813","post","type-post","status-publish","format-standard","has-post-thumbnail","hentry","category-formacio-professional","category-general","category-portada"],"post_mailing_queue_ids":[],"_links":{"self":[{"href":"https:\/\/agora.xtec.cat\/ins-intermunicipal\/wp-json\/wp\/v2\/posts\/4813","targetHints":{"allow":["GET"]}}],"collection":[{"href":"https:\/\/agora.xtec.cat\/ins-intermunicipal\/wp-json\/wp\/v2\/posts"}],"about":[{"href":"https:\/\/agora.xtec.cat\/ins-intermunicipal\/wp-json\/wp\/v2\/types\/post"}],"author":[{"embeddable":true,"href":"https:\/\/agora.xtec.cat\/ins-intermunicipal\/wp-json\/wp\/v2\/users\/8"}],"replies":[{"embeddable":true,"href":"https:\/\/agora.xtec.cat\/ins-intermunicipal\/wp-json\/wp\/v2\/comments?post=4813"}],"version-history":[{"count":1,"href":"https:\/\/agora.xtec.cat\/ins-intermunicipal\/wp-json\/wp\/v2\/posts\/4813\/revisions"}],"predecessor-version":[{"id":4814,"href":"https:\/\/agora.xtec.cat\/ins-intermunicipal\/wp-json\/wp\/v2\/posts\/4813\/revisions\/4814"}],"wp:featuredmedia":[{"embeddable":true,"href":"https:\/\/agora.xtec.cat\/ins-intermunicipal\/wp-json\/wp\/v2\/media\/4811"}],"wp:attachment":[{"href":"https:\/\/agora.xtec.cat\/ins-intermunicipal\/wp-json\/wp\/v2\/media?parent=4813"}],"wp:term":[{"taxonomy":"category","embeddable":true,"href":"https:\/\/agora.xtec.cat\/ins-intermunicipal\/wp-json\/wp\/v2\/categories?post=4813"},{"taxonomy":"post_tag","embeddable":true,"href":"https:\/\/agora.xtec.cat\/ins-intermunicipal\/wp-json\/wp\/v2\/tags?post=4813"}],"curies":[{"name":"wp","href":"https:\/\/api.w.org\/{rel}","templated":true}]}}